{"id":112850,"date":"2022-04-24T12:34:10","date_gmt":"2022-04-24T15:34:10","guid":{"rendered":"https:\/\/grandepremio.com\/br\/noticias\/band-alcanca-vice-lideranca-audiencia-emilia-romanha-formula-1\/"},"modified":"2022-04-24T13:39:24","modified_gmt":"2022-04-24T16:39:24","slug":"band-alcanca-vice-lideranca-audiencia-emilia-romanha-formula-1","status":"publish","type":"post","link":"https:\/\/grandepremio.com\/br\/f1\/band-alcanca-vice-lideranca-audiencia-emilia-romanha-formula-1\/","title":{"rendered":"Band alcan\u00e7a vice-lideran\u00e7a com audi\u00eancia do GP da Em\u00edlia-Romanha de F\u00f3rmula 1"},"content":{"rendered":"\n<figure class=\"wp-block-embed is-type-video is-provider-youtube wp-block-embed-youtube wp-embed-aspect-16-9 wp-has-aspect-ratio\"><div class=\"wp-block-embed__wrapper\">\n<iframe loading=\"lazy\" title=\"F\u00d3RMULA 1 2022: VERSTAPPEN VENCE GP DA EM\u00cdLIA-ROMANHA DE F1 | Briefing\" width=\"500\" height=\"281\" src=\"https:\/\/www.youtube.com\/embed\/_84OJbqvtv4?feature=oembed\" frameborder=\"0\" allow=\"accelerometer; autoplay; clipboard-write; encrypted-media; gyroscope; picture-in-picture; web-share\" referrerpolicy=\"strict-origin-when-cross-origin\" allowfullscreen><\/iframe>\n<\/div><figcaption>F\u00d3RMULA 1 2022: TUDO SOBRE A CORRIDA DA F1 EM \u00cdMOLA | BRIEFING<\/figcaption><\/figure>\n\n\n\n<p class=\"wp-block-paragraph\">O <strong><a href=\"https:\/\/www.grandepremio.com\/br\/f1\/noticias\/max-verstappen-domina-vence-emilia-romanha-dobradinha-red-bull-charles-leclerc-erra-6\/\" class=\"ek-link\">GP da Em\u00edlia-Romanha<\/a><\/strong> de F\u00f3rmula 1 representou sucesso para a Band na manh\u00e3 deste domingo (24). A corrida, primeira disputada no hor\u00e1rio da manh\u00e3 nesta temporada &#8211; duas foram \u00e0 tarde e uma durante a madrugada &#8211; colocou a emissora paulista na vice-lideran\u00e7a de audi\u00eancia durante longo per\u00edodo.<\/p>\n\n\n\n<p class=\"wp-block-paragraph\"><strong>\u25b6\ufe0f Inscreva-se nos dois canais do GRANDE PR\u00caMIO no YouTube:\u00a0<a href=\"https:\/\/www.youtube.com\/channel\/UC9OlHEgxoaY6QY6nWPoiqQg?sub_confirmation=1\">GP<\/a>\u00a0|\u00a0<a href=\"https:\/\/www.youtube.com\/channel\/UC9csiS6q_C3C0FYhyr1rnFA?sub_confirmation=1\">GP2<\/a><\/strong><\/p>\n\n\n\n<p class=\"wp-block-paragraph\">As informa\u00e7\u00f5es s\u00e3o do site <strong><a href=\"https:\/\/teleguiado.com\/\" class=\"ek-link\">Teleguiado<\/a><\/strong>, parceiro do <strong>GRANDE PR\u00caMIO<\/strong>. Foram 40 minutos em que a corrida no Aut\u00f3dromo Enzo e Dino Ferrari deixaram a Band no segundo lugar, atr\u00e1s somente da Globo, de acordo com a medi\u00e7\u00e3o preliminar da Kantar.<\/p>\n\n\n\n<p class=\"wp-block-paragraph\">Na m\u00e9dia geral da transmiss\u00e3o da corrida, realizada pontualmente entre as 10h03 e as 11h36 [hor\u00e1rio de Bras\u00edlia, GMT-3], a Band teve m\u00e9dia de 3,4 pontos e picos de 3,8. Nestes termos, de m\u00e9dia, o SBT foi levemente superior: teve 3,5 com uma programa\u00e7\u00e3o que foi das atra\u00e7\u00f5es de variedades &#8216;Not\u00edcias Impressionantes&#8217; e &#8216;Domingo Legal&#8217;. A Globo, com o jornal\u00edstico &#8216;Esporte Espetacular&#8217;, ficou com 6,8 pontos.<\/p>\n\n\n\n<figure class=\"wp-block-image size-large\"><img decoding=\"async\" src=\"https:\/\/www.grandepremio.com\/br\/wp-content\/uploads\/2022\/04\/000_328V6JG-1024x682.jpg\" alt=\"\" class=\"wp-image-561971\"\/><figcaption>Max Verstappen venceu o GP da Em\u00edlia-Romanha (Foto: Guglielmo Mangiapane\/AFP)<\/figcaption><\/figure>\n\n\n\n<figure class=\"wp-block-embed is-type-rich is-provider-spotify wp-block-embed-spotify wp-embed-aspect-21-9 wp-has-aspect-ratio\"><div class=\"wp-block-embed__wrapper\">\n<iframe title=\"Spotify Embed: Paddockast #144: Os pilotos que mais precisam crescer na fase europeia da F1 2022\" style=\"border-radius: 12px\" width=\"100%\" height=\"152\" frameborder=\"0\" allowfullscreen allow=\"autoplay; clipboard-write; encrypted-media; fullscreen; picture-in-picture\" loading=\"lazy\" src=\"https:\/\/open.spotify.com\/embed\/episode\/1rlAhp59KDQyBAfcx9reBK?utm_source=oembed\"><\/iframe>\n<\/div><figcaption>Paddockast #144: Os pilotos que mais precisam crescer na fase europeia da F1 2022<\/figcaption><\/figure>\n\n\n\n<p class=\"wp-block-paragraph\">Se contabilizados n\u00fameros de pr\u00e9-hora, iniciada \u00e0s 9h30, e da festa do p\u00f3dio, a m\u00e9dia da Band cai um pouco, para 3,2 pontos. No fim das contas, por\u00e9m, os n\u00fameros gerais foram melhores que os da Record, que manteve no ar faixa &#8216;Record Kids&#8217;, com o desenho &#8216;Pica-Pau&#8217; e a s\u00e9rie de humor &#8216;Todo Mundo Odeia o Chris&#8217;.<\/p>\n\n\n\n<p class=\"wp-block-paragraph\">A medi\u00e7\u00e3o \u00e9 realizada na Grande S\u00e3o Paulo, que puxa os n\u00fameros nacionais. Cada ponto de audi\u00eancia representa 74.666 domic\u00edlios na regi\u00e3o.<\/p>\n\n\n\n<p class=\"wp-block-paragraph\">A F\u00f3rmula 1 retorna em duas semanas, entre os dias 6 e 8 de maio, para a estreia do esperado GP de Miami.<\/p>\n\n\n\n<figure class=\"wp-block-embed is-type-video is-provider-youtube wp-block-embed-youtube wp-embed-aspect-16-9 wp-has-aspect-ratio\"><div class=\"wp-block-embed__wrapper\">\n<iframe loading=\"lazy\" title=\"SUSTENTABILIDADE PODE SER MOTIVO DE TRETA ENTRE F\u00d3RMULA 1 E F\u00d3RMULA E NO FUTURO?\" width=\"500\" height=\"281\" src=\"https:\/\/www.youtube.com\/embed\/sIXTNsgcVcI?feature=oembed\" frameborder=\"0\" allow=\"accelerometer; autoplay; clipboard-write; encrypted-media; gyroscope; picture-in-picture; web-share\" referrerpolicy=\"strict-origin-when-cross-origin\" allowfullscreen><\/iframe>\n<\/div><figcaption>SUSTENTABILIDADE PODE SER MOTIVO DE TRETA ENTRE F\u00d3RMULA 1 E F\u00d3RMULA E NO FUTURO?<\/figcaption><\/figure>\n","protected":false},"excerpt":{"rendered":"<p>A Band passou 40 minutos no segundo lugar de audi\u00eancia da TV brasileira com a corrida realizada em \u00cdmola<\/p>\n","protected":false},"author":0,"featured_media":1000561966,"comment_status":"closed","ping_status":"closed","sticky":false,"template":"","format":"standard","meta":{"42wp_featured_image_caption":"","42wp_featured_image_credits":"","42wp_featured_video":"","42wp_featured_image_hidden":false,"42wp_authors_list":[],"footnotes":""},"categories":[2],"tags":[25570,1357,31064,25606,24836,28285,5386,25070],"42wp_author":[47120],"class_list":["post-112850","post","type-post","status-publish","format-standard","has-post-thumbnail","hentry","category-f1","tag-audiencia","tag-f1-2022","tag-formula-1-2022-3","tag-gp-da-emilia-romanha","tag-grande-premio-2","tag-grandepremio","tag-imola","tag-italia-2","42wp_author-pedro-henrique-marum"],"_links":{"self":[{"href":"https:\/\/grandepremio.com\/br\/wp-json\/wp\/v2\/posts\/112850","targetHints":{"allow":["GET"]}}],"collection":[{"href":"https:\/\/grandepremio.com\/br\/wp-json\/wp\/v2\/posts"}],"about":[{"href":"https:\/\/grandepremio.com\/br\/wp-json\/wp\/v2\/types\/post"}],"replies":[{"embeddable":true,"href":"https:\/\/grandepremio.com\/br\/wp-json\/wp\/v2\/comments?post=112850"}],"version-history":[{"count":0,"href":"https:\/\/grandepremio.com\/br\/wp-json\/wp\/v2\/posts\/112850\/revisions"}],"wp:featuredmedia":[{"embeddable":true,"href":"https:\/\/grandepremio.com\/br\/wp-json\/wp\/v2\/media\/1000561966"}],"wp:attachment":[{"href":"https:\/\/grandepremio.com\/br\/wp-json\/wp\/v2\/media?parent=112850"}],"wp:term":[{"taxonomy":"category","embeddable":true,"href":"https:\/\/grandepremio.com\/br\/wp-json\/wp\/v2\/categories?post=112850"},{"taxonomy":"post_tag","embeddable":true,"href":"https:\/\/grandepremio.com\/br\/wp-json\/wp\/v2\/tags?post=112850"},{"taxonomy":"42wp_author","embeddable":true,"href":"https:\/\/grandepremio.com\/br\/wp-json\/wp\/v2\/42wp_author?post=112850"}],"curies":[{"name":"wp","href":"https:\/\/api.w.org\/{rel}","templated":true}]}}