{"id":112855,"date":"2022-04-24T12:14:17","date_gmt":"2022-04-24T15:14:17","guid":{"rendered":"https:\/\/grandepremio.com\/br\/noticias\/sergio-perez-demonstra-alivio-1-2-red-bull-imola-tivemos-muito-azar\/"},"modified":"2022-04-24T13:07:15","modified_gmt":"2022-04-24T16:07:15","slug":"sergio-perez-demonstra-alivio-1-2-red-bull-imola-tivemos-muito-azar","status":"publish","type":"post","link":"https:\/\/grandepremio.com\/br\/f1\/sergio-perez-demonstra-alivio-1-2-red-bull-imola-tivemos-muito-azar\/","title":{"rendered":"P\u00e9rez demonstra al\u00edvio com 1-2 da Red Bull em \u00cdmola: &#8220;J\u00e1 tivemos muito azar&#8221;"},"content":{"rendered":"\n<figure class=\"wp-block-embed is-type-video is-provider-youtube wp-block-embed-youtube wp-embed-aspect-16-9 wp-has-aspect-ratio\"><div class=\"wp-block-embed__wrapper\">\n<iframe loading=\"lazy\" title=\"F\u00d3RMULA 1 2022: VERSTAPPEN VENCE GP DA EM\u00cdLIA-ROMANHA DE F1 | Briefing\" width=\"500\" height=\"281\" src=\"https:\/\/www.youtube.com\/embed\/_84OJbqvtv4?feature=oembed\" frameborder=\"0\" allow=\"accelerometer; autoplay; clipboard-write; encrypted-media; gyroscope; picture-in-picture; web-share\" referrerpolicy=\"strict-origin-when-cross-origin\" allowfullscreen><\/iframe>\n<\/div><figcaption>F\u00d3RMULA 1 2022 AO VIVO: GP DA EM\u00cdLIA-ROMANHA DE F1 | Briefing<\/figcaption><\/figure>\n\n\n\n<p class=\"wp-block-paragraph\">S\u00e9rgio P\u00e9rez completou um \u00f3timo resultado para a Red Bull no GP da Em\u00edlia-Romanha,<a href=\"https:\/\/www.grandepremio.com\/br\/f1\/noticias\/max-verstappen-domina-vence-emilia-romanha-dobradinha-red-bull-charles-leclerc-erra-6\/\" target=\"_blank\" aria-label=\" disputado neste domingo (24) em \u00cdmola (opens in a new tab)\" rel=\"noreferrer noopener\" class=\"ek-link\"> disputado neste domingo (24) em \u00cdmola<\/a>, ao conseguir a segunda coloca\u00e7\u00e3o e completar a dobradinha da equipe austr\u00edaca no Aut\u00f3dromo Enzo e Dino Ferrari. Largando na terceira coloca\u00e7\u00e3o, o mexicano n\u00e3o deu chances a Charles Leclerc e tomou a segunda posi\u00e7\u00e3o logo no in\u00edcio. O monegasco tentou dar o troco na janela de paradas, mas o #11 levou a melhor.<\/p>\n\n\n\n<p class=\"wp-block-paragraph\">&#8220;Foi uma briga muito intensa, principalmente na primeira parte da corrida&#8221;, disse P\u00e9rez. &#8220;Est\u00e1vamos lutando e estava tudo sob controle, e ent\u00e3o eles [Charles Leclerc] come\u00e7aram a se aproximar na parada, e depois de novo [foi] uma luta para aquecer esses pneus&#8221;, explicou &#8216;Checo&#8217;.<\/p>\n\n\n\n<p class=\"wp-block-paragraph\">Leclerc at\u00e9 conseguiu tomar a posi\u00e7\u00e3o com a parada de P\u00e9rez, mas o piloto da Red Bull retomou a segunda coloca\u00e7\u00e3o logo no giro seguinte, quando Charles tamb\u00e9m parou e n\u00e3o conseguiu acompanhar o ritmo do mexicano enquanto ainda aquecia os pneus. &#8216;Checo&#8217; ressaltou a import\u00e2ncia de conseguir completar a corrida sem cometer erros, principalmente em uma disputa afetada pela chuva.<\/p>\n\n\n\n<p class=\"wp-block-paragraph\"><strong>\u25b6\ufe0f&nbsp;<a href=\"https:\/\/www.twitch.tv\/grandepremio\" target=\"_blank\" rel=\"noreferrer noopener\">Conhe\u00e7a o canal do GRANDE PR\u00caMIO na Twitch clicando aqui!<\/a><\/strong><\/p>\n\n\n\n<figure class=\"wp-block-image size-large\"><img decoding=\"async\" src=\"https:\/\/www.grandepremio.com\/br\/wp-content\/uploads\/2022\/04\/redbull-sergioperez-01-8-1024x674.jpg\" alt=\"\" class=\"wp-image-561903\"\/><figcaption>Sergio P\u00e9rez completou primeira dobradinha da Red Bull em 2022 (Foto: Red Bull Content Pool)<\/figcaption><\/figure>\n\n\n\n<p class=\"wp-block-paragraph\">&#8220;O mais importante hoje foi n\u00e3o cometer erros, \u00e9 muito dif\u00edcil nessas condi\u00e7\u00f5es&#8221;, reconheceu o mexicano. &#8220;Foi muito complicado hoje, e conseguir uma dobradinha \u00e9 um \u00f3timo resultado para a equipe, especialmente em condi\u00e7\u00f5es como essas&#8221;, celebrou.<\/p>\n\n\n\n<p class=\"wp-block-paragraph\">Por fim, P\u00e9rez demonstrou al\u00edvio com o 1-2 da Red Bull em \u00cdmola \u2014 em uma temporada que tem sido marcada por abandonos da equipe at\u00e9 aqui. O piloto celebrou o momento da equipe ap\u00f3s o pesadelo vivido por Verstappen no GP da Austr\u00e1lia e parabenizou o companheiro de equipe pela vit\u00f3ria.<\/p>\n\n\n\n<p class=\"wp-block-paragraph\">&#8220;Tivemos muito azar no in\u00edcio da temporada, tem sido muito dif\u00edcil, ent\u00e3o fico feliz de ver meu time sorrindo&#8221;, comemorou. &#8220;Hoje foi um grande dia para a equipe, mas precisamos trabalhar, temos algumas coisas que precisamos acertar. Mas estou feliz que Max [Verstappen] tenha conseguido hoje&#8221;, encerrou.<\/p>\n","protected":false},"excerpt":{"rendered":"<p>S\u00e9rgio P\u00e9rez terminou GP da Em\u00edlia-Romanha atr\u00e1s apenas de Max Verstappen para completar 1-2 da Red Bull e celebrou recupera\u00e7\u00e3o da equipe ap\u00f3s abandonos em Bahrein e Austr\u00e1lia<\/p>\n","protected":false},"author":0,"featured_media":1000561991,"comment_status":"closed","ping_status":"closed","sticky":false,"template":"","format":"standard","meta":{"42wp_featured_image_caption":"","42wp_featured_image_credits":"","42wp_featured_video":"","42wp_featured_image_hidden":false,"42wp_authors_list":[],"footnotes":""},"categories":[2],"tags":[147,156,1357,24837,25606,24836,28285,5386,203,30799,204,30309],"42wp_author":[47142],"class_list":["post-112855","post","type-post","status-publish","format-standard","has-post-thumbnail","hentry","category-f1","tag-f1","tag-f1-2021","tag-f1-2022","tag-formula-1-2","tag-gp-da-emilia-romanha","tag-grande-premio-2","tag-grandepremio","tag-imola","tag-max-verstappen","tag-rb18","tag-red-bull","tag-sergio-perez-4","42wp_author-jp-nascimento"],"_links":{"self":[{"href":"https:\/\/grandepremio.com\/br\/wp-json\/wp\/v2\/posts\/112855","targetHints":{"allow":["GET"]}}],"collection":[{"href":"https:\/\/grandepremio.com\/br\/wp-json\/wp\/v2\/posts"}],"about":[{"href":"https:\/\/grandepremio.com\/br\/wp-json\/wp\/v2\/types\/post"}],"replies":[{"embeddable":true,"href":"https:\/\/grandepremio.com\/br\/wp-json\/wp\/v2\/comments?post=112855"}],"version-history":[{"count":0,"href":"https:\/\/grandepremio.com\/br\/wp-json\/wp\/v2\/posts\/112855\/revisions"}],"wp:featuredmedia":[{"embeddable":true,"href":"https:\/\/grandepremio.com\/br\/wp-json\/wp\/v2\/media\/1000561991"}],"wp:attachment":[{"href":"https:\/\/grandepremio.com\/br\/wp-json\/wp\/v2\/media?parent=112855"}],"wp:term":[{"taxonomy":"category","embeddable":true,"href":"https:\/\/grandepremio.com\/br\/wp-json\/wp\/v2\/categories?post=112855"},{"taxonomy":"post_tag","embeddable":true,"href":"https:\/\/grandepremio.com\/br\/wp-json\/wp\/v2\/tags?post=112855"},{"taxonomy":"42wp_author","embeddable":true,"href":"https:\/\/grandepremio.com\/br\/wp-json\/wp\/v2\/42wp_author?post=112855"}],"curies":[{"name":"wp","href":"https:\/\/api.w.org\/{rel}","templated":true}]}}