{"id":112910,"date":"2022-04-23T06:57:52","date_gmt":"2022-04-23T09:57:52","guid":{"rendered":"https:\/\/grandepremio.com\/br\/noticias\/formula-1-realiza-corrida-sprint-gp-emilia-romanha-clima-mais-estavel\/"},"modified":"2022-04-23T10:13:29","modified_gmt":"2022-04-23T13:13:29","slug":"formula-1-realiza-corrida-sprint-gp-emilia-romanha-clima-mais-estavel","status":"publish","type":"post","link":"https:\/\/grandepremio.com\/br\/f1\/formula-1-realiza-corrida-sprint-gp-emilia-romanha-clima-mais-estavel\/","title":{"rendered":"F\u00f3rmula 1 realiza corrida sprint do GP da Em\u00edlia-Romanha em clima mais est\u00e1vel"},"content":{"rendered":"\n<figure class=\"wp-block-embed is-type-video is-provider-youtube wp-block-embed-youtube wp-embed-aspect-16-9 wp-has-aspect-ratio\"><div class=\"wp-block-embed__wrapper\">\n<iframe loading=\"lazy\" title=\"F\u00d3RMULA 1 2022: CLASSIFICA\u00c7\u00c3O DO GP DA EM\u00cdLIA-ROMANHA DE F1 | Briefing\" width=\"500\" height=\"281\" src=\"https:\/\/www.youtube.com\/embed\/SuqEm7SK_Tg?feature=oembed\" frameborder=\"0\" allow=\"accelerometer; autoplay; clipboard-write; encrypted-media; gyroscope; picture-in-picture; web-share\" referrerpolicy=\"strict-origin-when-cross-origin\" allowfullscreen><\/iframe>\n<\/div><figcaption>F\u00d3RMULA 1 2022: TUDO SOBRE A SEXTA-FEIRA DE CLASSIFICA\u00c7\u00c3O EM \u00cdMOLA | BRIEFING<\/figcaption><\/figure>\n\n\n\n<p class=\"wp-block-paragraph\">Diferente do que aconteceu na sexta-feira, o clima em \u00cdmola amanheceu bastante mais estabilizado na manh\u00e3 deste s\u00e1bado (23). Assim, a expectativa \u00e9 que as coisas estejam bem distantes da loucura da classifica\u00e7\u00e3o no momento em que os carros tomarem a pista para a primeira corrida sprint da temporada 2022.<\/p>\n\n\n\n<p class=\"wp-block-paragraph\"><strong>\u25b6\ufe0f&nbsp;Inscreva-se nos dois canais do GRANDE PR\u00caMIO no YouTube:&nbsp;<a href=\"https:\/\/www.youtube.com\/channel\/UC9OlHEgxoaY6QY6nWPoiqQg?sub_confirmation=1\" target=\"_blank\" rel=\"noreferrer noopener\">GP<\/a>&nbsp;|&nbsp;<a href=\"https:\/\/www.youtube.com\/channel\/UC9csiS6q_C3C0FYhyr1rnFA?sub_confirmation=1\" target=\"_blank\" rel=\"noreferrer noopener\">GP2<\/a><\/strong><br><strong><a href=\"https:\/\/www.grandepremio.com\/br\/programacao-tv\/noticias\/as-corridas-do-fim-de-semana-na-tv-e-no-streaming-22-a-24-de-abril\/\" class=\"ek-link\">As corridas do fim de semana na TV e no streaming: 22 a 24 de abril<\/a><\/strong><\/p>\n\n\n\n<p class=\"wp-block-paragraph\">A corrida de formato reduzido e que vai definir o grid final para a prova do domingo est\u00e1 marcada para largar \u00e0s 11h30 [hor\u00e1rio de Bras\u00edlia, 16h local]. Expectativa para o momento \u00e9 que a temperatura esteja em 20\u00b0C e sensa\u00e7\u00e3o t\u00e9rmica de 18\u00b0C &#8211; ambas tendem a subir at\u00e9 21\u00b0C ao longo da hora, sob um c\u00e9u em maior parte ensolarado, ainda que com muitas nuvens. Os ventos ficam em 11 km\/h de m\u00e9dia e rajadas de 19 km\/h.<\/p>\n\n\n\n<p class=\"wp-block-paragraph\">As informa\u00e7\u00f5es s\u00e3o todas do servi\u00e7o de meteorologia Accuweather. Apesar da chance de chuva estar em somente 2%, o servi\u00e7o coloca a regi\u00e3o em alerta amarela de ventos e chuva a partir das 14h locais. As chances de chuva crescem somente \u00e0 noite, com a expectativa de que chova l\u00e1 pelas 23h.<\/p>\n\n\n\n<p class=\"wp-block-paragraph\">Horas antes disso, \u00e0s 7h30 [12h locais], acontece o segundo treino livre do fim de semana da F\u00f3rmula 1. A chance de chuva est\u00e1 em 7%, mas a expectativa tamb\u00e9m \u00e9 de um c\u00e9u mais ensolarado que nublado. A temperatura esperada est\u00e1 em 17\u00b0C e sensa\u00e7\u00e3o de 20\u00b0C. Os ventos tamb\u00e9m n\u00e3o s\u00e3o t\u00e3o representativos: m\u00e9dia de 15 km\/h e rajadas de 22 km\/h.<\/p>\n\n\n\n<p class=\"wp-block-paragraph\">O <strong>GRANDE PR\u00caMIO<\/strong> acompanha todas as atividades do GP da Em\u00edlia-Romanha <strong><a href=\"https:\/\/www.grandepremio.com\/br\/f1\/ao-vivo\" class=\"ek-link\">AO VIVO E EM TEMPO REAL<\/a><\/strong>.<\/p>\n\n\n\n<figure class=\"wp-block-embed is-type-rich is-provider-spotify wp-block-embed-spotify wp-embed-aspect-21-9 wp-has-aspect-ratio\"><div class=\"wp-block-embed__wrapper\">\n<iframe title=\"Spotify Embed: Paddockast #144: Os pilotos que mais precisam crescer na fase europeia da F1 2022\" style=\"border-radius: 12px\" width=\"100%\" height=\"152\" frameborder=\"0\" allowfullscreen allow=\"autoplay; clipboard-write; encrypted-media; fullscreen; picture-in-picture\" loading=\"lazy\" src=\"https:\/\/open.spotify.com\/embed\/episode\/1rlAhp59KDQyBAfcx9reBK?utm_source=oembed\"><\/iframe>\n<\/div><figcaption>Paddockast #144: Os pilotos que mais precisam crescer na fase europeia da F1 2022<\/figcaption><\/figure>\n","protected":false},"excerpt":{"rendered":"<p>Ap\u00f3s chuva forte que caiu ao longo da manh\u00e3 e mais brandamente ao longo da sexta-feira, o s\u00e1bado da F\u00f3rmula 1 em \u00cdmola ser\u00e1 menos insano<\/p>\n","protected":false},"author":0,"featured_media":1000561270,"comment_status":"closed","ping_status":"closed","sticky":false,"template":"","format":"standard","meta":{"42wp_featured_image_caption":"","42wp_featured_image_credits":"","42wp_featured_video":"","42wp_featured_image_hidden":false,"42wp_authors_list":[],"footnotes":""},"categories":[2],"tags":[1357,31064,25606,24836,28285,5386,25070,2033],"42wp_author":[47120],"class_list":["post-112910","post","type-post","status-publish","format-standard","has-post-thumbnail","hentry","category-f1","tag-f1-2022","tag-formula-1-2022-3","tag-gp-da-emilia-romanha","tag-grande-premio-2","tag-grandepremio","tag-imola","tag-italia-2","tag-temperatura","42wp_author-pedro-henrique-marum"],"_links":{"self":[{"href":"https:\/\/grandepremio.com\/br\/wp-json\/wp\/v2\/posts\/112910","targetHints":{"allow":["GET"]}}],"collection":[{"href":"https:\/\/grandepremio.com\/br\/wp-json\/wp\/v2\/posts"}],"about":[{"href":"https:\/\/grandepremio.com\/br\/wp-json\/wp\/v2\/types\/post"}],"replies":[{"embeddable":true,"href":"https:\/\/grandepremio.com\/br\/wp-json\/wp\/v2\/comments?post=112910"}],"version-history":[{"count":0,"href":"https:\/\/grandepremio.com\/br\/wp-json\/wp\/v2\/posts\/112910\/revisions"}],"wp:featuredmedia":[{"embeddable":true,"href":"https:\/\/grandepremio.com\/br\/wp-json\/wp\/v2\/media\/1000561270"}],"wp:attachment":[{"href":"https:\/\/grandepremio.com\/br\/wp-json\/wp\/v2\/media?parent=112910"}],"wp:term":[{"taxonomy":"category","embeddable":true,"href":"https:\/\/grandepremio.com\/br\/wp-json\/wp\/v2\/categories?post=112910"},{"taxonomy":"post_tag","embeddable":true,"href":"https:\/\/grandepremio.com\/br\/wp-json\/wp\/v2\/tags?post=112910"},{"taxonomy":"42wp_author","embeddable":true,"href":"https:\/\/grandepremio.com\/br\/wp-json\/wp\/v2\/42wp_author?post=112910"}],"curies":[{"name":"wp","href":"https:\/\/api.w.org\/{rel}","templated":true}]}}