{"id":112965,"date":"2022-04-21T12:22:53","date_gmt":"2022-04-21T15:22:53","guid":{"rendered":"https:\/\/grandepremio.com\/br\/noticias\/charles-leclerc-minimiza-impacto-roubo-revela-busca-ladroes-nao-tem-sido-suave\/"},"modified":"2022-04-21T12:24:27","modified_gmt":"2022-04-21T15:24:27","slug":"charles-leclerc-minimiza-impacto-roubo-revela-busca-ladroes-nao-tem-sido-suave","status":"publish","type":"post","link":"https:\/\/grandepremio.com\/br\/f1\/charles-leclerc-minimiza-impacto-roubo-revela-busca-ladroes-nao-tem-sido-suave\/","title":{"rendered":"Leclerc minimiza impacto de roubo e revela que busca por ladr\u00f5es &#8220;n\u00e3o tem sido suave&#8221;"},"content":{"rendered":"\n<figure class=\"wp-block-embed is-type-video is-provider-youtube wp-block-embed-youtube wp-embed-aspect-16-9 wp-has-aspect-ratio\"><div class=\"wp-block-embed__wrapper\">\n<iframe loading=\"lazy\" title=\"VERSTAPPEN \u00c9 BOMBA-REL\u00d3GIO NA F\u00d3RMULA 1 2022, MAS E HAMILTON? | TT GP #49\" width=\"500\" height=\"281\" src=\"https:\/\/www.youtube.com\/embed\/R5snx-grJGA?feature=oembed\" frameborder=\"0\" allow=\"accelerometer; autoplay; clipboard-write; encrypted-media; gyroscope; picture-in-picture; web-share\" referrerpolicy=\"strict-origin-when-cross-origin\" allowfullscreen><\/iframe>\n<\/div><figcaption>VERSTAPPEN \u00c9 BOMBA-REL\u00d3GIO NA F\u00d3RMULA 1 2022, MAS E HAMILTON? | TT GP #49<\/figcaption><\/figure>\n\n\n\n<p class=\"wp-block-paragraph\"><a href=\"https:\/\/www.grandepremio.com\/br\/f1\/noticias\/lider-mundial-pilotos-charles-leclerc-relogio-r-14-milhao-roubado-italia\/\" class=\"ek-link\">Depois de ter seu rel\u00f3gio da marca Richard Mille roubado na It\u00e1lia<\/a>, Charles Leclerc fez quest\u00e3o de afirmar que o epis\u00f3dio n\u00e3o ir\u00e1 afetar seu desempenho no fim de semana, para o GP da Em\u00edlia-Romanha, quarta etapa do calend\u00e1rio de 2022 da F\u00f3rmula 1.<\/p>\n\n\n\n<p class=\"wp-block-paragraph\">Apesar de ter minimizado o impacto do roubo &#8211; o modelo do rel\u00f3gio custa cerca de R$ 1,4 milh\u00e3o -, o piloto monegasco revelou que a pol\u00edcia local tem enfrentado dificuldades para encontrar os autores do crime.<\/p>\n\n\n\n<p class=\"wp-block-paragraph\"><strong>\u25b6\ufe0f\u00a0Inscreva-se nos dois canais do GRANDE PR\u00caMIO no YouTube:\u00a0<a href=\"https:\/\/www.youtube.com\/channel\/UC9OlHEgxoaY6QY6nWPoiqQg?sub_confirmation=1\" target=\"_blank\" rel=\"noreferrer noopener\">GP<\/a>\u00a0|\u00a0<a href=\"https:\/\/www.youtube.com\/channel\/UC9csiS6q_C3C0FYhyr1rnFA?sub_confirmation=1\" target=\"_blank\" rel=\"noreferrer noopener\">GP2<\/a><\/strong><\/p>\n\n\n\n<figure class=\"wp-block-image size-large\"><img decoding=\"async\" src=\"https:\/\/www.grandepremio.com\/br\/wp-content\/uploads\/2022\/03\/220040-saudi-arabian-gp-saturday-1024x683.jpg\" alt=\"\" class=\"wp-image-553492\"\/><figcaption>Leclerc teve rel\u00f3gio roubado e falou sobre o ocorrido nesta quinta-feira (21) (Foto: Scuderia Ferrari)<\/figcaption><\/figure>\n\n\n\n<p class=\"wp-block-paragraph\">&#8220;N\u00e3o vou entrar muito em detalhes. N\u00e3o foi uma experi\u00eancia boa, mas sim, n\u00e3o posso dizer muito mais do que isso&#8221;, hesitou primeiramente Leclerc. &#8220;Obviamente tudo est\u00e1 com a pol\u00edcia, e eles est\u00e3o tentando achar os ladr\u00f5es. A busca n\u00e3o tem sido t\u00e3o suave quanto eu li&#8221;, revelou.<\/p>\n\n\n\n<p class=\"wp-block-paragraph\">&#8220;Em geral, estou bem e agora completamente focado no fim de semana. O epis\u00f3dio n\u00e3o vai me afetar&#8221;, garantiu o l\u00edder do Mundial de Pilotos, com 71 pontos &#8211; 34 \u00e0 frente do vice colocado George Russell, que tem 37.<\/p>\n\n\n\n<p class=\"wp-block-paragraph\"><strong>LEIA TAMB\u00c9M<br>+ <a href=\"https:\/\/www.grandepremio.com\/br\/f1\/noticias\/max-verstappen-riscos-contra-lewis-hamilton-focado-vencer\/\" class=\"ek-link\">Verstappen diz que nunca pensou em riscos contra Hamilton: \u201cEstava focado em vencer\u201d<\/a><\/strong><\/p>\n\n\n\n<p class=\"wp-block-paragraph\">O roubo aconteceu na noite da \u00faltima segunda-feira (18) na cidade de Viareggio, regi\u00e3o da Toscana, na It\u00e1lia. Leclerc estava com amigos e o treinador Andrea\u00a0Ferrari\u00a0em uma \u00e1rea de pouca ilumina\u00e7\u00e3o quando foram reconhecidos por f\u00e3s, que pararam para pedir aut\u00f3grafos e fotos. No meio da multid\u00e3o, um ladr\u00e3o conseguiu roubar o rel\u00f3gio do pulso de Charles antes que ele notasse.<\/p>\n\n\n\n<p class=\"wp-block-paragraph\">O piloto monegasco fez uma den\u00fancia para a pol\u00edcia local, que agora investiga se o roubo foi oportunista ou planejado com anteced\u00eancia.<\/p>\n\n\n\n<figure class=\"wp-block-embed is-type-video is-provider-youtube wp-block-embed-youtube wp-embed-aspect-16-9 wp-has-aspect-ratio\"><div class=\"wp-block-embed__wrapper\">\n<iframe loading=\"lazy\" title=\"QUANDO FERRARI VAI LIGAR &amp;apos;MODO TURBO&amp;apos; NO MOTOR DA F\u00d3RMULA 1 2022?\" width=\"500\" height=\"281\" src=\"https:\/\/www.youtube.com\/embed\/1bWFLdgZYrI?feature=oembed\" frameborder=\"0\" allow=\"accelerometer; autoplay; clipboard-write; encrypted-media; gyroscope; picture-in-picture; web-share\" referrerpolicy=\"strict-origin-when-cross-origin\" allowfullscreen><\/iframe>\n<\/div><figcaption>QUANDO FERRARI VAI LIGAR &#8216;MODO TURBO&#8217; NO MOTOR DA F\u00d3RMULA 1 2022?<\/figcaption><\/figure>\n","protected":false},"excerpt":{"rendered":"<p>Piloto monegasco teve rel\u00f3gio estimado em R$ 1,4 milh\u00e3o roubado na \u00faltima segunda-feira (18), em Viareggio, na It\u00e1lia. F\u00f3rmula 1 est\u00e1 no pa\u00eds para disputa do GP da Em\u00edlia-Romanha<\/p>\n","protected":false},"author":0,"featured_media":1000560346,"comment_status":"closed","ping_status":"closed","sticky":false,"template":"","format":"standard","meta":{"42wp_featured_image_caption":"","42wp_featured_image_credits":"","42wp_featured_video":"","42wp_featured_image_hidden":false,"42wp_authors_list":[],"footnotes":""},"categories":[2],"tags":[209,147,1357,207,24837,24836,2780],"42wp_author":[47143],"class_list":["post-112965","post","type-post","status-publish","format-standard","has-post-thumbnail","hentry","category-f1","tag-charles-leclerc","tag-f1","tag-f1-2022","tag-ferrari","tag-formula-1-2","tag-grande-premio-2","tag-leclerc","42wp_author-felipe-leite"],"_links":{"self":[{"href":"https:\/\/grandepremio.com\/br\/wp-json\/wp\/v2\/posts\/112965","targetHints":{"allow":["GET"]}}],"collection":[{"href":"https:\/\/grandepremio.com\/br\/wp-json\/wp\/v2\/posts"}],"about":[{"href":"https:\/\/grandepremio.com\/br\/wp-json\/wp\/v2\/types\/post"}],"replies":[{"embeddable":true,"href":"https:\/\/grandepremio.com\/br\/wp-json\/wp\/v2\/comments?post=112965"}],"version-history":[{"count":0,"href":"https:\/\/grandepremio.com\/br\/wp-json\/wp\/v2\/posts\/112965\/revisions"}],"wp:featuredmedia":[{"embeddable":true,"href":"https:\/\/grandepremio.com\/br\/wp-json\/wp\/v2\/media\/1000560346"}],"wp:attachment":[{"href":"https:\/\/grandepremio.com\/br\/wp-json\/wp\/v2\/media?parent=112965"}],"wp:term":[{"taxonomy":"category","embeddable":true,"href":"https:\/\/grandepremio.com\/br\/wp-json\/wp\/v2\/categories?post=112965"},{"taxonomy":"post_tag","embeddable":true,"href":"https:\/\/grandepremio.com\/br\/wp-json\/wp\/v2\/tags?post=112965"},{"taxonomy":"42wp_author","embeddable":true,"href":"https:\/\/grandepremio.com\/br\/wp-json\/wp\/v2\/42wp_author?post=112965"}],"curies":[{"name":"wp","href":"https:\/\/api.w.org\/{rel}","templated":true}]}}