{"id":112976,"date":"2022-04-21T09:00:00","date_gmt":"2022-04-21T12:00:00","guid":{"rendered":"https:\/\/grandepremio.com\/br\/noticias\/as-corridas-do-fim-de-semana-na-tv-e-no-streaming-22-a-24-de-abril\/"},"modified":"2022-04-20T17:06:46","modified_gmt":"2022-04-20T20:06:46","slug":"as-corridas-do-fim-de-semana-na-tv-e-no-streaming-22-a-24-de-abril","status":"publish","type":"post","link":"https:\/\/grandepremio.com\/br\/programacao-tv\/as-corridas-do-fim-de-semana-na-tv-e-no-streaming-22-a-24-de-abril\/","title":{"rendered":"As corridas do fim de semana na TV e no streaming: 22 a 24 de abril"},"content":{"rendered":"\n<figure class=\"wp-block-embed is-type-video is-provider-youtube wp-block-embed-youtube wp-embed-aspect-16-9 wp-has-aspect-ratio\"><div class=\"wp-block-embed__wrapper\">\n<iframe loading=\"lazy\" title=\"QUANDO FERRARI VAI LIGAR &amp;apos;MODO TURBO&amp;apos; NO MOTOR DA F\u00d3RMULA 1 2022?\" width=\"500\" height=\"281\" src=\"https:\/\/www.youtube.com\/embed\/1bWFLdgZYrI?feature=oembed\" frameborder=\"0\" allow=\"accelerometer; autoplay; clipboard-write; encrypted-media; gyroscope; picture-in-picture; web-share\" referrerpolicy=\"strict-origin-when-cross-origin\" allowfullscreen><\/iframe>\n<\/div><\/figure>\n\n\n\n<p class=\"wp-block-paragraph\"><strong>Quinta-feira, 21 de abril<\/strong><\/p>\n\n\n\n<figure class=\"wp-block-table\"><table><tbody><tr><td>CATEGORIA<\/td><td>ETAPA<\/td><td>ATIVIDADE<\/td><td>HORA<\/td><td>EMISSORA<\/td><\/tr><tr><td>Indy<\/td><td>Indy 500<\/td><td>Treino livre <\/td><td>11:00<\/td><td> Star+<\/td><\/tr><\/tbody><\/table><\/figure>\n\n\n\n<p class=\"wp-block-paragraph\"><strong>Sexta-feira, 22 de abril<\/strong><\/p>\n\n\n\n<figure class=\"wp-block-table\"><table><tbody><tr><td>CATEGORIA<\/td><td>ETAPA<\/td><td>ATIVIDADE<\/td><td>HORA<\/td><td>EMISSORA<\/td><\/tr><tr><td>F\u00f3rmula 3<\/td><td>\u00cdmola<\/td><td>Treino livre <\/td><td>04:55<\/td><td>BandSports | F1 TV<\/td><\/tr><tr><td>F\u00f3rmula 2<\/td><td>\u00cdmola<\/td><td>Treino livre<\/td><td>06:05<\/td><td>BandSports | F1 TV<\/td><\/tr><tr><td>F\u00f3rmula 1<\/td><td>GP da Em\u00edlia-Romanha<\/td><td>Treino livre 1<\/td><td>08:30<\/td><td>BandSports | F1 TV<\/td><\/tr><tr><td>Moto3<\/td><td>GP de Portugal<\/td><td>Treino livre 2<\/td><td>09:15<\/td><td>ESPN 4 | Star+<\/td><\/tr><tr><td>F\u00f3rmula 3<\/td><td>\u00cdmola<\/td><td>Classifica\u00e7\u00e3o<\/td><td>10:00<\/td><td>BandSports | F1 TV<\/td><\/tr><tr><td>MotoGP<\/td><td>GP de Portugal<\/td><td>Treino livre 2<\/td><td>10:10<\/td><td>ESPN 4 | Star+<\/td><\/tr><tr><td>F\u00f3rmula 2<\/td><td>\u00cdmola<\/td><td>Classifica\u00e7\u00e3o<\/td><td>10:55<\/td><td>BandSports | F1 TV<\/td><\/tr><tr><td>Moto2<\/td><td>GP de Portugal<\/td><td>Treino livre 2<\/td><td>11:10<\/td><td>ESPN 4 | Star+<\/td><\/tr><tr><td>F\u00f3rmula 1<\/td><td>GP da Em\u00edlia-Romanha<\/td><td>Classifica\u00e7\u00e3o<\/td><td>12:00<\/td><td>BandSports | F1 TV<\/td><\/tr><\/tbody><\/table><\/figure>\n\n\n\n<p class=\"wp-block-paragraph\"><strong>\u25b6\ufe0f\u00a0Inscreva-se nos dois canais do GRANDE PR\u00caMIO no YouTube:\u00a0<a href=\"https:\/\/www.youtube.com\/channel\/UC9OlHEgxoaY6QY6nWPoiqQg?sub_confirmation=1\" target=\"_blank\" rel=\"noreferrer noopener\">GP<\/a>\u00a0|\u00a0<a href=\"https:\/\/www.youtube.com\/channel\/UC9csiS6q_C3C0FYhyr1rnFA?sub_confirmation=1\" target=\"_blank\" rel=\"noreferrer noopener\">GP2<\/a><\/strong><\/p>\n\n\n\n<p class=\"wp-block-paragraph\"><strong>S\u00e1bado, 23 de abril<\/strong><\/p>\n\n\n\n<figure class=\"wp-block-table\"><table><tbody><tr><td>CATEGORIA<\/td><td>ETAPA<\/td><td>ATIVIDADE<\/td><td>HORA<\/td><td>EMISSORA<\/td><\/tr><tr><td>F\u00f3rmula 3<\/td><td>\u00cdmola<\/td><td>Corrida <\/td><td>05:35<\/td><td>BandSports | F1 TV<\/td><\/tr><tr><td>F\u00f3rmula 1<\/td><td>GP da Em\u00edlia-Romanha<\/td><td>Treino livre 2<\/td><td>07:30<\/td><td>BandSports | F1 TV<\/td><\/tr><tr><td>Moto3<\/td><td>GP de Portugal<\/td><td>Classifica\u00e7\u00e3o<\/td><td>08:35<\/td><td>ESPN 4 | Star+<\/td><\/tr><tr><td>Mundial de Superbike<\/td><td>GP da Holanda<\/td><td>Corrida 1<\/td><td>09:00<\/td><td>BandSports<\/td><\/tr><tr><td>MotoGP<\/td><td>GP de Portugal<\/td><td>Treino livre 4<\/td><td>09:30<\/td><td>ESPN 4 | Star+<\/td><\/tr><tr><td>MotoGP<\/td><td>GP de Portugal<\/td><td>Classifica\u00e7\u00e3o<\/td><td>10:10<\/td><td>ESPN 4 | Star+<\/td><\/tr><tr><td>Moto2<\/td><td>GP de Portugal<\/td><td>Classifica\u00e7\u00e3o<\/td><td>11:10<\/td><td>ESPN 4 | Star+<\/td><\/tr><tr><td>F\u00f3rmula 1<\/td><td>GP da Em\u00edlia-Romanha<\/td><td>Sprint<\/td><td>11:30<\/td><td>Band | BandSports | F1 TV<\/td><\/tr><tr><td>F\u00f3rmula 2<\/td><td>\u00cdmola<\/td><td>Corrida 1<\/td><td>12:55<\/td><td>BandSports | F1 TV<\/td><\/tr><tr><td>Mundial de Rali<\/td><td>Cro\u00e1cia<\/td><td>Etapa<\/td><td>14:00<\/td><td>Star+<\/td><\/tr><tr><td>Nascar Xfinity<\/td><td>Talladega<\/td><td>Corrida<\/td><td>17:00<\/td><td>BandSports<\/td><\/tr><\/tbody><\/table><\/figure>\n\n\n\n\n\n<p class=\"wp-block-paragraph\"><strong>Domingo, 24 de abril<\/strong><\/p>\n\n\n\n<figure class=\"wp-block-table\"><table><tbody><tr><td>CATEGORIA<\/td><td>ETAPA<\/td><td>ATIVIDADE<\/td><td>HORA<\/td><td>EMISSORA<\/td><\/tr><tr><td>F\u00f3rmula 3<\/td><td>\u00cdmola<\/td><td>Corrida 2<\/td><td>03:50<\/td><td>BandSports | F1 TV<\/td><\/tr><tr><td>F\u00f3rmula 2<\/td><td>\u00cdmola<\/td><td>Corrida 2<\/td><td>05:20<\/td><td>BandSports | F1 TV<\/td><\/tr><tr><td>Moto3<\/td><td>GP de Portugal<\/td><td>Corrida<\/td><td>07:20<\/td><td>ESPN 4 | Star+<\/td><\/tr><tr><td>Mundial de SSP<\/td><td>GP da Holanda<\/td><td>Corrida 2<\/td><td>07:30<\/td><td>BandSports<\/td><\/tr><tr><td>Mundial de Rali<\/td><td>Cro\u00e1cia<\/td><td>Etapa<\/td><td>08:00<\/td><td>Star+<\/td><\/tr><tr><td>Mundial de SSP 300<\/td><td>GP de Holanda<\/td><td>Corrida 2<\/td><td>08:45<\/td><td>BandSports<\/td><\/tr><tr><td>MotoGP<\/td><td>GP de Portugal<\/td><td>Corrida<\/td><td>09:00<\/td><td>ESPN 4 | Star+<\/td><\/tr><tr><td>F\u00f3rmula 1<\/td><td>GP da Em\u00edlia-Romanha<\/td><td>Corrida<\/td><td>10:00<\/td><td>Band | F1 TV<\/td><\/tr><tr><td>Mundial de Superbike<\/td><td>GP de Holanda<\/td><td>Corrida 2<\/td><td>10:15<\/td><td>BandSports<\/td><\/tr><tr><td>Moto2<\/td><td>GP de Portugal<\/td><td>Corrida<\/td><td>10:30<\/td><td>ESPN 4 | Star+<\/td><\/tr><tr><td>Porsche Cup<\/td><td>Velocitta<\/td><td>Corrida<\/td><td>13:00<\/td><td>Band | SporTV<\/td><\/tr><tr><td>Nascar <\/td><td>Talladega<\/td><td>Corrida<\/td><td>16:00<\/td><td>BandSports<\/td><\/tr><\/tbody><\/table><\/figure>\n\n\n\n<p class=\"wp-block-paragraph\"><strong>Programa\u00e7\u00e3o do GRANDE PR\u00caMIO<\/strong><\/p>\n\n\n\n<figure class=\"wp-block-table\"><table><tbody><tr><td>PROGRAMA<\/td><td>ETAPA<\/td><td>ATIVIDADE<\/td><td>HORA<\/td><td>TRANSMISS\u00c3O<\/td><\/tr><tr><td>Briefing (SEX)<\/td><td>GP da Em\u00edlia-Romanha<\/td><td>P\u00f3s-classifica\u00e7\u00e3o<\/td><td>13:00<\/td><td><a href=\"https:\/\/bit.ly\/GPCanal\">GPTV (YouTube)<\/a><\/td><\/tr><tr><td>Briefing (SAB)<\/td><td>GP da Em\u00edlia-Romanha<\/td><td>P\u00f3s-sprint<\/td><td>12:30<\/td><td><a href=\"https:\/\/bit.ly\/GPCanal\">GPTV (YouTube)<\/a><\/td><\/tr><tr><td>Briefing (DOM)<\/td><td>GP da Em\u00edlia-Romanha<\/td><td>Pr\u00e9-corrida<\/td><td>09:00<\/td><td><a href=\"https:\/\/bit.ly\/GPCanal\">GPTV (YouTube)<\/a><\/td><\/tr><tr><td>Briefing (DOM)<\/td><td>GP da Em\u00edlia-Romanha<\/td><td>P\u00f3s-corrida<\/td><td>Ap\u00f3s a chegada<\/td><td><a href=\"https:\/\/bit.ly\/GPCanal\">GPTV (YouTube)<\/a><\/td><\/tr><\/tbody><\/table><\/figure>\n\n\n\n<figure class=\"wp-block-embed is-type-video is-provider-youtube wp-block-embed-youtube wp-embed-aspect-16-9 wp-has-aspect-ratio\"><div class=\"wp-block-embed__wrapper\">\n<iframe loading=\"lazy\" title=\"EUROPA X JAP\u00c3O NA MOTOGP: CHEGOU A HORA DA REA\u00c7\u00c3O DAS GIGANTES YAMAHA, HONDA E SUZUKI?\" width=\"500\" height=\"281\" src=\"https:\/\/www.youtube.com\/embed\/ornnA4Huzfc?feature=oembed\" frameborder=\"0\" allow=\"accelerometer; autoplay; clipboard-write; encrypted-media; gyroscope; picture-in-picture; web-share\" referrerpolicy=\"strict-origin-when-cross-origin\" allowfullscreen><\/iframe>\n<\/div><\/figure>\n","protected":false},"excerpt":{"rendered":"<p>O fim de semana do esporte a motor est\u00e1 recheado: a F1 vai a \u00cdmola, junto com a F2 e F3. Enquanto isso, a MotoGP corre em Portugal. E ainda tem: Mundial de Superbike, WRC e Nascar. Confira a programa\u00e7\u00e3o de TV e do streaming<\/p>\n","protected":false},"author":0,"featured_media":1000465035,"comment_status":"closed","ping_status":"closed","sticky":false,"template":"","format":"standard","meta":{"42wp_featured_image_caption":"","42wp_featured_image_credits":"","42wp_featured_video":"","42wp_featured_image_hidden":false,"42wp_authors_list":[],"footnotes":""},"categories":[38],"tags":[1280,1553,969,6513,1357,642,160,24837,31064,25606,8261,25081,5386,93,232,78,2997,411,2984,29781,939,29648,2036,287],"42wp_author":[47115],"class_list":["post-112976","post","type-post","status-publish","format-standard","has-post-thumbnail","hentry","category-programacao-tv","tag-band","tag-bandsports","tag-corrida","tag-espn","tag-f1-2022","tag-f1-ao-vivo","tag-f1-tv","tag-formula-1-2","tag-formula-1-2022-3","tag-gp-da-emilia-romanha","tag-gp-de-portugal","tag-horarios-da-f1-2","tag-imola","tag-indy","tag-indy-500","tag-motogp","tag-motogp-2022","tag-nascar","tag-sprint","tag-star","tag-superbike","tag-temporada-2022-da-f1","tag-treinos-livres","tag-wrc","42wp_author-evelyn-guimaraes"],"_links":{"self":[{"href":"https:\/\/grandepremio.com\/br\/wp-json\/wp\/v2\/posts\/112976","targetHints":{"allow":["GET"]}}],"collection":[{"href":"https:\/\/grandepremio.com\/br\/wp-json\/wp\/v2\/posts"}],"about":[{"href":"https:\/\/grandepremio.com\/br\/wp-json\/wp\/v2\/types\/post"}],"replies":[{"embeddable":true,"href":"https:\/\/grandepremio.com\/br\/wp-json\/wp\/v2\/comments?post=112976"}],"version-history":[{"count":0,"href":"https:\/\/grandepremio.com\/br\/wp-json\/wp\/v2\/posts\/112976\/revisions"}],"wp:featuredmedia":[{"embeddable":true,"href":"https:\/\/grandepremio.com\/br\/wp-json\/wp\/v2\/media\/1000465035"}],"wp:attachment":[{"href":"https:\/\/grandepremio.com\/br\/wp-json\/wp\/v2\/media?parent=112976"}],"wp:term":[{"taxonomy":"category","embeddable":true,"href":"https:\/\/grandepremio.com\/br\/wp-json\/wp\/v2\/categories?post=112976"},{"taxonomy":"post_tag","embeddable":true,"href":"https:\/\/grandepremio.com\/br\/wp-json\/wp\/v2\/tags?post=112976"},{"taxonomy":"42wp_author","embeddable":true,"href":"https:\/\/grandepremio.com\/br\/wp-json\/wp\/v2\/42wp_author?post=112976"}],"curies":[{"name":"wp","href":"https:\/\/api.w.org\/{rel}","templated":true}]}}