{"id":112985,"date":"2022-04-20T19:44:13","date_gmt":"2022-04-20T22:44:13","guid":{"rendered":"https:\/\/grandepremio.com\/br\/noticias\/scott-dixon-comanda-primeiro-dia-conturbado-testes-coletivos-500-milhas-de-indianapolis\/"},"modified":"2022-04-20T20:23:00","modified_gmt":"2022-04-20T23:23:00","slug":"scott-dixon-comanda-primeiro-dia-conturbado-testes-coletivos-500-milhas-de-indianapolis","status":"publish","type":"post","link":"https:\/\/grandepremio.com\/br\/indy\/scott-dixon-comanda-primeiro-dia-conturbado-testes-coletivos-500-milhas-de-indianapolis\/","title":{"rendered":"Dixon comanda primeiro dia conturbado de testes coletivos para Indy 500"},"content":{"rendered":"\n<figure class=\"wp-block-video\"><video class=\"video-js vjs-big-play-centered\" data-gp-vjs=\"1\" controls src=\"https:\/\/www.grandepremio.com\/br\/wp-content\/uploads\/2022\/04\/Four-time-and-defending-Indy500-winner-Helio-Castroneves-crashes-during-Day-1-of-the-open-test-session.-Have-a-look-at-what-happened-as-he-exit.mp4\"><\/video><figcaption>Helio Castroneves sofreu um estranho acidente durante os treinos para as 500 Milhas de Indian\u00e1polis (V\u00eddeo: Reprodu\u00e7\u00e3o\/Indy)<\/figcaption><\/figure>\n\n\n\n<p class=\"wp-block-paragraph\">Scott Dixon liderou o primeiro dia de testes coletivos para as 500 Milhas de Indian\u00e1polis nesta quarta-feira (20). O piloto da Ganassi marcou o tempo de 39s615 para terminar na primeira coloca\u00e7\u00e3o, com uma velocidade m\u00e9dia de 365,62 km\/h. Conor Daly, da Dale Coyne, terminou na segunda coloca\u00e7\u00e3o, e o novato Callum Ilott, da Juncos Hollinger, fechou em terceiro.<\/p>\n\n\n\n<p class=\"wp-block-paragraph\">O brasileiro Helio Castroneves, da Meyer Shank, terminou na s\u00e9tima coloca\u00e7\u00e3o, <a href=\"https:\/\/www.grandepremio.com\/br\/indy\/noticias\/helio-castroneves-escorrega-saida-boxes-acerta-muro-teste-coletivo-indy-500\/\" class=\"ek-link\">mas seu dia ficou marcado por um acidente na sa\u00edda dos boxes<\/a>. Santino Ferrucci, Marcus Ericsson, Alexander Rossi, JR Hildebrand, Colton Herta e Takuma Sato fecharam os 10 primeiros em Indian\u00e1polis. Scott McLaughlin, da Penske, anotou a maior velocidade m\u00e9dia sem o aux\u00edlio do v\u00e1cuo, com a marca de 353,80 km\/h. Tony Kanaan, o outro brasileiro a participar da prova, terminou na 26\u00aa coloca\u00e7\u00e3o.<\/p>\n\n\n\n<p class=\"wp-block-paragraph\">O dia em Indian\u00e1polis come\u00e7ou com baixas temperaturas e chuva, <a href=\"https:\/\/www.grandepremio.com\/br\/indy\/noticias\/chuva-atrasa-inicio-testes-coletivos-indy-500-milhas-indianapolis-2022\/\" class=\"ek-link\">o que fez a Indy optar por atrasar em uma hora e meia o in\u00edcio das atividades.<\/a> Na primeira sess\u00e3o, dedicada aos pilotos veteranos, Dixon terminou na frente. Nas duas horas seguintes, a pista foi reservada para os novatos e regressantes, e Ilott <a href=\"https:\/\/www.grandepremio.com\/br\/indy\/noticias\/callum-ilott-lidera-teste-novatos-500-milhas-indianapolis-2022\/\" class=\"ek-link\">finalizou em primeiro<\/a>.<\/p>\n\n\n\n<p class=\"wp-block-paragraph\"><strong>\u25b6\ufe0f&nbsp;Inscreva-se nos dois canais do GRANDE PR\u00caMIO no YouTube:&nbsp;<a href=\"https:\/\/www.youtube.com\/channel\/UC9OlHEgxoaY6QY6nWPoiqQg?sub_confirmation=1\" target=\"_blank\" rel=\"noreferrer noopener\">GP<\/a>&nbsp;|&nbsp;<a href=\"https:\/\/www.youtube.com\/channel\/UC9csiS6q_C3C0FYhyr1rnFA?sub_confirmation=1\" target=\"_blank\" rel=\"noreferrer noopener\">GP2<\/a><\/strong><\/p>\n\n\n\n<figure class=\"wp-block-image size-large\"><img decoding=\"async\" src=\"https:\/\/www.grandepremio.com\/br\/wp-content\/uploads\/2022\/04\/Indianapolis-500-Open-Test-Wednesday_-April-20_-2022_Large-Image-Without-Watermark_m54047-1024x683.jpg\" alt=\"\" class=\"wp-image-560211\"\/><figcaption>Indy encerrou mais cedo as atividades do primeiro dia de testes para a Indy 500 (Foto: Indycar)<\/figcaption><\/figure>\n\n\n\n<p class=\"wp-block-paragraph\">As \u00faltimas duas horas foram de pista liberada para todo o grid, mas a sess\u00e3o acabou sendo encerrada mais cedo do que o esperado. O americano Rossi, da Andretti, rodou ao sair para sua volta de instala\u00e7\u00e3o no in\u00edcio da tarde e, logo ap\u00f3s a batida de Castroneves, Will Power perdeu o controle de sua Penske no mesmo lugar, e acabou jogando Colton Herta, da Andretti, para fora da pista.<\/p>\n\n\n\n<p class=\"wp-block-paragraph\">Procurando investigar a falta de ader\u00eancia na sa\u00edda dos boxes, a Indy achou mais prudente encerrar mais cedo as atividades, quando ainda restavam 30 minutos no rel\u00f3gio. Os pilotos voltam \u00e0 pista nesta quinta-feira (21), para mais um dia de testes coletivos, desta vez com uma \u00fanica bateria de seis horas para todo o grid.<\/p>\n\n\n\n<p class=\"wp-block-paragraph\">A 106\u00aa edi\u00e7\u00e3o das 500 Milhas de Indian\u00e1polis est\u00e1 marcada para o dia 29 de maio. Antes disso, a Indy vai para o Alabama, para o GP de Barber, quarta etapa da temporada de 2022, que ser\u00e1 realizado no dia 1 de maio.<\/p>\n\n\n\n<figure class=\"wp-block-embed is-type-video is-provider-youtube wp-block-embed-youtube wp-embed-aspect-16-9 wp-has-aspect-ratio\"><div class=\"wp-block-embed__wrapper\">\n<iframe loading=\"lazy\" title=\"INDY 500 CORRE RISCO DE VEXAME HIST\u00d3RICO COM CHANCE DE GRID COM MENOS DE 33 CARROS\" width=\"500\" height=\"281\" src=\"https:\/\/www.youtube.com\/embed\/1u131ZfiUis?feature=oembed\" frameborder=\"0\" allow=\"accelerometer; autoplay; clipboard-write; encrypted-media; gyroscope; picture-in-picture; web-share\" referrerpolicy=\"strict-origin-when-cross-origin\" allowfullscreen><\/iframe>\n<\/div><figcaption>INDY 500 CORRE RISCO DE VEXAME HIST\u00d3RICO COM CHANCE DE GRID COM MENOS DE 33 CARROS<\/figcaption><\/figure>\n\n\n\n<p class=\"wp-block-paragraph\"><strong>Indy 2022, Testes coletivos, 500 Milhas de Indian\u00e1polis, Primeiro dia:<\/strong><\/p>\n\n\n\n<figure class=\"wp-block-table\"><table><tbody><tr><td>1<\/td><td>S DIXON<\/td><td>Ganassi Honda<\/td><td>0:39.615<\/td><td>&nbsp;<\/td><\/tr><tr><td>2<\/td><td>C DALY<\/td><td>Carpenter Chevrolet<\/td><td>0:39.650<\/td><td>+0.035<\/td><\/tr><tr><td>3<\/td><td>C ILOTT<\/td><td>Juncos Chevrolet<\/td><td>0:39.768<\/td><td>+0.153<\/td><\/tr><tr><td>4<\/td><td>S FERRUCCI<\/td><td>Dreyer &amp; Reinbold<\/td><td>0:39.791<\/td><td>+0.176<\/td><\/tr><tr><td>5<\/td><td>M ERICSSON<\/td><td>Ganassi Honda<\/td><td>0:39.939<\/td><td>+0.324<\/td><\/tr><tr><td>6<\/td><td>A ROSSI<\/td><td>Andretti Honda<\/td><td>0:39.962<\/td><td>+0.347<\/td><\/tr><tr><td>7<\/td><td>H CASTRONEVES<\/td><td>Meyer Shank Honda<\/td><td>0:39.972<\/td><td>+0.357<\/td><\/tr><tr><td>8<\/td><td>JR HILDEBRAND<\/td><td>Foyt Chevrolet<\/td><td>0:39.981<\/td><td>+0.366<\/td><\/tr><tr><td>9<\/td><td>C HERTA<\/td><td>Andretti Honda<\/td><td>0:40.053<\/td><td>+0.438<\/td><\/tr><tr><td>10<\/td><td>T SATO<\/td><td>Dale Coyne Honda<\/td><td>0:40.066<\/td><td>+0.451<\/td><\/tr><tr><td>11<\/td><td>A PALOU<\/td><td>Ganassi Honda<\/td><td>0:40.094<\/td><td>+0.479<\/td><\/tr><tr><td>12<\/td><td>D DEFRANCESCO<\/td><td>Andretti Honda<\/td><td>0:40.141<\/td><td>+0.526<\/td><\/tr><tr><td>13<\/td><td>R VEEKAY<\/td><td>Carpenter Chevrolet<\/td><td>0:40.141<\/td><td>+0.526<\/td><\/tr><tr><td>14<\/td><td>S MCLAUGHLIN<\/td><td>Penske Chevrolet<\/td><td>0:40.181<\/td><td>+0.566<\/td><\/tr><tr><td>15<\/td><td>S PAGENAUD<\/td><td>Meyer Shank Honda<\/td><td>0:40.256<\/td><td>+0.641<\/td><\/tr><tr><td>16<\/td><td>R GROSJEAN<\/td><td>Andretti Honda<\/td><td>0:40.313<\/td><td>+0.698<\/td><\/tr><tr><td>17<\/td><td>P O&#8217;WARD<\/td><td>McLaren Chevrolet<\/td><td>0:40.321<\/td><td>+0.706<\/td><\/tr><tr><td>18<\/td><td>J JOHNSON<\/td><td>Ganassi Honda<\/td><td>0:40.494<\/td><td>+0.879<\/td><\/tr><tr><td>19<\/td><td>F ROSENQVIST<\/td><td>McLaren Chevrolet<\/td><td>0:40.560<\/td><td>+0.945<\/td><\/tr><tr><td>20<\/td><td>W POWER<\/td><td>Penske Chevrolet<\/td><td>0:40.578<\/td><td>+0.963<\/td><\/tr><tr><td>21<\/td><td>D KELLETT<\/td><td>Foyt Chevrolet<\/td><td>0:40.631<\/td><td>+1.016<\/td><\/tr><tr><td>22<\/td><td>E CARPENTER<\/td><td>Carpenter Chevrolet<\/td><td>0:40.665<\/td><td>+1.050<\/td><\/tr><tr><td>23<\/td><td>J NEWGARDEN<\/td><td>Penske Chevrolet<\/td><td>0:40.699<\/td><td>+1.084<\/td><\/tr><tr><td>24<\/td><td>J HARVEY<\/td><td>RLL Honda<\/td><td>0:40.731<\/td><td>+1.116<\/td><\/tr><tr><td>25<\/td><td>M ANDRETTI<\/td><td>Andretti Honda<\/td><td>0:40.816<\/td><td>+1.201<\/td><\/tr><tr><td>26<\/td><td>T KANAAN<\/td><td>Ganassi Honda<\/td><td>0:40.847<\/td><td>+1.232<\/td><\/tr><tr><td>27<\/td><td>S KARAM<\/td><td>Dreyer &amp; Reinbold<\/td><td>0:40.887<\/td><td>+1.272<\/td><\/tr><tr><td>28<\/td><td>G RAHAL<\/td><td>RLL Honda<\/td><td>0:40.940<\/td><td>+1.325<\/td><\/tr><tr><td>29<\/td><td>J PABLO MONTOYA<\/td><td>McLaren Chevrolet<\/td><td>0:41.029<\/td><td>+1.414<\/td><\/tr><tr><td>30<\/td><td>D MALUKAS<\/td><td>Dale Coyne Honda<\/td><td>0:41.057<\/td><td>+1.442<\/td><\/tr><tr><td>31<\/td><td>K KIRKWOOD<\/td><td>Foyt Chevrolet<\/td><td>0:41.123<\/td><td>+1.508<\/td><\/tr><tr><td>32<\/td><td>C LUNDGAARD<\/td><td>RLL Honda<\/td><td>0:41.442<\/td><td>+1.827<\/td><\/tr><\/tbody><\/table><\/figure>\n","protected":false},"excerpt":{"rendered":"<p>Scott Dixon foi o mais r\u00e1pido da quarta-feira de testes para a Indy 500, que ficou marcada pelo atraso por conta da chuva e por acidentes na sa\u00edda dos boxes que encerram as atividades mais cedo<\/p>\n","protected":false},"author":0,"featured_media":1000560210,"comment_status":"closed","ping_status":"closed","sticky":false,"template":"","format":"standard","meta":{"42wp_featured_image_caption":"","42wp_featured_image_credits":"","42wp_featured_video":"","42wp_featured_image_hidden":false,"42wp_authors_list":[],"footnotes":""},"categories":[3],"tags":[2980,619,29062,1595,93,2209,232,732,1881],"42wp_author":[47144],"class_list":["post-112985","post","type-post","status-publish","format-standard","has-post-thumbnail","hentry","category-indy","tag-500-milhas-indianapolis","tag-formula-indy","tag-formula-indy-2022","tag-ganassi","tag-indy","tag-indy-2022","tag-indy-500","tag-scott-dixon","tag-testes-coletivos","42wp_author-andre-netto"],"_links":{"self":[{"href":"https:\/\/grandepremio.com\/br\/wp-json\/wp\/v2\/posts\/112985","targetHints":{"allow":["GET"]}}],"collection":[{"href":"https:\/\/grandepremio.com\/br\/wp-json\/wp\/v2\/posts"}],"about":[{"href":"https:\/\/grandepremio.com\/br\/wp-json\/wp\/v2\/types\/post"}],"replies":[{"embeddable":true,"href":"https:\/\/grandepremio.com\/br\/wp-json\/wp\/v2\/comments?post=112985"}],"version-history":[{"count":0,"href":"https:\/\/grandepremio.com\/br\/wp-json\/wp\/v2\/posts\/112985\/revisions"}],"wp:featuredmedia":[{"embeddable":true,"href":"https:\/\/grandepremio.com\/br\/wp-json\/wp\/v2\/media\/1000560210"}],"wp:attachment":[{"href":"https:\/\/grandepremio.com\/br\/wp-json\/wp\/v2\/media?parent=112985"}],"wp:term":[{"taxonomy":"category","embeddable":true,"href":"https:\/\/grandepremio.com\/br\/wp-json\/wp\/v2\/categories?post=112985"},{"taxonomy":"post_tag","embeddable":true,"href":"https:\/\/grandepremio.com\/br\/wp-json\/wp\/v2\/tags?post=112985"},{"taxonomy":"42wp_author","embeddable":true,"href":"https:\/\/grandepremio.com\/br\/wp-json\/wp\/v2\/42wp_author?post=112985"}],"curies":[{"name":"wp","href":"https:\/\/api.w.org\/{rel}","templated":true}]}}