{"id":113011,"date":"2022-04-20T05:00:00","date_gmt":"2022-04-20T08:00:00","guid":{"rendered":"https:\/\/grandepremio.com\/br\/noticias\/stellantis-cita-potencial-formula-e-rota-colisao-f1-hora-certa\/"},"modified":"2022-04-19T16:48:44","modified_gmt":"2022-04-19T19:48:44","slug":"stellantis-cita-potencial-formula-e-rota-colisao-f1-hora-certa","status":"publish","type":"post","link":"https:\/\/grandepremio.com\/br\/formula-e\/stellantis-cita-potencial-formula-e-rota-colisao-f1-hora-certa\/","title":{"rendered":"Stellantis cita potencial e v\u00ea F\u00f3rmula E em rota de colis\u00e3o com F1: &#8220;Vir\u00e1 na hora certa&#8221;"},"content":{"rendered":"\n<figure class=\"wp-block-embed is-type-video is-provider-youtube wp-block-embed-youtube wp-embed-aspect-16-9 wp-has-aspect-ratio\"><div class=\"wp-block-embed__wrapper\">\n<iframe loading=\"lazy\" title=\"QUANDO FERRARI VAI LIGAR &amp;apos;MODO TURBO&amp;apos; NO MOTOR DA F\u00d3RMULA 1 2022?\" width=\"500\" height=\"281\" src=\"https:\/\/www.youtube.com\/embed\/1bWFLdgZYrI?feature=oembed\" frameborder=\"0\" allow=\"accelerometer; autoplay; clipboard-write; encrypted-media; gyroscope; picture-in-picture; web-share\" referrerpolicy=\"strict-origin-when-cross-origin\" allowfullscreen><\/iframe>\n<\/div><figcaption>QUANDO FERRARI VAI LIGAR &#8216;MODO TURBO&#8217; NO MOTOR DA F\u00d3RMULA 1 2022?<\/figcaption><\/figure>\n\n\n\n<p class=\"wp-block-paragraph\">A entrada da Maserati na F\u00f3rmula E a partir da pr\u00f3xima temporada demonstra que montadoras tradicionais do cen\u00e1rio do automobilismo seguem interessadas no futuro que a categoria el\u00e9trica pode oferecer. Em um mundo no qual cada vez mais alternativas ao combust\u00edvel f\u00f3ssil precisam ser encontradas de maneira a n\u00e3o prejudicar o meio ambiente, a proposta da FE se encaixa na sustentabilidade. E o diretor-executivo do Grupo Stellantis, Carlos Tavares, compartilha dessa vis\u00e3o.<\/p>\n\n\n\n<p class=\"wp-block-paragraph\">A Stellantis \u00e9 um dos maiores grupos de montadoras do mundo \u2014 o sexto maior em vendas, por exemplo \u2014, e surgiu de uma fus\u00e3o da Fiat-Chrysler com o Grupo PSA \u2014 que tinha entre suas subsidi\u00e1rias marcas da grife de Peugeot e Citro\u00ebn, al\u00e9m de outras. A partir do ano que vem, a empresa passar\u00e1 a ter duas de suas marcas simultaneamente na F\u00f3rmula E: a Maserati entrar\u00e1 como equipe pr\u00f3pria e a DS, que j\u00e1 faz parte da categoria, <a href=\"https:\/\/www.grandepremio.com\/br\/formula-e\/noticias\/dragon-ds-entram-acordo-fecham-parceria-era-gen3-formula-e\/\" target=\"_blank\" aria-label=\"permanecer\u00e1 ao fornecer o trem de for\u00e7a da Dragon (opens in a new tab)\" rel=\"noreferrer noopener\" class=\"ek-link\">permanecer\u00e1 ao fornecer o trem de for\u00e7a da Dragon<\/a>.<\/p>\n\n\n\n<p class=\"wp-block-paragraph\">E o motivo para isso \u00e9 muito simples, na vis\u00e3o de Tavares: a F\u00f3rmula E &#8220;possui o maior potencial de crescimento da sociedade&#8221;, acredita o portugu\u00eas. Durante o eP de Roma, \u00faltima corrida disputada at\u00e9 aqui na temporada, o dirigente falou com o portal ingl\u00eas The Race e revelou que v\u00ea um futuro em que a F\u00f3rmula 1 vai precisar sentar para conversar com a FE para encontrar uma maneira de ambos sobreviverem \u2014 tudo pela sustentabilidade.<\/p>\n\n\n\n<p class=\"wp-block-paragraph\"><strong>\u25b6\ufe0f&nbsp;<a href=\"https:\/\/www.twitch.tv\/grandepremio\" target=\"_blank\" rel=\"noreferrer noopener\">Conhe\u00e7a o canal do GRANDE PR\u00caMIO na Twitch clicando aqui!<\/a><\/strong><\/p>\n\n\n\n<figure class=\"wp-block-image size-large is-resized\"><img loading=\"lazy\" decoding=\"async\" src=\"https:\/\/www.grandepremio.com\/br\/wp-content\/uploads\/2020\/05\/FIz5uvRWUAAcBvp-e1641895467596-1024x728.jpg\" alt=\"ALEJANDRO AGAG; DAVIDE GRASSO; MASERATI; F\u00d3RMULA E;\" class=\"wp-image-535765\" width=\"840\" height=\"597\"\/><figcaption>Davide Grasso, CEO da Maserati, e Alejandro Agag, chef\u00e3o da F\u00f3rmula E, celebraram a entrada da equipe na Era Gen3 (Foto: Maserati)<\/figcaption><\/figure>\n\n\n\n<p class=\"wp-block-paragraph\">&#8220;Voc\u00ea pode ver que as grandes montadoras j\u00e1 est\u00e3o aqui [na F\u00f3rmula E], lutando e tentando competir&#8221;, explicou Tavares. &#8220;Acredito que exista um grande potencial de melhora e crescimento na F\u00f3rmula E, o que significa que, em certo ponto, a quest\u00e3o vai ser: &#8216;F1 ou FE?&#8217; Essa pergunta vir\u00e1 na hora certa&#8221;, acredita Carlos.<\/p>\n\n\n\n<p class=\"wp-block-paragraph\">&#8220;O que eu tamb\u00e9m acredito \u00e9 que vai existir um momento em que a F\u00f3rmula 1 n\u00e3o vai poder continuar a correr com motores de combust\u00e3o interna, simplesmente porque os cidad\u00e3os n\u00e3o v\u00e3o aceitar isso&#8221;, opinou. &#8220;A press\u00e3o da sociedade ser\u00e1 t\u00e3o grande que a F1 vai ter que largar a tecnologia do ICE, o que significa que nesse momento, a F1 e a FE v\u00e3o precisar discutir isso e encontrarem o caminho certo junto \u00e0 FIA sobre a dire\u00e7\u00e3o de cada uma&#8221;, explicou.<\/p>\n\n\n\n<p class=\"wp-block-paragraph\">Tavares afirmou que o pensamento dominante no momento \u00e9 a sustentabilidade, o que transformaria a F\u00f3rmula E na categoria com maior potencial de desenvolvimento para o futuro. A pr\u00f3pria F\u00f3rmula 1 j\u00e1 estuda novos motores que v\u00e3o entrar na categoria a partir de 2026, assim como um novo combust\u00edvel \u2014 que promete ser consideravelmente menos poluente.<\/p>\n\n\n\n<p class=\"wp-block-paragraph\">&#8220;A F\u00f3rmula E \u00e9 a disciplina em crescimento no momento&#8221;, afirmou. &#8220;A que possui o maior potencial de crescer na sociedade, na qual estamos todos operando com um problema de aquecimento global que precisamos consertar. Esse \u00e9 o maior potencial no momento. Essa foi a raz\u00e3o pela qual trouxemos duas marcas da Stellantis \u2014 Maserati e DS \u2014 para c\u00e1&#8221;, salientou.<\/p>\n\n\n\n<figure class=\"wp-block-image size-large\"><img decoding=\"async\" src=\"https:\/\/www.grandepremio.com\/br\/wp-content\/uploads\/2022\/04\/EPS805_130503_W6I8237-1024x683.jpg\" alt=\"\" class=\"wp-image-559106\"\/><figcaption>Evolu\u00e7\u00e3o de m\u00e9todos sustent\u00e1veis podem elevar FE ao posto de protagonista do automobilismo mundial, segundo Tavares (Foto: F\u00f3rmula E)<\/figcaption><\/figure>\n\n\n\n<p class=\"wp-block-paragraph\"><strong>\u25b6\ufe0f&nbsp;Inscreva-se nos dois canais do GRANDE PR\u00caMIO no YouTube:&nbsp;<a href=\"https:\/\/www.youtube.com\/channel\/UC9OlHEgxoaY6QY6nWPoiqQg?sub_confirmation=1\" target=\"_blank\" rel=\"noreferrer noopener\">GP<\/a>&nbsp;|&nbsp;<a href=\"https:\/\/www.youtube.com\/channel\/UC9csiS6q_C3C0FYhyr1rnFA?sub_confirmation=1\" target=\"_blank\" rel=\"noreferrer noopener\">GP2<\/a><\/strong><\/p>\n\n\n\n<p class=\"wp-block-paragraph\">Os planos de investimento da Stellantis para seus carros el\u00e9tricos demonstra o n\u00edvel de imers\u00e3o que a empresa est\u00e1 disposta a oferecer. Apenas na eletrifica\u00e7\u00e3o de ve\u00edculos e no investimento de novas tecnologias, o planejamento do grupo envolve injetar \u20ac 30 bilh\u00f5es (aproximadamente R$ 150 bilh\u00f5es) at\u00e9 o ano de 2025.<\/p>\n\n\n\n<p class=\"wp-block-paragraph\">A Maserati vai entrar pela primeira vez na F\u00f3rmula E a partir do ano que vem, que ter\u00e1 a introdu\u00e7\u00e3o dos carros Gen3 na categoria. Al\u00e9m dos motores recebidos pela DS \u2014 que ser\u00e3o trabalhados e rebatizados pela equipe \u2014, a escuderia fechou parceria com a Venturi e vai absorver as opera\u00e7\u00f5es do time monegasco.<\/p>\n\n\n\n<p class=\"wp-block-paragraph\">A Maserati entrou para a hist\u00f3ria do esporte a motor quando levou Juan Manuel Fangio em parte da temporada 1954 e em todo o ano de 1957 rumo ao t\u00edtulo mundial de F\u00f3rmula 1. A marca esteve presente na disputa do antigo Mundial FIA GT e conquistou ao todo 14 t\u00edtulos entre 2004 e 2010.<\/p>\n","protected":false},"excerpt":{"rendered":"<p>Diretor-executivo do Grupo Stellantis \u2014 dono de Maserati e DS \u2014, Carlos Tavares explicou investimento profundo na F\u00f3rmula E e acredita que F1 ser\u00e1 obrigada a abandonar motores<\/p>\n","protected":false},"author":0,"featured_media":1000551631,"comment_status":"closed","ping_status":"closed","sticky":false,"template":"","format":"standard","meta":{"42wp_featured_image_caption":"","42wp_featured_image_credits":"","42wp_featured_video":"","42wp_featured_image_hidden":false,"42wp_authors_list":[],"footnotes":""},"categories":[19],"tags":[5378,147,379,27903,24837,840,28327,24836,28285,8870,3253,31378],"42wp_author":[47142],"class_list":["post-113011","post","type-post","status-publish","format-standard","has-post-thumbnail","hentry","category-formula-e","tag-ep-de-roma","tag-f1","tag-fe","tag-fe-2022","tag-formula-1-2","tag-formula-e","tag-formula-e-2022","tag-grande-premio-2","tag-grandepremio","tag-maserati","tag-roma","tag-stellantis","42wp_author-jp-nascimento"],"_links":{"self":[{"href":"https:\/\/grandepremio.com\/br\/wp-json\/wp\/v2\/posts\/113011","targetHints":{"allow":["GET"]}}],"collection":[{"href":"https:\/\/grandepremio.com\/br\/wp-json\/wp\/v2\/posts"}],"about":[{"href":"https:\/\/grandepremio.com\/br\/wp-json\/wp\/v2\/types\/post"}],"replies":[{"embeddable":true,"href":"https:\/\/grandepremio.com\/br\/wp-json\/wp\/v2\/comments?post=113011"}],"version-history":[{"count":0,"href":"https:\/\/grandepremio.com\/br\/wp-json\/wp\/v2\/posts\/113011\/revisions"}],"wp:featuredmedia":[{"embeddable":true,"href":"https:\/\/grandepremio.com\/br\/wp-json\/wp\/v2\/media\/1000551631"}],"wp:attachment":[{"href":"https:\/\/grandepremio.com\/br\/wp-json\/wp\/v2\/media?parent=113011"}],"wp:term":[{"taxonomy":"category","embeddable":true,"href":"https:\/\/grandepremio.com\/br\/wp-json\/wp\/v2\/categories?post=113011"},{"taxonomy":"post_tag","embeddable":true,"href":"https:\/\/grandepremio.com\/br\/wp-json\/wp\/v2\/tags?post=113011"},{"taxonomy":"42wp_author","embeddable":true,"href":"https:\/\/grandepremio.com\/br\/wp-json\/wp\/v2\/42wp_author?post=113011"}],"curies":[{"name":"wp","href":"https:\/\/api.w.org\/{rel}","templated":true}]}}