{"id":113015,"date":"2022-04-20T04:00:00","date_gmt":"2022-04-20T07:00:00","guid":{"rendered":"https:\/\/grandepremio.com\/br\/noticias\/corrida-sprint-causa-dor-cabeca-para-equipes-poucas-melhorias-imola\/"},"modified":"2022-04-19T18:19:16","modified_gmt":"2022-04-19T21:19:16","slug":"corrida-sprint-causa-dor-cabeca-para-equipes-poucas-melhorias-imola","status":"publish","type":"post","link":"https:\/\/grandepremio.com\/br\/f1\/corrida-sprint-causa-dor-cabeca-para-equipes-poucas-melhorias-imola\/","title":{"rendered":"Corrida sprint causa dor de cabe\u00e7a para equipes e poucas melhorias em \u00cdmola"},"content":{"rendered":"\n<figure class=\"wp-block-embed is-type-video is-provider-youtube wp-block-embed-youtube wp-embed-aspect-16-9 wp-has-aspect-ratio\"><div class=\"wp-block-embed__wrapper\">\n<iframe loading=\"lazy\" title=\"VETTEL &amp;apos;MATA&amp;apos; AULA E REPROVA PRIMEIRA AVALIA\u00c7\u00c3O NA F\u00d3RMULA 1 2022\" width=\"500\" height=\"281\" src=\"https:\/\/www.youtube.com\/embed\/fNs9Rue1vFY?feature=oembed\" frameborder=\"0\" allow=\"accelerometer; autoplay; clipboard-write; encrypted-media; gyroscope; picture-in-picture; web-share\" referrerpolicy=\"strict-origin-when-cross-origin\" allowfullscreen><\/iframe>\n<\/div><figcaption>VETTEL &#8216;MATA&#8217; AULA E REPROVA PRIMEIRA AVALIA\u00c7\u00c3O NA F\u00d3RMULA 1 2022<\/figcaption><\/figure>\n\n\n\n<p class=\"wp-block-paragraph\">A temporada 2022 da F\u00f3rmula 1 chega \u00e0 sua quarta etapa no dia 24 de abril, com o GP da Em\u00edlia-Romanha, e nenhuma das grandes equipes deu passos significativos \u00e0 frente com a melhoria dos carros. Em um ano no qual os times precisam se adaptar ao teto de gastos novamente, o desafio log\u00edstico de entregar pe\u00e7as em territ\u00f3rios como Bahrein, Ar\u00e1bia Saudita e Austr\u00e1lia se torna mais complicado a cada uma das competidoras. E na estreia da Europa no calend\u00e1rio, em \u00cdmola, \u00e9 poss\u00edvel que a situa\u00e7\u00e3o se mantenha a mesma.<\/p>\n\n\n\n<p class=\"wp-block-paragraph\">Por um lado, a primeira prova europeia da temporada, na tradicional pista localizada nos arredores de Bolonha, poderia oferecer uma chance \u00e0s equipes apresentarem melhorias a seus carros, j\u00e1 que a log\u00edstica de transporte seria facilitada pela localiza\u00e7\u00e3o da disputa. Entretanto, o fato da etapa da Em\u00edlia-Romanha hospedar a primeira corrida sprint da temporada altera esse cen\u00e1rio.<\/p>\n\n\n\n<p class=\"wp-block-paragraph\">As equipes ter\u00e3o apenas uma hora \u2014 no primeiro treino livre \u2014 para que testem suas novidades, o que certamente n\u00e3o ofereceria dados suficientes ao pit-wall para uma previs\u00e3o correta das condi\u00e7\u00f5es de corrida. Assim, o consenso \u00e9 de que seria muito arriscado testar grandes modifica\u00e7\u00f5es em um per\u00edodo no qual as novas partes n\u00e3o poderiam ser retiradas do carro.<\/p>\n\n\n\n<p class=\"wp-block-paragraph\"><strong>\u25b6\ufe0f&nbsp;<a href=\"https:\/\/www.twitch.tv\/grandepremio\" target=\"_blank\" rel=\"noreferrer noopener\">Conhe\u00e7a o canal do GRANDE PR\u00caMIO na Twitch clicando aqui!<\/a><\/strong><\/p>\n\n\n\n<figure class=\"wp-block-image size-large\"><img decoding=\"async\" src=\"https:\/\/www.grandepremio.com\/br\/wp-content\/uploads\/2020\/05\/220020-australian-gp-free-practice-gallery-1024x683.jpg\" alt=\"\" class=\"wp-image-557566\"\/><figcaption>Chefe da Ferrari, Mattia Binotto j\u00e1 adiantou que equipe n\u00e3o ter\u00e1 grandes atualiza\u00e7\u00f5es em \u00cdmola (Foto: Ferrari)<\/figcaption><\/figure>\n\n\n\n<p class=\"wp-block-paragraph\"><strong>LEIA MAIS<br>\u2014 <a href=\"https:\/\/www.grandepremio.com\/br\/f1\/noticias\/o-que-e-corrida-sprint\/\" target=\"_blank\" aria-label=\"O que \u00e9 corrida sprint e como vai funcionar na F\u00f3rmula 1 em 2022? (opens in a new tab)\" rel=\"noreferrer noopener\" class=\"ek-link\">O que \u00e9 corrida sprint e como vai funcionar na F\u00f3rmula 1 em 2022?<\/a><br>\u2014 <a href=\"https:\/\/www.grandepremio.com\/br\/f1\/noticias\/f1-mantem-3-corridas-sprint-mas-amplia-pontuacao-interlagos-garante-prova\/\" target=\"_blank\" aria-label=\"F1 mant\u00e9m 3 corridas sprint, mas amplia pontua\u00e7\u00e3o. Interlagos garante prova (opens in a new tab)\" rel=\"noreferrer noopener\" class=\"ek-link\">F1 mant\u00e9m 3 corridas sprint, mas amplia pontua\u00e7\u00e3o. Interlagos garante prova<\/a><\/strong><\/p>\n\n\n\n<p class=\"wp-block-paragraph\">Vale lembrar que as equipes podem mexer nas configura\u00e7\u00f5es de seus monopostos at\u00e9 a classifica\u00e7\u00e3o \u2014 incluindo a aerodin\u00e2mica e as pr\u00f3prias partes que constituem o carro. A partir da\u00ed, em regime de parque fechado, fica proibido a todos os competidores que fa\u00e7am altera\u00e7\u00f5es em seus b\u00f3lidos \u2014 com a exce\u00e7\u00e3o de algumas poucas modifica\u00e7\u00f5es, como a press\u00e3o dos pneus e a altura da asa dianteira.<\/p>\n\n\n\n<p class=\"wp-block-paragraph\">Nem mesmo a Ferrari \u2014 que possui sua sede no pa\u00eds que hospeda o evento \u2014 pretende levar grandes atualiza\u00e7\u00f5es \u00e0 \u00cdmola, como indicado pelo chefe Mattia Binotto. O italiano admitiu que seria imposs\u00edvel testar os componentes da forma ideal, j\u00e1 que as equipes v\u00e3o iniciar o final de semana j\u00e1 pensando na classifica\u00e7\u00e3o \u2014 que, em finais de semana com corrida sprint, acontece \u00e0s sextas-feiras.<\/p>\n\n\n\n<p class=\"wp-block-paragraph\">&#8220;Acho que ser\u00e1 um fim de semana diferente em termos de trazer melhorias e tentar evolu\u00ed-las no treino livre de sexta, porque voc\u00ea precisa obviamente focar na classifica\u00e7\u00e3o&#8221;, admitiu. &#8220;Se olharmos para n\u00f3s mesmos, n\u00e3o haver\u00e1 muito [a mudar] em \u00cdmola. Acreditamos que n\u00e3o \u00e9 o lugar certo&#8221;, falou.<\/p>\n\n\n\n<p class=\"wp-block-paragraph\"><strong>\u25b6\ufe0f&nbsp;Inscreva-se nos dois canais do GRANDE PR\u00caMIO no YouTube:&nbsp;<a href=\"https:\/\/www.youtube.com\/channel\/UC9OlHEgxoaY6QY6nWPoiqQg?sub_confirmation=1\" target=\"_blank\" rel=\"noreferrer noopener\">GP<\/a>&nbsp;|&nbsp;<a href=\"https:\/\/www.youtube.com\/channel\/UC9csiS6q_C3C0FYhyr1rnFA?sub_confirmation=1\" target=\"_blank\" rel=\"noreferrer noopener\">GP2<\/a><\/strong><\/p>\n\n\n\n<figure class=\"wp-block-image size-large\"><img decoding=\"async\" src=\"https:\/\/www.grandepremio.com\/br\/wp-content\/uploads\/2021\/09\/E_AuxpHWYAIKVVq-1024x578.jpg\" alt=\"VALTTERI BOTTAS; LARGADA; CORRIDA SPRINT; IT\u00c1LIA;\" class=\"wp-image-507935\"\/><figcaption>Temporada de 2022 reserva mais tr\u00eas corridas sprint, agora com pontua\u00e7\u00e3o maior (Foto: F\u00f3rmula 1\/Reprodu\u00e7\u00e3o)<\/figcaption><\/figure>\n\n\n\n<p class=\"wp-block-paragraph\">Enquanto a implementa\u00e7\u00e3o das corridas sprint serve para atrair o p\u00fablico \u2014 que poder\u00e1 assistir a duas provas no mesmo final de semana, ainda que uma seja mais curta \u2014, as equipes acabam tendo suas possibilidades reduzidas e \u00e9 prov\u00e1vel que nenhuma delas leve grandes altera\u00e7\u00f5es \u00e0 \u00cdmola \u2014 justamente pelo fato de que n\u00e3o h\u00e1 tempo suficiente para test\u00e1-las na pr\u00e1tica.<\/p>\n\n\n\n<p class=\"wp-block-paragraph\">Isso n\u00e3o quer dizer, entretanto, que os carros na Em\u00edlia-Romanha sejam exatamente iguais \u00e0s da \u00faltima corrida, na Austr\u00e1lia. As equipes pretendem levar algumas modifica\u00e7\u00f5es menores, como a pr\u00f3pria Ferrari, por exemplo, e tamb\u00e9m as irm\u00e3s Red Bull \u2014 que convive com a falta de confiabilidade do RB18 \u2014 e AlphaTauri \u2014 que tamb\u00e9m j\u00e1 abandonou duas vezes na temporada, uma delas antes mesmo da largada, <a href=\"https:\/\/www.grandepremio.com\/br\/f1\/noticias\/pierre-gasly-alphatauri-nao-tao-atras-alpine-mclaren-fe-atualizacoes\/\" target=\"_blank\" aria-label=\"e tenta reverter o cen\u00e1rio (opens in a new tab)\" rel=\"noreferrer noopener\" class=\"ek-link\">e tenta reverter o cen\u00e1rio<\/a>.<\/p>\n\n\n\n<p class=\"wp-block-paragraph\">\u201cEu n\u00e3o diria [que estamos trazendo] um grande pacote [de mudan\u00e7as]\u201d, afirmou Christian Horner, chefe da Red Bull. \u201c\u00c9 tudo parte da evolu\u00e7\u00e3o, mas \u00e9 claro que sendo uma corrida sprint, voc\u00ea tem muito pouco tempo para avaliar essas coisas. Voc\u00ea tem um treino livre e j\u00e1 est\u00e1 na classifica\u00e7\u00e3o, ent\u00e3o precisa estar muito confiante sobre o que est\u00e1 colocando no carro\u201d, explicou<\/p>\n\n\n\n<p class=\"wp-block-paragraph\">O n\u00famero de tr\u00eas corridas sprint da F1 no ano passado se mant\u00e9m para 2022, com o GP de S\u00e3o Paulo sendo o \u00fanico que vai receber a prova curta nos dois anos. Silverstone e Monza, que foram sedes das duas primeiras sprint races da hist\u00f3ria, foram substitu\u00eddas por \u00cdmola e \u00c1ustria.<\/p>\n\n\n\n<figure class=\"wp-block-image size-large\"><img decoding=\"async\" src=\"https:\/\/www.grandepremio.com\/br\/wp-content\/uploads\/2020\/05\/000_32827TN-scaled-e1649961506281-1024x726.jpg\" alt=\"\" class=\"wp-image-557588\"\/><figcaption>Mesmo sem grandes melhorias, Red Bull tenta evitar que abandonos de Verstappen se repitam na temporada (Foto: AFP)<\/figcaption><\/figure>\n\n\n\n<p class=\"wp-block-paragraph\">Al\u00e9m disso, outra modifica\u00e7\u00e3o feita para este ano envolve a pontua\u00e7\u00e3o distribu\u00edda: ao inv\u00e9s de apenas os tr\u00eas primeiros pontuarem como era feito at\u00e9 o ano passado, a F1 decidiu condecorar os oito melhores \u2014 o vencedor recebe oito pontos; o segundo, sete; e assim por diante, at\u00e9 um tento para o oitavo colocado.<\/p>\n\n\n\n<p class=\"wp-block-paragraph\">Desta forma, a import\u00e2ncia das corridas sprint decididamente aumentou, j\u00e1 que existe possibilidade maior de acabar sendo decisiva no t\u00edtulo \u2014 o piloto que ganhar as tr\u00eas, por exemplo, somaria 24 tentos ao final da disputa.<\/p>\n\n\n\n<p class=\"wp-block-paragraph\">\u00c9 natural, portanto, esperar que as equipes n\u00e3o apresentem grandes modifica\u00e7\u00f5es no GP da Em\u00edlia-Romanha, primeira etapa europeia da temporada. \u00c9 claro que pequenas altera\u00e7\u00f5es continuam sendo feitas, mas o limitado tempo para testes impede que grandes pe\u00e7as sejam implementadas com seguran\u00e7a. Assim, a expectativa fica para a corrida seguinte, justamente a estreia da F1 \u2014 em uma pista ainda desconhecida \u2014 na cidade de Miami.<\/p>\n\n\n\n<p class=\"wp-block-paragraph\">Sem muitas mudan\u00e7as espec\u00edficas, qualquer mudan\u00e7a na ordem de for\u00e7as vir\u00e1 apenas na base do setup preparado por equipes e pilotos. \u00c9 justo pensar, ent\u00e3o, que as dores de cabe\u00e7a de Mercedes e Red Bull seguir\u00e3o no modo &#8216;on&#8217;.<\/p>\n\n\n\n<p class=\"wp-block-paragraph\">O GP da Em\u00edlia-Romanha acontece entre os dias 22 e 24 de abril, em \u00cdmola. Desde que o circuito retornou ao calend\u00e1rio da F\u00f3rmula 1 h\u00e1 dois anos, foram dois vencedores diferentes: Lewis Hamilton levou em 2020 e Max Verstappen triunfou no ano passado. Com os problemas de quique da Mercedes este ano e a pouca confiabilidade da Red Bull, que j\u00e1 abandonou duas corridas, existe a possibilidade real de que haja um terceiro vencedor diferente em 2022.<\/p>\n\n\n\n<p class=\"wp-block-paragraph\">O <strong>GRANDE PR\u00caMIO<\/strong> acompanha todas as atividades do GP da Em\u00edlia-Romanha <strong><a href=\"https:\/\/www.grandepremio.com\/br\/f1\/ao-vivo\" class=\"ek-link\">AO VIVO E EM TEMPO REAL<\/a><\/strong>.<\/p>\n\n\n\n<figure class=\"wp-block-embed is-type-video is-provider-youtube wp-block-embed-youtube wp-embed-aspect-16-9 wp-has-aspect-ratio\"><div class=\"wp-block-embed__wrapper\">\n<iframe loading=\"lazy\" title=\"QUANDO FERRARI VAI LIGAR &amp;apos;MODO TURBO&amp;apos; NO MOTOR DA F\u00d3RMULA 1 2022?\" width=\"500\" height=\"281\" src=\"https:\/\/www.youtube.com\/embed\/1bWFLdgZYrI?feature=oembed\" frameborder=\"0\" allow=\"accelerometer; autoplay; clipboard-write; encrypted-media; gyroscope; picture-in-picture; web-share\" referrerpolicy=\"strict-origin-when-cross-origin\" allowfullscreen><\/iframe>\n<\/div><figcaption>QUANDO FERRARI VAI LIGAR &#8216;MODO TURBO&#8217; NO MOTOR DA F\u00d3RMULA 1 2022?<\/figcaption><\/figure>\n","protected":false},"excerpt":{"rendered":"<p>Implementa\u00e7\u00e3o da corrida sprint no GP da Em\u00edlia-Romanha exclui um treino livre do final de semana, o que dificulta os testes das equipes \u2014 que, devido a isso, n\u00e3o devem trazer grandes evolu\u00e7\u00f5es em \u00cdmola<\/p>\n","protected":false},"author":0,"featured_media":1000465035,"comment_status":"closed","ping_status":"closed","sticky":false,"template":"","format":"standard","meta":{"42wp_featured_image_caption":"","42wp_featured_image_credits":"","42wp_featured_video":"","42wp_featured_image_hidden":false,"42wp_authors_list":[],"footnotes":""},"categories":[2],"tags":[4346,25117,5921,147,156,1357,207,24837,1753,25606,24836,28285,5386,442,1757,2984,2018],"42wp_author":[47142],"class_list":["post-113015","post","type-post","status-publish","format-standard","has-post-thumbnail","hentry","category-f1","tag-albert-park","tag-analise-2","tag-corrida-sprint","tag-f1","tag-f1-2021","tag-f1-2022","tag-ferrari","tag-formula-1-2","tag-gp-da-australia","tag-gp-da-emilia-romanha","tag-grande-premio-2","tag-grandepremio","tag-imola","tag-mattia-binotto","tag-melbourne","tag-sprint","tag-sprint-race","42wp_author-jp-nascimento"],"_links":{"self":[{"href":"https:\/\/grandepremio.com\/br\/wp-json\/wp\/v2\/posts\/113015","targetHints":{"allow":["GET"]}}],"collection":[{"href":"https:\/\/grandepremio.com\/br\/wp-json\/wp\/v2\/posts"}],"about":[{"href":"https:\/\/grandepremio.com\/br\/wp-json\/wp\/v2\/types\/post"}],"replies":[{"embeddable":true,"href":"https:\/\/grandepremio.com\/br\/wp-json\/wp\/v2\/comments?post=113015"}],"version-history":[{"count":0,"href":"https:\/\/grandepremio.com\/br\/wp-json\/wp\/v2\/posts\/113015\/revisions"}],"wp:featuredmedia":[{"embeddable":true,"href":"https:\/\/grandepremio.com\/br\/wp-json\/wp\/v2\/media\/1000465035"}],"wp:attachment":[{"href":"https:\/\/grandepremio.com\/br\/wp-json\/wp\/v2\/media?parent=113015"}],"wp:term":[{"taxonomy":"category","embeddable":true,"href":"https:\/\/grandepremio.com\/br\/wp-json\/wp\/v2\/categories?post=113015"},{"taxonomy":"post_tag","embeddable":true,"href":"https:\/\/grandepremio.com\/br\/wp-json\/wp\/v2\/tags?post=113015"},{"taxonomy":"42wp_author","embeddable":true,"href":"https:\/\/grandepremio.com\/br\/wp-json\/wp\/v2\/42wp_author?post=113015"}],"curies":[{"name":"wp","href":"https:\/\/api.w.org\/{rel}","templated":true}]}}