{"id":113040,"date":"2022-04-18T18:20:00","date_gmt":"2022-04-18T21:20:00","guid":{"rendered":"https:\/\/grandepremio.com\/br\/noticias\/283-o-que-esperar-de-leclerc-verstappen-e-hamilton-em-imola\/"},"modified":"2022-04-18T16:10:42","modified_gmt":"2022-04-18T19:10:42","slug":"283-o-que-esperar-de-leclerc-verstappen-e-hamilton-em-imola","status":"publish","type":"post","link":"https:\/\/grandepremio.com\/br\/paddock-gp\/283-o-que-esperar-de-leclerc-verstappen-e-hamilton-em-imola\/","title":{"rendered":"#283: O que esperar de Leclerc, Verstappen e Hamilton em \u00cdmola?"},"content":{"rendered":"\n<figure class=\"wp-block-embed is-type-video is-provider-youtube wp-block-embed-youtube wp-embed-aspect-16-9 wp-has-aspect-ratio\"><div class=\"wp-block-embed__wrapper\">\n<iframe loading=\"lazy\" title=\"F\u00d3RMULA 1 2022: O QUE ESPERAR DE LECLERC, VERSTAPPEN E HAMILTON EM \u00cdMOLA | Paddock GP #283\" width=\"500\" height=\"281\" src=\"https:\/\/www.youtube.com\/embed\/hJw03nb8qFk?feature=oembed\" frameborder=\"0\" allow=\"accelerometer; autoplay; clipboard-write; encrypted-media; gyroscope; picture-in-picture; web-share\" referrerpolicy=\"strict-origin-when-cross-origin\" allowfullscreen><\/iframe>\n<\/div><figcaption>F\u00d3RMULA 1 2022: O QUE ESPERAR DE LECLERC, VERSTAPPEN E HAMILTON EM \u00cdMOLA | Paddock GP\u00a0<a href=\"https:\/\/www.youtube.com\/hashtag\/283\">#283<\/a><\/figcaption><\/figure>\n\n\n\n<p class=\"wp-block-paragraph\">A edi\u00e7\u00e3o #283 do Paddock GP, a mesa redonda composta por jornalistas do&nbsp;<strong>GRANDE PR\u00caMIO<\/strong>&nbsp;para debater as \u00faltimas novidades do esporte a motor, vai ao ar nesta segunda-feira (18), \u00e0s 18h50 (hor\u00e1rio de Bras\u00edlia. GMT -3), no canal&nbsp;<a href=\"https:\/\/www.youtube.com\/c\/GrandePremioTV\/featured\">do GP no YouTube<\/a>.&nbsp;<\/p>\n\n\n\n<p class=\"wp-block-paragraph\">Victor Martins comanda a atra\u00e7\u00e3o junto de Evelyn Guimar\u00e3es e Gabriel Curty.<\/p>\n\n\n\n<p class=\"wp-block-paragraph\">O programa faz uma pr\u00e9via do GP da Em\u00edlia-Romanha, que acontece no pr\u00f3ximo fim de semana.\u00a0<a href=\"https:\/\/www.grandepremio.com\/br\/piloto\/charles-leclerc\/\" target=\"_blank\" rel=\"noreferrer noopener\">Charles Leclerc<\/a>\u00a0entra como l\u00edder do Mundial com 71 pontos, e tem a chance de se isolar ainda mais na ponta.<\/p>\n\n\n\n<p class=\"wp-block-paragraph\"><strong>\u25b6\ufe0f\u00a0Inscreva-se nos dois canais do GRANDE PR\u00caMIO no YouTube:\u00a0<a href=\"https:\/\/www.youtube.com\/channel\/UC9OlHEgxoaY6QY6nWPoiqQg?sub_confirmation=1\" target=\"_blank\" rel=\"noreferrer noopener\">GP<\/a>\u00a0|\u00a0<a href=\"https:\/\/www.youtube.com\/channel\/UC9csiS6q_C3C0FYhyr1rnFA?sub_confirmation=1\" target=\"_blank\" rel=\"noreferrer noopener\">GP2<\/a><\/strong><\/p>\n\n\n\n<p class=\"wp-block-paragraph\">Aproveite para se inscrever no canal do&nbsp;<strong>GRANDE PR\u00caMIO<\/strong>&nbsp;<a href=\"https:\/\/www.youtube.com\/c\/GrandePremioTV\/videos\">no YouTube<\/a>&nbsp;e n\u00e3o perder as atra\u00e7\u00f5es, incluindo o Paddock GP, que vai ao ar toda segunda-feira e&nbsp;<a href=\"https:\/\/formula1aovivo.com\/\" target=\"_blank\" rel=\"noreferrer noopener\"><\/a><a href=\"https:\/\/formula1aovivo.com\/\" target=\"_blank\" rel=\"noreferrer noopener\"><\/a><a href=\"https:\/\/formula1aovivo.com\/\" target=\"_blank\" rel=\"noreferrer noopener\"><\/a><a href=\"https:\/\/formula1aovivo.com\/\" target=\"_blank\" rel=\"noreferrer noopener\">ao vivo<\/a>.<\/p>\n\n\n\n<p class=\"wp-block-paragraph\">O Paddock GP tem produ\u00e7\u00e3o de Gabriel Carvalho. A dire\u00e7\u00e3o \u00e9 de Rodrigo Berton e o podcast \u00e9 hospedado no feed da Central 3.<\/p>\n","protected":false},"excerpt":{"rendered":"<p>Atra\u00e7\u00e3o vai ao ar \u00e0s 18h50 no YouTube com pr\u00e9via do GP da Em\u00edlia-Romanha. Victor Martins comanda o programa junto de Evelyn Guimar\u00e3es e Gabriel Curty<\/p>\n","protected":false},"author":0,"featured_media":1000559610,"comment_status":"closed","ping_status":"closed","sticky":false,"template":"","format":"standard","meta":{"42wp_featured_image_caption":"","42wp_featured_image_credits":"","42wp_featured_video":"","42wp_featured_image_hidden":false,"42wp_authors_list":[],"footnotes":""},"categories":[40],"tags":[],"42wp_author":[47119],"class_list":["post-113040","post","type-post","status-publish","format-standard","has-post-thumbnail","hentry","category-paddock-gp","42wp_author-gabriel-carvalho"],"_links":{"self":[{"href":"https:\/\/grandepremio.com\/br\/wp-json\/wp\/v2\/posts\/113040","targetHints":{"allow":["GET"]}}],"collection":[{"href":"https:\/\/grandepremio.com\/br\/wp-json\/wp\/v2\/posts"}],"about":[{"href":"https:\/\/grandepremio.com\/br\/wp-json\/wp\/v2\/types\/post"}],"replies":[{"embeddable":true,"href":"https:\/\/grandepremio.com\/br\/wp-json\/wp\/v2\/comments?post=113040"}],"version-history":[{"count":0,"href":"https:\/\/grandepremio.com\/br\/wp-json\/wp\/v2\/posts\/113040\/revisions"}],"wp:featuredmedia":[{"embeddable":true,"href":"https:\/\/grandepremio.com\/br\/wp-json\/wp\/v2\/media\/1000559610"}],"wp:attachment":[{"href":"https:\/\/grandepremio.com\/br\/wp-json\/wp\/v2\/media?parent=113040"}],"wp:term":[{"taxonomy":"category","embeddable":true,"href":"https:\/\/grandepremio.com\/br\/wp-json\/wp\/v2\/categories?post=113040"},{"taxonomy":"post_tag","embeddable":true,"href":"https:\/\/grandepremio.com\/br\/wp-json\/wp\/v2\/tags?post=113040"},{"taxonomy":"42wp_author","embeddable":true,"href":"https:\/\/grandepremio.com\/br\/wp-json\/wp\/v2\/42wp_author?post=113040"}],"curies":[{"name":"wp","href":"https:\/\/api.w.org\/{rel}","templated":true}]}}