{"id":113059,"date":"2022-04-17T18:00:00","date_gmt":"2022-04-17T21:00:00","guid":{"rendered":"https:\/\/grandepremio.com\/br\/noticias\/charles-leclerc-ja-favorito-ao-titulo-formula-1-na-temporada-2022\/"},"modified":"2022-04-15T17:08:46","modified_gmt":"2022-04-15T20:08:46","slug":"charles-leclerc-ja-favorito-ao-titulo-formula-1-na-temporada-2022","status":"publish","type":"post","link":"https:\/\/grandepremio.com\/br\/f1\/charles-leclerc-ja-favorito-ao-titulo-formula-1-na-temporada-2022\/","title":{"rendered":"Leclerc j\u00e1 \u00e9 favorita\u00e7o ao t\u00edtulo da F\u00f3rmula 1 na temporada 2022?"},"content":{"rendered":"\n<p class=\"wp-block-paragraph\">O come\u00e7o da temporada de 2022 da Ferrari n\u00e3o poderia ser melhor. S\u00e3o <a href=\"https:\/\/www.grandepremio.com\/br\/f1\/noticias\/charles-leclerc-manda-vence-gp-da-australia-formula-1-max-verstappen-abandona\/\" class=\"ek-link\">duas vit\u00f3rias<\/a> de Charles Leclerc e uma performance dominante. O monegasco lidera o Mundial de Pilotos com uma substancial vantagem de 34 pontos para o vice George Russell. E a escuderia de Maranello tamb\u00e9m comanda o campeonato de construtores, 39 tentos \u00e0 frente da Mercedes.<\/p>\n\n\n\n<p class=\"wp-block-paragraph\">Depois de anos complicados para os carros vermelhos, Charles explicou que a sensa\u00e7\u00e3o de conseguir \u00f3timos resultados \u00e9 diferente. Ele lembra que j\u00e1 passou por isso nas categorias de base, mas que o sentimento agora \u00e9 muito distinto. <\/p>\n\n\n\n<p class=\"wp-block-paragraph\"><strong>\u25b6\ufe0f&nbsp;Inscreva-se nos dois canais do GRANDE PR\u00caMIO no YouTube:&nbsp;<a href=\"https:\/\/www.youtube.com\/channel\/UC9OlHEgxoaY6QY6nWPoiqQg?sub_confirmation=1\" target=\"_blank\" rel=\"noreferrer noopener\">GP<\/a>&nbsp;|&nbsp;<a href=\"https:\/\/www.youtube.com\/channel\/UC9csiS6q_C3C0FYhyr1rnFA?sub_confirmation=1\" target=\"_blank\" rel=\"noreferrer noopener\">GP2<\/a><\/strong><\/p>\n\n\n\n<figure class=\"wp-block-image size-large\"><img decoding=\"async\" src=\"https:\/\/www.grandepremio.com\/br\/wp-content\/uploads\/2020\/05\/000_328289E-1024x683.jpg\" alt=\"\" class=\"wp-image-557586\"\/><figcaption>Charles Leclerc conquistou a vit\u00f3ria no GP da Austr\u00e1lia (Foto: AFP)<\/figcaption><\/figure>\n\n\n\n<p class=\"wp-block-paragraph\">\u201cJ\u00e1 estive nessa situa\u00e7\u00e3o nas categorias menores, mas estar nessa situa\u00e7\u00e3o na F\u00f3rmula 1 significa muito. Especialmente depois dos \u00faltimos anos, e especialmente com uma equipe como a Ferrari, \u00e9 incr\u00edvel\u201d, afirmou Leclerc, que j\u00e1 assimiu o posto de favorito da temporada. <\/p>\n\n\n\n<p class=\"wp-block-paragraph\">O monegasco chegou a 71 pontos, frutos de duas vit\u00f3rias, um segundo lugar e tr\u00eas voltas mais r\u00e1pidas nas primeiras tr\u00eas corridas do campeonato. Um come\u00e7o impressionante. A dist\u00e2ncia de 34 pontos \u00e9 boa, mas fica com um gostinho de ainda maior quando se aponta que o segundo colocado \u00e9 Russell, numa&nbsp;<a href=\"https:\/\/www.grandepremio.com\/br\/equipe\/f1\/2020\/mercedes-amg-motorsport\/\" target=\"_blank\" rel=\"noreferrer noopener\">Mercedes<\/a>&nbsp;que n\u00e3o se mostrou vencedora o suficiente para promover um de seus dois pilotos ao duelo pelo t\u00edtulo.<\/p>\n\n\n\n<p class=\"wp-block-paragraph\">A&nbsp;<a href=\"https:\/\/www.grandepremio.com\/formula-1\/\" target=\"_blank\" rel=\"noreferrer noopener\">F\u00f3rmula 1<\/a>&nbsp;fica agora no aguardo do GP da Em\u00edlia-Romanha, marcado para 24 de abril. A corrida abre a fase europeia da temporada, com expectativa de atualiza\u00e7\u00f5es pesadas nos carros das equipes.<\/p>\n\n\n\n<p class=\"wp-block-paragraph\">O <strong>Paddock GP<\/strong>, programa de debate do <strong>GRANDE PR\u00caMIO<\/strong>, analisou o momento do monegasco e da Ferrari, al\u00e9m das chances da escuderia de sair de um jejum de t\u00edtulos que j\u00e1 dura 15 anos.<\/p>\n\n\n\n<p class=\"wp-block-paragraph\">Assista j\u00e1!<\/p>\n\n\n\n<figure class=\"wp-block-embed is-type-rich is-provider-incorporar-manipulador wp-block-embed-incorporar-manipulador wp-embed-aspect-16-9 wp-has-aspect-ratio\"><div class=\"wp-block-embed__wrapper\">\n<iframe loading=\"lazy\" title=\"LECLERC J\u00c1 \u00c9 FAVORITA\u00c7O AO T\u00cdTULO DA F\u00d3RMULA 1 NA TEMPORADA 2022?\" width=\"500\" height=\"281\" src=\"https:\/\/www.youtube.com\/embed\/I6DCbg7Tg_0?feature=oembed\" frameborder=\"0\" allow=\"accelerometer; autoplay; clipboard-write; encrypted-media; gyroscope; picture-in-picture; web-share\" referrerpolicy=\"strict-origin-when-cross-origin\" allowfullscreen><\/iframe>\n<\/div><\/figure>\n","protected":false},"excerpt":{"rendered":"<p>Com duas vit\u00f3rias e um segundo lugar neste in\u00edcio de campeonato, Charles Leclerc j\u00e1 se coloca como grande favorito ao t\u00edtulo. Al\u00e9m do talento e da forma como vem guiando, o monegasco tem nas m\u00e3os o melhor carro do grid<\/p>\n","protected":false},"author":0,"featured_media":1000559184,"comment_status":"closed","ping_status":"closed","sticky":false,"template":"","format":"standard","meta":{"42wp_featured_image_caption":"","42wp_featured_image_credits":"","42wp_featured_video":"","42wp_featured_image_hidden":false,"42wp_authors_list":[],"footnotes":""},"categories":[2],"tags":[209,147,1357,207,24837,31064,25081,25814,29648],"42wp_author":[47115],"class_list":["post-113059","post","type-post","status-publish","format-standard","has-post-thumbnail","hentry","category-f1","tag-charles-leclerc","tag-f1","tag-f1-2022","tag-ferrari","tag-formula-1-2","tag-formula-1-2022-3","tag-horarios-da-f1-2","tag-mundial-de-formula-1","tag-temporada-2022-da-f1","42wp_author-evelyn-guimaraes"],"_links":{"self":[{"href":"https:\/\/grandepremio.com\/br\/wp-json\/wp\/v2\/posts\/113059","targetHints":{"allow":["GET"]}}],"collection":[{"href":"https:\/\/grandepremio.com\/br\/wp-json\/wp\/v2\/posts"}],"about":[{"href":"https:\/\/grandepremio.com\/br\/wp-json\/wp\/v2\/types\/post"}],"replies":[{"embeddable":true,"href":"https:\/\/grandepremio.com\/br\/wp-json\/wp\/v2\/comments?post=113059"}],"version-history":[{"count":0,"href":"https:\/\/grandepremio.com\/br\/wp-json\/wp\/v2\/posts\/113059\/revisions"}],"wp:featuredmedia":[{"embeddable":true,"href":"https:\/\/grandepremio.com\/br\/wp-json\/wp\/v2\/media\/1000559184"}],"wp:attachment":[{"href":"https:\/\/grandepremio.com\/br\/wp-json\/wp\/v2\/media?parent=113059"}],"wp:term":[{"taxonomy":"category","embeddable":true,"href":"https:\/\/grandepremio.com\/br\/wp-json\/wp\/v2\/categories?post=113059"},{"taxonomy":"post_tag","embeddable":true,"href":"https:\/\/grandepremio.com\/br\/wp-json\/wp\/v2\/tags?post=113059"},{"taxonomy":"42wp_author","embeddable":true,"href":"https:\/\/grandepremio.com\/br\/wp-json\/wp\/v2\/42wp_author?post=113059"}],"curies":[{"name":"wp","href":"https:\/\/api.w.org\/{rel}","templated":true}]}}