{"id":113092,"date":"2022-04-15T12:29:44","date_gmt":"2022-04-15T15:29:44","guid":{"rendered":"https:\/\/grandepremio.com\/br\/noticias\/alpine-atualizacoes-imola-fala-ser-melhor-equipe-meio-do-pelotao\/"},"modified":"2022-04-15T12:31:33","modified_gmt":"2022-04-15T15:31:33","slug":"alpine-atualizacoes-imola-fala-ser-melhor-equipe-meio-do-pelotao","status":"publish","type":"post","link":"https:\/\/grandepremio.com\/br\/f1\/alpine-atualizacoes-imola-fala-ser-melhor-equipe-meio-do-pelotao\/","title":{"rendered":"Alpine confirma atualiza\u00e7\u00f5es para \u00cdmola e fala em ser \u201cmelhor equipe do meio do pelot\u00e3o\u201d"},"content":{"rendered":"\n<p class=\"wp-block-paragraph\">O GP da Em\u00edlia-Romanha abre a chamada temporada europeia do calend\u00e1rio da F\u00f3rmula 1, e muitas equipes costumam esperar por esse per\u00edodo para promover mudan\u00e7as mais espec\u00edficas em seus carros. \u00c9 o caso da Alpine, que planeja levar para \u00cdmola atualiza\u00e7\u00f5es aerodin\u00e2micas \u201csignificativas\u201d, de acordo com Otmar Szafnauer.<\/p>\n\n\n\n<p class=\"wp-block-paragraph\">O chefe de equipe da Alpine falou sobre a tradi\u00e7\u00e3o de usar a primeira corrida na Europa para testar novos elementos no carro e ainda deu alguns detalhes sobre quais seriam essas atualiza\u00e7\u00f5es.<\/p>\n\n\n\n<p class=\"wp-block-paragraph\">\u201cEu n\u00e3o ficaria surpreso se todos trouxessem atualiza\u00e7\u00f5es para \u00cdmola. Em meus 25 anos fazendo isso, seja qual for a raz\u00e3o, s\u00e3o nas corridas europeias que todos planejam suas mudan\u00e7as\u201d, destacou Szafnauer. \u201cAntes era em Barcelona, agora \u00e9 em \u00cdmola. N\u00f3s tamb\u00e9m traremos algumas, todas aerodin\u00e2micas\u201d, confirmou.<\/p>\n\n\n\n<p class=\"wp-block-paragraph\"><strong>\u25b6\ufe0f\u00a0Inscreva-se nos dois canais do GRANDE PR\u00caMIO no YouTube:\u00a0<a href=\"https:\/\/www.youtube.com\/channel\/UC9OlHEgxoaY6QY6nWPoiqQg?sub_confirmation=1\" target=\"_blank\" rel=\"noreferrer noopener\">GP<\/a>\u00a0|\u00a0<a href=\"https:\/\/www.youtube.com\/channel\/UC9csiS6q_C3C0FYhyr1rnFA?sub_confirmation=1\" target=\"_blank\" rel=\"noreferrer noopener\">GP2<\/a><\/strong><\/p>\n\n\n\n<figure class=\"wp-block-image size-large\"><img decoding=\"async\" src=\"https:\/\/www.grandepremio.com\/br\/wp-content\/uploads\/2021\/02\/GP2016_153921_J5A9738-1024x683.jpg\" alt=\"\" class=\"wp-image-450472\"\/><figcaption>Otmar Szafnauer falou sobre a import\u00e2ncia das corridas na Europa para atualiza\u00e7\u00f5es nos carros (Foto: Racing Point)<\/figcaption><\/figure>\n\n\n\n<p class=\"wp-block-paragraph\"><strong>LEIA MAIS<br><a href=\"https:\/\/www.grandepremio.com\/br\/f1\/noticias\/alpine-ve-teto-orcamentario-aliado-equipes-menores-f1-espero-nao-mude\/\" class=\"ek-link\">Alpine v\u00ea teto or\u00e7ament\u00e1rio como aliado para equipes menores da F1<\/a><\/strong><\/p>\n\n\n\n<p class=\"wp-block-paragraph\">O regulamento 2022 da F\u00f3rmula 1 trouxe a volta do efeito-solo aos carros, e as equipes ainda est\u00e3o se adaptando \u00e0 \u201cnovidade\u201d. Muitas, por exemplo, sofrem com o chamado porpoising, os quiques que o carro d\u00e1 em trechos de alta velocidade, comprometendo o desempenho.<\/p>\n\n\n\n<p class=\"wp-block-paragraph\">Szafnauer destacou que o assoalho dos carros atuais \u00e9 a parte que mais mudou, dando a entender que as atualiza\u00e7\u00f5es devem ser feitas nessa \u00e1rea. \u201c\u00c9 a parte que faz a maior diferen\u00e7a, a parte que est\u00e1 mudando. N\u00e3o um pouco de tudo, e deve ser significativo\u201d, salientou.<\/p>\n\n\n\n<p class=\"wp-block-paragraph\">Para a corrida em \u00cdmola, o dirigente acredita que a equipe francesa manter\u00e1 a boa performance vista nas pistas anteriores, j\u00e1 que considera que o carro \u201cn\u00e3o \u00e9 fraco em nada\u201d. \u201cEle \u00e9 forte em algumas \u00e1reas, mas menos forte do que em outras. [Albert Park] e o circuito saudita foram muito bons. Acho que [\u00cdmola] ser\u00e1 uma boa pista para n\u00f3s.\u201d<\/p>\n\n\n\n<p class=\"wp-block-paragraph\">&#8220;Se algu\u00e9m estiver no meio do pelot\u00e3o, vai querer ser o melhor do grupo. Estamos planejando ser esse time, e vamos trabalhar duro para que isso aconte\u00e7a\u201d, concluiu Szafnauer.<\/p>\n\n\n\n<figure class=\"wp-block-embed is-type-video is-provider-youtube wp-block-embed-youtube wp-embed-aspect-16-9 wp-has-aspect-ratio\"><div class=\"wp-block-embed__wrapper\">\n<iframe loading=\"lazy\" title=\"AUDI COM EQUIPE PR\u00d3PRIA NA F\u00d3RMULA 1? RED BULL EM CRISE? VETTEL APOSENTA? | WGP\" width=\"500\" height=\"281\" src=\"https:\/\/www.youtube.com\/embed\/XKCnYvMY_1k?start=934&amp;feature=oembed\" frameborder=\"0\" allow=\"accelerometer; autoplay; clipboard-write; encrypted-media; gyroscope; picture-in-picture; web-share\" referrerpolicy=\"strict-origin-when-cross-origin\" allowfullscreen><\/iframe>\n<\/div><\/figure>\n","protected":false},"excerpt":{"rendered":"<p>Otmar Szafnauer confirmou que a Alpine levar\u00e1 atualiza\u00e7\u00f5es aerodin\u00e2micas para o GP da Em\u00edlia-Romanha, em \u00cdmola, ressaltando que o carro j\u00e1 mostrou &#8220;ser forte em algumas \u00e1reas&#8221;<\/p>\n","protected":false},"author":0,"featured_media":1000556626,"comment_status":"closed","ping_status":"closed","sticky":false,"template":"","format":"standard","meta":{"42wp_featured_image_caption":"","42wp_featured_image_credits":"","42wp_featured_video":"","42wp_featured_image_hidden":false,"42wp_authors_list":[],"footnotes":""},"categories":[2],"tags":[20491,25606,5386,477,4873,30986],"42wp_author":[47147],"class_list":["post-113092","post","type-post","status-publish","format-standard","has-post-thumbnail","hentry","category-f1","tag-alpine","tag-gp-da-emilia-romanha","tag-imola","tag-otmar-szafnauer","tag-regulamento-f1","tag-temporada-2022-f1","42wp_author-luana-marino"],"_links":{"self":[{"href":"https:\/\/grandepremio.com\/br\/wp-json\/wp\/v2\/posts\/113092","targetHints":{"allow":["GET"]}}],"collection":[{"href":"https:\/\/grandepremio.com\/br\/wp-json\/wp\/v2\/posts"}],"about":[{"href":"https:\/\/grandepremio.com\/br\/wp-json\/wp\/v2\/types\/post"}],"replies":[{"embeddable":true,"href":"https:\/\/grandepremio.com\/br\/wp-json\/wp\/v2\/comments?post=113092"}],"version-history":[{"count":0,"href":"https:\/\/grandepremio.com\/br\/wp-json\/wp\/v2\/posts\/113092\/revisions"}],"wp:featuredmedia":[{"embeddable":true,"href":"https:\/\/grandepremio.com\/br\/wp-json\/wp\/v2\/media\/1000556626"}],"wp:attachment":[{"href":"https:\/\/grandepremio.com\/br\/wp-json\/wp\/v2\/media?parent=113092"}],"wp:term":[{"taxonomy":"category","embeddable":true,"href":"https:\/\/grandepremio.com\/br\/wp-json\/wp\/v2\/categories?post=113092"},{"taxonomy":"post_tag","embeddable":true,"href":"https:\/\/grandepremio.com\/br\/wp-json\/wp\/v2\/tags?post=113092"},{"taxonomy":"42wp_author","embeddable":true,"href":"https:\/\/grandepremio.com\/br\/wp-json\/wp\/v2\/42wp_author?post=113092"}],"curies":[{"name":"wp","href":"https:\/\/api.w.org\/{rel}","templated":true}]}}