{"id":113095,"date":"2022-04-15T10:52:21","date_gmt":"2022-04-15T13:52:21","guid":{"rendered":"https:\/\/grandepremio.com\/br\/noticias\/chefe-mercedes-elogia-potencia-motor-ferrari-2022\/"},"modified":"2022-04-15T11:03:51","modified_gmt":"2022-04-15T14:03:51","slug":"chefe-mercedes-elogia-potencia-motor-ferrari-2022","status":"publish","type":"post","link":"https:\/\/grandepremio.com\/br\/f1\/chefe-mercedes-elogia-potencia-motor-ferrari-2022\/","title":{"rendered":"Chefe da Mercedes elogia ganho de pot\u00eancia do motor Ferrari em 2022: \u201cTodo cr\u00e9dito a eles\u201d"},"content":{"rendered":"\n<p class=\"wp-block-paragraph\">O dom\u00ednio da Mercedes na era h\u00edbrida da F\u00f3rmula 1 <strong><a href=\"https:\/\/www.grandepremio.com\/br\/f1\/noticias\/charles-leclerc-manda-vence-gp-da-australia-formula-1-max-verstappen-abandona\/\" class=\"ek-link\">foi quebrado nesse in\u00edcio de ano pela Ferrari<\/a><\/strong>, que aproveitou as mudan\u00e7as no regulamento para acertar o desenvolvimento do seu motor e, com isso, voltar \u00e0 parte de cima da tabela. E Toto Wolff rasgou elogios \u00e0 pot\u00eancia demonstrada pelo V6 turbo h\u00edbrido da equipe italiana at\u00e9 o momento.<\/p>\n\n\n\n<p class=\"wp-block-paragraph\">Desde o ano passado, a Ferrari j\u00e1 dizia que o foco era a temporada 2022, uma vez que a categoria sofreria mudan\u00e7as significativas nos carros quanto \u00e0 aerodin\u00e2mica. Outro ponto em quest\u00e3o seria a entrada do combust\u00edvel E10 \u2014 composto por 90% gasolina e 10% etanol \u2014 e o congelamento dos motores, que influenciaria diretamente no trabalho de desenvolvimento das unidades de pot\u00eancia.<\/p>\n\n\n\n<p class=\"wp-block-paragraph\"><strong>\u25b6\ufe0f\u00a0Inscreva-se nos dois canais do GRANDE PR\u00caMIO no YouTube:\u00a0<a href=\"https:\/\/www.youtube.com\/channel\/UC9OlHEgxoaY6QY6nWPoiqQg?sub_confirmation=1\" target=\"_blank\" rel=\"noreferrer noopener\">GP<\/a>\u00a0|\u00a0<a href=\"https:\/\/www.youtube.com\/channel\/UC9csiS6q_C3C0FYhyr1rnFA?sub_confirmation=1\" target=\"_blank\" rel=\"noreferrer noopener\">GP2<\/a><\/strong><\/p>\n\n\n\n<figure class=\"wp-block-image size-large\"><img decoding=\"async\" src=\"https:\/\/www.grandepremio.com\/br\/wp-content\/uploads\/2020\/05\/220029-australian-gp-free-practice-gallery-1024x683.jpg\" alt=\"\" class=\"wp-image-558293\"\/><figcaption>A Ferrari sobrou na Austr\u00e1lia, e for\u00e7a do motor tem chamado a aten\u00e7\u00e3o (Foto: Ferrari)<\/figcaption><\/figure>\n\n\n\n<p class=\"wp-block-paragraph\">O que se viu nas tr\u00eas primeiras corridas do ano foi um salto consider\u00e1vel das equipes que correm com motores Ferrari (al\u00e9m da pr\u00f3pria, Alfa Romeo e Haas), enquanto que os times que usam os motores Mercedes \u2014 McLaren, Aston Martin e Williams \u2014 perderam bastante rendimento.<\/p>\n\n\n\n<p class=\"wp-block-paragraph\">\u201cAcho que vimos um grande salto da Ferrari do ano passado para esse ano\u201d, disse Wolff \u00e0 Sky Sports F1 durante o fim de semana do GP da Austr\u00e1lia. Na opini\u00e3o do chefe de equipe da Mercedes, o motor italiano foi de 10kW a menos (cerca de 13cv de pot\u00eancia) para 10kW a mais.<\/p>\n\n\n\n<p class=\"wp-block-paragraph\">\u201cIsso \u00e9 algo que nunca alcan\u00e7amos. Se isso aconteceu, todo o cr\u00e9dito a eles\u201d, elogiou Toto.<\/p>\n\n\n\n<figure class=\"wp-block-embed is-type-video is-provider-youtube wp-block-embed-youtube wp-embed-aspect-16-9 wp-has-aspect-ratio\"><div class=\"wp-block-embed__wrapper\">\n<iframe loading=\"lazy\" title=\"SAINZ AINDA REPRESENTA AMEA\u00c7A NA FERRARI OU LECLERC NADA DE BRA\u00c7ADA NA F\u00d3RMULA 1 2022?\" width=\"500\" height=\"281\" src=\"https:\/\/www.youtube.com\/embed\/QeswaBVtVV0?start=49&amp;feature=oembed\" frameborder=\"0\" allow=\"accelerometer; autoplay; clipboard-write; encrypted-media; gyroscope; picture-in-picture; web-share\" referrerpolicy=\"strict-origin-when-cross-origin\" allowfullscreen><\/iframe>\n<\/div><\/figure>\n","protected":false},"excerpt":{"rendered":"<p>Toto Wolff afirmou que o ganho de desempenho do motor Ferrari ap\u00f3s as mudan\u00e7as no regulamento \u00e9 algo que nem a pr\u00f3pria Mercedes conseguiu atingir em temporadas passadas<\/p>\n","protected":false},"author":0,"featured_media":1000515840,"comment_status":"closed","ping_status":"closed","sticky":false,"template":"","format":"standard","meta":{"42wp_featured_image_caption":"","42wp_featured_image_credits":"","42wp_featured_video":"","42wp_featured_image_hidden":false,"42wp_authors_list":[],"footnotes":""},"categories":[2],"tags":[147,207,24837,886,82,2341,30986,150],"42wp_author":[47147],"class_list":["post-113095","post","type-post","status-publish","format-standard","has-post-thumbnail","hentry","category-f1","tag-f1","tag-ferrari","tag-formula-1-2","tag-maranello","tag-mercedes","tag-motor-ferrari","tag-temporada-2022-f1","tag-toto-wolff","42wp_author-luana-marino"],"_links":{"self":[{"href":"https:\/\/grandepremio.com\/br\/wp-json\/wp\/v2\/posts\/113095","targetHints":{"allow":["GET"]}}],"collection":[{"href":"https:\/\/grandepremio.com\/br\/wp-json\/wp\/v2\/posts"}],"about":[{"href":"https:\/\/grandepremio.com\/br\/wp-json\/wp\/v2\/types\/post"}],"replies":[{"embeddable":true,"href":"https:\/\/grandepremio.com\/br\/wp-json\/wp\/v2\/comments?post=113095"}],"version-history":[{"count":0,"href":"https:\/\/grandepremio.com\/br\/wp-json\/wp\/v2\/posts\/113095\/revisions"}],"wp:featuredmedia":[{"embeddable":true,"href":"https:\/\/grandepremio.com\/br\/wp-json\/wp\/v2\/media\/1000515840"}],"wp:attachment":[{"href":"https:\/\/grandepremio.com\/br\/wp-json\/wp\/v2\/media?parent=113095"}],"wp:term":[{"taxonomy":"category","embeddable":true,"href":"https:\/\/grandepremio.com\/br\/wp-json\/wp\/v2\/categories?post=113095"},{"taxonomy":"post_tag","embeddable":true,"href":"https:\/\/grandepremio.com\/br\/wp-json\/wp\/v2\/tags?post=113095"},{"taxonomy":"42wp_author","embeddable":true,"href":"https:\/\/grandepremio.com\/br\/wp-json\/wp\/v2\/42wp_author?post=113095"}],"curies":[{"name":"wp","href":"https:\/\/api.w.org\/{rel}","templated":true}]}}