{"id":113101,"date":"2022-04-15T05:30:00","date_gmt":"2022-04-15T08:30:00","guid":{"rendered":"https:\/\/grandepremio.com\/br\/noticias\/yamaha-busca-melhorar-moto-fortalecer-equilibrar-relacao-fabio-quartararo\/"},"modified":"2022-04-14T21:07:17","modified_gmt":"2022-04-15T00:07:17","slug":"yamaha-busca-melhorar-moto-fortalecer-equilibrar-relacao-fabio-quartararo","status":"publish","type":"post","link":"https:\/\/grandepremio.com\/br\/motogp\/yamaha-busca-melhorar-moto-fortalecer-equilibrar-relacao-fabio-quartararo\/","title":{"rendered":"Yamaha busca melhorar moto para fortalecer e equilibrar rela\u00e7\u00e3o com Quartararo"},"content":{"rendered":"\n<figure class=\"wp-block-embed is-type-video is-provider-youtube wp-block-embed-youtube wp-embed-aspect-16-9 wp-has-aspect-ratio\"><div class=\"wp-block-embed__wrapper\">\n<iframe loading=\"lazy\" title=\"DIOGO MOREIRA CHEGA BEM PREPARADO NA MOTO3 E SE DESTACA LOGO DE CARA\" width=\"500\" height=\"281\" src=\"https:\/\/www.youtube.com\/embed\/UxajZAOQonE?feature=oembed\" frameborder=\"0\" allow=\"accelerometer; autoplay; clipboard-write; encrypted-media; gyroscope; picture-in-picture; web-share\" referrerpolicy=\"strict-origin-when-cross-origin\" allowfullscreen><\/iframe>\n<\/div><figcaption>DIOGO MOREIRA CHEGA BEM PREPARADO NA MOTO3 E SE DESTACA LOGO DE CARA<br><\/figcaption><\/figure>\n\n\n\n<p class=\"wp-block-paragraph\">Antes da temporada da MotoGP em 2021, Fabio Quartararo era conhecido por oscilar muito. S\u00f3 que, nas primeiras quatro corridas do ano passado, o piloto de Nice venceu duas. E daquele \u00f3timo momento em diante ele venceria mais tr\u00eas, pontuaria em todas as provas, seguraria a press\u00e3o da Ducati de Francesco Bagnaia e conquistaria seu primeiro t\u00edtulo na classe rainha.<\/p>\n\n\n\n<p class=\"wp-block-paragraph\">N\u00e3o \u00e0 toa a Yamaha, que saiu de um jejum de seis anos, se apaixonou pelo encaixe perfeito entre Quartararo e a YZR-M1 no ano passado. Mas \u00e9 preciso deixar claro que, <a href=\"https:\/\/www.grandepremio.com\/br\/motogp\/noticias\/fabio-quartararo-pressiona-evolucao-moto-afetar-futuro-yamaha\/amp\/\" class=\"ek-link\">para uma rela\u00e7\u00e3o funcionar e ser duradoura, \u00e9 preciso que as duas partes estejam alinhadas<\/a> \u2014 algo que ainda n\u00e3o aconteceu em 2022, e que o piloto de 22 anos j\u00e1 deixou claro que pode ser determinante para o futuro no Mundial de Motovelocidade. <\/p>\n\n\n\n<p class=\"wp-block-paragraph\"><strong>\u25b6\ufe0f&nbsp;Inscreva-se nos dois canais do GRANDE PR\u00caMIO no YouTube:&nbsp;<a href=\"https:\/\/www.youtube.com\/channel\/UC9OlHEgxoaY6QY6nWPoiqQg?sub_confirmation=1\" target=\"_blank\" rel=\"noreferrer noopener\">GP<\/a>&nbsp;|&nbsp;<a href=\"https:\/\/www.youtube.com\/channel\/UC9csiS6q_C3C0FYhyr1rnFA?sub_confirmation=1\" target=\"_blank\" rel=\"noreferrer noopener\">GP2<\/a><\/strong><\/p>\n\n\n\n<figure class=\"wp-block-image size-large\"><img decoding=\"async\" src=\"https:\/\/www.grandepremio.com\/br\/wp-content\/uploads\/2022\/04\/DS_2796-1024x683.jpg\" alt=\"\" class=\"wp-image-556423\"\/><figcaption>Fabio Quartararo (Foto: Divulga\u00e7\u00e3o\/MotoGP)<\/figcaption><\/figure>\n\n\n\n<p class=\"wp-block-paragraph\"><strong>CLASSIFICA\u00c7\u00c3O DA MOTOGP<\/strong><br>#&nbsp;<strong><a href=\"https:\/\/www.grandepremio.com\/br\/motogp\/noticias\/enea-bastianini-reassume-lideranca-motogp-vitoria-austin-confira-classificacao\/\">Bastianini reassume lideran\u00e7a da&nbsp;<\/a><a href=\"https:\/\/grandepremio.com\/motovelocidade\/\" target=\"_blank\" rel=\"noreferrer noopener\"><\/a><a href=\"https:\/\/grandepremio.com\/motovelocidade\/\" target=\"_blank\" rel=\"noreferrer noopener\"><\/a><a href=\"https:\/\/grandepremio.com\/motovelocidade\/\" target=\"_blank\" rel=\"noreferrer noopener\"><\/a><a href=\"https:\/\/grandepremio.com\/motovelocidade\/\" target=\"_blank\" rel=\"noreferrer noopener\"><\/a><a href=\"https:\/\/grandepremio.com\/motovelocidade\/\" target=\"_blank\" rel=\"noreferrer noopener\">MotoGP<\/a><a href=\"https:\/\/www.grandepremio.com\/br\/motogp\/noticias\/enea-bastianini-reassume-lideranca-motogp-vitoria-austin-confira-classificacao\/\">&nbsp;com vit\u00f3ria em Austin<\/a><\/strong><\/p>\n\n\n\n<p class=\"wp-block-paragraph\"><a href=\"https:\/\/www.grandepremio.com\/br\/motogp\/noticias\/guia-2022-yamaha-ainda-sofre-motor-busca-evolucao-motogp\/\" class=\"ek-link\">A marca nip\u00f4nica j\u00e1 dava ind\u00edcios de que teria problemas antes mesmo da primeira etapa do campeonato, algo comum nos \u00faltimos anos<\/a>. O problema n\u00e3o est\u00e1 em Fabio, mas na moto. J\u00e1 em 2021 o franc\u00eas mostrava preocupa\u00e7\u00e3o com a for\u00e7a da Ducati e alertava para a maior presen\u00e7a de Desmosedici no grid de 2022 \u2015 com oito motos ao inv\u00e9s de seis. Por isso, a Yamaha precisava sanar o d\u00e9ficit de velocidade da M1. No entanto, n\u00e3o encontrou alento nos testes coletivos de Jerez de La Frontera.<\/p>\n\n\n\n<p class=\"wp-block-paragraph\">\u201cTestamos uma moto muito parecida com a de Misano\u2026 bom, para ser sincero, era a moto de Misano. Ent\u00e3o testamos isso, um novo bra\u00e7o oscilante, alguma coisa de eletr\u00f4nica, anti-wheelie. Para ser honesto, foi muito parecido com Misano\u201d, disse Quartararo. \u201c\u00c9 preciso trabalhar mais para notar melhora. Mesmo assim, foi alguma coisa, como d\u00e1 para imaginar. A moto \u00e9 um primeiro passo&#8221;, acrescentou.<\/p>\n\n\n\n<p class=\"wp-block-paragraph\">O que foi mostrado na Mal\u00e1sia, no teste seguinte, acabou se confirmando <a href=\"https:\/\/www.grandepremio.com\/br\/motogp\/noticias\/fabio-quartararo-lamenta-resultadodiz-gp-catar-mostrou-verdadeira-yamaha\/#:~:text=A%20Ducati%20de%20Francesco%20Bagnaia,corrida%2C%20terminou%20apenas%20em%20nono\" class=\"ek-link\">no GP do Catar, primeira etapa de 2022: a falta de velocidade. Quartararo foi apenas nono.<\/a> \u00c9 importante lembrar que a YZR-M1 utiliza um motor de quatro cilindros em linha, que favorece a efici\u00eancia nas curvas, mas tira das retas, onde as demais motos levam vantagem.<\/p>\n\n\n\n<p class=\"wp-block-paragraph\">\u201cBem, a verdadeira Yamaha \u00e9 a que voc\u00ea viu no Catar. Quero dizer, n\u00e3o penso ou n\u00e3o ouvi falar de algo novo, ent\u00e3o esta \u00e9 a verdadeira Yamaha\u201d, disse ele, ap\u00f3s a prova em Lusail.<\/p>\n\n\n\n<p class=\"wp-block-paragraph\">Na Indon\u00e9sia, ficou com a segunda posi\u00e7\u00e3o e chegou ao primeiro p\u00f3dio na temporada. Mas na Argentina e Estados Unidos voltou para a beira do top-10, na oitava e s\u00e9tima posi\u00e7\u00f5es, respectivamente. E enquanto a equipe de Iwata tenta encontrar um melhor caminho, a press\u00e3o fica ainda maior pela evolu\u00e7\u00e3o das outras construtoras \u2014 isso porque foram <a href=\"https:\/\/www.grandepremio.com\/br\/motogp\/noticias\/motogp-temporada-quatro-vitorias-fabricas-europeias-1a-vez-50-anos\/\" class=\"ek-link\">quatro vit\u00f3rias de f\u00e1bricas europeias at\u00e9 agora, o que n\u00e3o acontecia h\u00e1 50 anos. <\/a><\/p>\n\n\n\n<p class=\"wp-block-paragraph\">\u00c9 n\u00edtido que o time japon\u00eas tem muito a analisar e desenvolver na M1. Massimo Meregalli, chefe da equipe de f\u00e1brica, tamb\u00e9m admitiu uma certa decep\u00e7\u00e3o com o propulsor desenvolvido para o campeonato deste ano. E, com os motores congelados, n\u00e3o h\u00e1 mais nada a ser feito. <\/p>\n\n\n\n<p class=\"wp-block-paragraph\">S\u00f3 na base do trabalho duro que a equipe dos tr\u00eas diapas\u00f5es pode fortalecer a rela\u00e7\u00e3o com Fabio. Talvez, aliviar um pouco o peso nas costas do franc\u00eas o fa\u00e7a, de certa forma, sentir-se melhor para tentar buscar melhores resultados. Mas \u00e9 ineg\u00e1vel que ele precisa de uma M1 est\u00e1vel. \u00c9 o \u00fanico jeito de diminuir a &#8216;Quartararodepend\u00eancia&#8217; e equilibrar ambas as partes.<\/p>\n\n\n\n<p class=\"wp-block-paragraph\">A&nbsp;<a href=\"https:\/\/grandepremio.com\/motovelocidade\/\" target=\"_blank\" rel=\"noreferrer noopener\"><\/a><a href=\"https:\/\/grandepremio.com\/motovelocidade\/\" target=\"_blank\" rel=\"noreferrer noopener\">MotoGP<\/a>&nbsp;volta \u00e0s pistas no pr\u00f3ximo dia 23 de abril, para o GP de&nbsp;<a href=\"https:\/\/grandepremio.pt\/\" target=\"_blank\" rel=\"noreferrer noopener\">Portugal<\/a>, em&nbsp;<a href=\"https:\/\/www.grandepremio.com\/br\/etapa\/f1\/gp-de-portugal-formula-1-2020\/\" target=\"_blank\" rel=\"noreferrer noopener\">Portim\u00e3o<\/a>. O&nbsp;<strong>GRANDE PR\u00caMIO<\/strong>&nbsp;<a href=\"https:\/\/www.grandepremio.com\/br\/motogp\/ultimas-noticias\/\">acompanha todas as atividades<\/a>&nbsp;da quinta etapa do Mundial de&nbsp;<a href=\"https:\/\/www.grandepremio.com\/motovelocidade\/\" target=\"_blank\" rel=\"noreferrer noopener\"><\/a><a href=\"https:\/\/www.grandepremio.com\/motovelocidade\/\" target=\"_blank\" rel=\"noreferrer noopener\"><\/a><a href=\"https:\/\/www.grandepremio.com\/motovelocidade\/\" target=\"_blank\" rel=\"noreferrer noopener\"><\/a><a href=\"https:\/\/www.grandepremio.com\/motovelocidade\/\" target=\"_blank\" rel=\"noreferrer noopener\"><\/a><a href=\"https:\/\/www.grandepremio.com\/motovelocidade\/\" target=\"_blank\" rel=\"noreferrer noopener\">Motovelocidade<\/a>&nbsp;2022.<\/p>\n\n\n\n<p class=\"wp-block-paragraph\"><strong>LEIA MAIS<\/strong><br>#\u00a0<a href=\"https:\/\/www.grandepremio.com\/br\/motogp\/noticias\/alex-rins-manifesta-apoio-apos-podio-austin-pede-paz-ucrania\/\"><strong>Rins manifesta apoio ap\u00f3s p\u00f3dio no GP das Am\u00e9ricas e pede \u2018paz para Ucr\u00e2nia\u2019<\/strong><br><\/a>#\u00a0<strong><a href=\"https:\/\/www.grandepremio.com\/br\/motogp\/noticias\/marc-marquez-lamenta-problema-tecnico-largada-cre-teria-lutado-vitoria-austin\/\">M\u00e1rquez lamenta problema na largada e cr\u00ea que teria \u201clutado pela vit\u00f3ria\u201d em Austin<\/a><\/strong><br>#\u00a0<strong><a href=\"https:\/\/www.grandepremio.com\/br\/motogp\/noticias\/diogo-moreira-lamenta-queda-balanco-positivo-austin\/\">Moreira lamenta queda, mas faz balan\u00e7o positivo de Austin: \u201cFeliz com fim de semana\u201d<\/a><\/strong><br>#\u00a0<strong><a href=\"https:\/\/www.grandepremio.com\/br\/motogp\/noticias\/motogp-temporada-quatro-vitorias-fabricas-europeias-1a-vez-50-anos\/\"><\/a><a href=\"https:\/\/grandepremio.com\/motovelocidade\/\" target=\"_blank\" rel=\"noreferrer noopener\"><\/a><a href=\"https:\/\/grandepremio.com\/motovelocidade\/\" target=\"_blank\" rel=\"noreferrer noopener\"><\/a><a href=\"https:\/\/grandepremio.com\/motovelocidade\/\" target=\"_blank\" rel=\"noreferrer noopener\"><\/a><a href=\"https:\/\/grandepremio.com\/motovelocidade\/\" target=\"_blank\" rel=\"noreferrer noopener\"><\/a><a href=\"https:\/\/grandepremio.com\/motovelocidade\/\" target=\"_blank\" rel=\"noreferrer noopener\">MotoGP<\/a><a href=\"https:\/\/www.grandepremio.com\/br\/motogp\/noticias\/motogp-temporada-quatro-vitorias-fabricas-europeias-1a-vez-50-anos\/\">\u00a0abre temporada com 4 vit\u00f3rias de f\u00e1bricas europeias pela 1\u00aa vez em 50 anos<\/a><\/strong><br>#\u00a0<strong><a href=\"https:\/\/www.grandepremio.com\/br\/motogp\/noticias\/marc-marquez-entretem-bela-reacao-eua-presente-motogp\/\">M\u00e1rquez entret\u00e9m com bela rea\u00e7\u00e3o nos EUA e mostra que ainda \u00e9 presente na MotoGP<\/a><\/strong><\/p>\n\n\n\n<figure class=\"wp-block-embed is-type-video is-provider-youtube wp-block-embed-youtube wp-embed-aspect-16-9 wp-has-aspect-ratio\"><div class=\"wp-block-embed__wrapper\">\n<iframe loading=\"lazy\" title=\"ALEIX ESPARGAR\u00d3 TEM VIT\u00d3RIA JUSTA PELA MOTOGP NA ARGENTINA\" width=\"500\" height=\"281\" src=\"https:\/\/www.youtube.com\/embed\/CyKcdvQowdM?feature=oembed\" frameborder=\"0\" allow=\"accelerometer; autoplay; clipboard-write; encrypted-media; gyroscope; picture-in-picture; web-share\" referrerpolicy=\"strict-origin-when-cross-origin\" allowfullscreen><\/iframe>\n<\/div><figcaption>ALEIX ESPARGAR\u00d3 TEM VIT\u00d3RIA JUSTA PELA MOTOGP NA ARGENTINA<br><\/figcaption><\/figure>\n","protected":false},"excerpt":{"rendered":"<p>O relacionamento da Yamaha com Fabio Quartararo n\u00e3o poderia ter sido melhor em 2021, quando o franc\u00eas terminou o ano com o t\u00edtulo. S\u00f3 que \u00e9 preciso que os dois lados estejam alinhados para a rela\u00e7\u00e3o perdurar. E \u00e9 nisso que a casa de Iwata precisa trabalhar <\/p>\n","protected":false},"author":0,"featured_media":1000554745,"comment_status":"closed","ping_status":"closed","sticky":false,"template":"","format":"standard","meta":{"42wp_featured_image_caption":"","42wp_featured_image_credits":"","42wp_featured_video":"","42wp_featured_image_hidden":false,"42wp_authors_list":[],"footnotes":""},"categories":[8],"tags":[31318,79,78,2997,30733,30728,30734,25819,28345,28766,26690,172],"42wp_author":[47139],"class_list":["post-113101","post","type-post","status-publish","format-standard","has-post-thumbnail","hentry","category-motogp","tag-fabio-quartararo-2","tag-moto-gp","tag-motogp","tag-motogp-2022","tag-motogp-2022-calendario","tag-motogp-calendario-2022","tag-motogp-classificacao-2022","tag-motogp-hoje","tag-motogp-horarios","tag-motogp-standings","tag-pilotos-motogp","tag-yamaha","42wp_author-ana-cerveira"],"_links":{"self":[{"href":"https:\/\/grandepremio.com\/br\/wp-json\/wp\/v2\/posts\/113101","targetHints":{"allow":["GET"]}}],"collection":[{"href":"https:\/\/grandepremio.com\/br\/wp-json\/wp\/v2\/posts"}],"about":[{"href":"https:\/\/grandepremio.com\/br\/wp-json\/wp\/v2\/types\/post"}],"replies":[{"embeddable":true,"href":"https:\/\/grandepremio.com\/br\/wp-json\/wp\/v2\/comments?post=113101"}],"version-history":[{"count":0,"href":"https:\/\/grandepremio.com\/br\/wp-json\/wp\/v2\/posts\/113101\/revisions"}],"wp:featuredmedia":[{"embeddable":true,"href":"https:\/\/grandepremio.com\/br\/wp-json\/wp\/v2\/media\/1000554745"}],"wp:attachment":[{"href":"https:\/\/grandepremio.com\/br\/wp-json\/wp\/v2\/media?parent=113101"}],"wp:term":[{"taxonomy":"category","embeddable":true,"href":"https:\/\/grandepremio.com\/br\/wp-json\/wp\/v2\/categories?post=113101"},{"taxonomy":"post_tag","embeddable":true,"href":"https:\/\/grandepremio.com\/br\/wp-json\/wp\/v2\/tags?post=113101"},{"taxonomy":"42wp_author","embeddable":true,"href":"https:\/\/grandepremio.com\/br\/wp-json\/wp\/v2\/42wp_author?post=113101"}],"curies":[{"name":"wp","href":"https:\/\/api.w.org\/{rel}","templated":true}]}}