{"id":113108,"date":"2022-04-14T18:30:00","date_gmt":"2022-04-14T21:30:00","guid":{"rendered":"https:\/\/grandepremio.com\/br\/noticias\/carlos-sainz-representa-ameaca-ferrari-charles-leclerc-nada-bracada-formula-1\/"},"modified":"2022-08-27T16:52:27","modified_gmt":"2022-08-27T19:52:27","slug":"carlos-sainz-representa-ameaca-ferrari-charles-leclerc-nada-bracada-formula-1","status":"publish","type":"post","link":"https:\/\/grandepremio.com\/br\/f1\/carlos-sainz-representa-ameaca-ferrari-charles-leclerc-nada-bracada-formula-1\/","title":{"rendered":"Sainz ainda representa amea\u00e7a na Ferrari ou Leclerc nada de bra\u00e7ada na F1?"},"content":{"rendered":"\n<p class=\"wp-block-paragraph\">Carlos Sainz abandonou a corrida no <a href=\"https:\/\/www.grandepremio.com\/br\/f1\/noticias\/charles-leclerc-manda-vence-gp-da-australia-formula-1-max-verstappen-abandona\/\" target=\"_blank\" aria-label=\"GP da Austr\u00e1lia (opens in a new tab)\" rel=\"noreferrer noopener\" class=\"ek-link\">GP da Austr\u00e1lia<\/a> ap\u00f3s uma classifica\u00e7\u00e3o para esquecer, e Charles Leclerc rumou tranquilamente ao longo das 58 voltas para uma vit\u00f3ria tranquila. Com 38 pontos distanciando os pilotos na tabela de classifica\u00e7\u00e3o da F\u00f3rmula 1, ainda ser\u00e1 poss\u00edvel ao espanhol levar a briga ao l\u00edder do campeonato?<\/p>\n\n\n\n<p class=\"wp-block-paragraph\">A Ferrari \u2014 conhecida pelos jogos de equipe e por determinar um &#8216;primeiro piloto&#8217; nas disputas pelo t\u00edtulo \u2014 ainda n\u00e3o entrou em cena para condicionar a batalha entre os dois \u2014 e nem deveria. Sem outras equipes amea\u00e7ando no momento o posto de pot\u00eancia do campeonato, a escuderia italiana enxerga a possibilidade de seus dois pilotos duelarem pela conquista.<\/p>\n\n\n\n<p class=\"wp-block-paragraph\"><strong>\u25b6\ufe0f&nbsp;Inscreva-se nos dois canais do GRANDE PR\u00caMIO no YouTube:&nbsp;<a href=\"https:\/\/www.youtube.com\/channel\/UC9OlHEgxoaY6QY6nWPoiqQg?sub_confirmation=1\" target=\"_blank\" rel=\"noreferrer noopener\">GP<\/a>&nbsp;|&nbsp;<a href=\"https:\/\/www.youtube.com\/channel\/UC9csiS6q_C3C0FYhyr1rnFA?sub_confirmation=1\" target=\"_blank\" rel=\"noreferrer noopener\">GP2<\/a><\/strong><\/p>\n\n\n\n<figure class=\"wp-block-image size-large\"><img decoding=\"async\" src=\"https:\/\/www.grandepremio.com\/br\/wp-content\/uploads\/2022\/03\/ferrari-carlossainz-01-5-1024x683.jpg\" alt=\"\" class=\"wp-image-552455\"\/><figcaption>Carlos Sainz ainda tem chances de desafiar Leclerc pela lideran\u00e7a em 2022? (Foto: Ferrari)<\/figcaption><\/figure>\n\n\n\n<p class=\"wp-block-paragraph\">No entanto, a Red Bull ainda busca solu\u00e7\u00f5es para os problemas de confiabilidade e a Mercedes segue em sua cruzada para resolver o quique do W13, que deixa o carro consideravelmente mais lento \u2014 principalmente nas grandes retas. Assim, caso os dois concorrentes diretos apresentem condi\u00e7\u00f5es de brigarem pelo t\u00edtulo, \u00e9 poss\u00edvel que a Ferrari mude de postura e opte por um de seus pilotos na briga? Se sim, qual deles seria?<\/p>\n\n\n\n<p class=\"wp-block-paragraph\"><strong>\u00c9 sobre isso que Jo\u00e3o Pedro Nascimento analisa no v\u00eddeo desta semana:<\/strong><\/p>\n\n\n\n<figure class=\"wp-block-embed is-type-video is-provider-youtube wp-block-embed-youtube wp-embed-aspect-16-9 wp-has-aspect-ratio\"><div class=\"wp-block-embed__wrapper\">\n<iframe loading=\"lazy\" title=\"SAINZ AINDA REPRESENTA AMEA\u00c7A NA FERRARI OU LECLERC NADA DE BRA\u00c7ADA NA F\u00d3RMULA 1 2022?\" width=\"500\" height=\"281\" src=\"https:\/\/www.youtube.com\/embed\/QeswaBVtVV0?feature=oembed\" frameborder=\"0\" allow=\"accelerometer; autoplay; clipboard-write; encrypted-media; gyroscope; picture-in-picture; web-share\" referrerpolicy=\"strict-origin-when-cross-origin\" allowfullscreen><\/iframe>\n<\/div><\/figure>\n","protected":false},"excerpt":{"rendered":"<p>Charles Leclerc lidera o Mundial de Pilotos da F\u00f3rmula 1 com 38 pontos de vantagem para o companheiro de equipe, Carlos Sainz, e j\u00e1 venceu duas vezes em 2022. Ainda \u00e9 poss\u00edvel para o espanhol amea\u00e7ar nessa briga?<\/p>\n","protected":false},"author":0,"featured_media":1000558933,"comment_status":"closed","ping_status":"closed","sticky":false,"template":"","format":"standard","meta":{"42wp_featured_image_caption":"","42wp_featured_image_credits":"","42wp_featured_video":"","42wp_featured_image_hidden":false,"42wp_authors_list":[],"footnotes":""},"categories":[2],"tags":[4346,546,209,147,156,1357,207,24837,24840,1753,24836,28285,1757,24842],"42wp_author":[47142],"class_list":["post-113108","post","type-post","status-publish","format-standard","has-post-thumbnail","hentry","category-f1","tag-albert-park","tag-carlos-sainz","tag-charles-leclerc","tag-f1","tag-f1-2021","tag-f1-2022","tag-ferrari","tag-formula-1-2","tag-gp-as-10-2","tag-gp-da-australia","tag-grande-premio-2","tag-grandepremio","tag-melbourne","tag-video-2","42wp_author-jp-nascimento"],"_links":{"self":[{"href":"https:\/\/grandepremio.com\/br\/wp-json\/wp\/v2\/posts\/113108","targetHints":{"allow":["GET"]}}],"collection":[{"href":"https:\/\/grandepremio.com\/br\/wp-json\/wp\/v2\/posts"}],"about":[{"href":"https:\/\/grandepremio.com\/br\/wp-json\/wp\/v2\/types\/post"}],"replies":[{"embeddable":true,"href":"https:\/\/grandepremio.com\/br\/wp-json\/wp\/v2\/comments?post=113108"}],"version-history":[{"count":0,"href":"https:\/\/grandepremio.com\/br\/wp-json\/wp\/v2\/posts\/113108\/revisions"}],"wp:featuredmedia":[{"embeddable":true,"href":"https:\/\/grandepremio.com\/br\/wp-json\/wp\/v2\/media\/1000558933"}],"wp:attachment":[{"href":"https:\/\/grandepremio.com\/br\/wp-json\/wp\/v2\/media?parent=113108"}],"wp:term":[{"taxonomy":"category","embeddable":true,"href":"https:\/\/grandepremio.com\/br\/wp-json\/wp\/v2\/categories?post=113108"},{"taxonomy":"post_tag","embeddable":true,"href":"https:\/\/grandepremio.com\/br\/wp-json\/wp\/v2\/tags?post=113108"},{"taxonomy":"42wp_author","embeddable":true,"href":"https:\/\/grandepremio.com\/br\/wp-json\/wp\/v2\/42wp_author?post=113108"}],"curies":[{"name":"wp","href":"https:\/\/api.w.org\/{rel}","templated":true}]}}