{"id":113134,"date":"2022-04-13T14:30:00","date_gmt":"2022-04-13T17:30:00","guid":{"rendered":"https:\/\/grandepremio.com\/br\/noticias\/tt-gp-48-ferrari-nadar-bracada-formula-1-2022\/"},"modified":"2022-04-13T14:17:17","modified_gmt":"2022-04-13T17:17:17","slug":"tt-gp-48-ferrari-nadar-bracada-formula-1-2022","status":"publish","type":"post","link":"https:\/\/grandepremio.com\/br\/f1\/tt-gp-48-ferrari-nadar-bracada-formula-1-2022\/","title":{"rendered":"TT GP #48 | Ferrari vai nadar de bra\u00e7ada na F\u00f3rmula 1 2022? + Hamilton no Brasil"},"content":{"rendered":"\n<figure class=\"wp-block-embed is-type-video is-provider-youtube wp-block-embed-youtube wp-embed-aspect-16-9 wp-has-aspect-ratio\"><div class=\"wp-block-embed__wrapper\">\n<iframe loading=\"lazy\" title=\"FERRARI VAI NADAR DE BRA\u00c7ADA NA F\u00d3RMULA 1 2022? + HAMILTON NO BRASIL | TT GP #48\" width=\"500\" height=\"281\" src=\"https:\/\/www.youtube.com\/embed\/LgKAum4o8Y4?feature=oembed\" frameborder=\"0\" allow=\"accelerometer; autoplay; clipboard-write; encrypted-media; gyroscope; picture-in-picture; web-share\" referrerpolicy=\"strict-origin-when-cross-origin\" allowfullscreen><\/iframe>\n<\/div><figcaption>FERRARI VAI NADAR DE BRA\u00c7ADA NA F\u00d3RMULA 1 2022? + HAMILTON NO BRASIL | TT GP #48<\/figcaption><\/figure>\n\n\n\n<p class=\"wp-block-paragraph\">Em apenas tr\u00eas corridas do Mundial de F\u00f3rmula 1 na temporada 2022, a Ferrari j\u00e1 conseguiu abrir 39 e 49 pontos, respectivamente, para Mercedes e Red Bull e viu Charles Leclerc colocar 34 em George Russell na ponta do Mundial de Pilotos. \u00c9 um in\u00edcio avassalador da equipe que n\u00e3o conquista trof\u00e9us desde o fim dos anos 2000. A Ferrari vai desfilar rumo ao retorno aos t\u00edtulos? O TT GP fala sobre isso.<\/p>\n\n\n\n<p class=\"wp-block-paragraph\">A quest\u00e3o se imp\u00f5e n\u00e3o somente pela frieza dos n\u00fameros, mas por todas as circunst\u00e2ncias. Nem d\u00e1 para dizer que tudo deu certo para os ferraristas, visto que Carlos Sainz fez um fim de semana ruim e abandonou a <strong><a href=\"https:\/\/www.grandepremio.com\/br\/f1\/noticias\/charles-leclerc-manda-vence-gp-da-australia-formula-1-max-verstappen-abandona\/\" class=\"ek-link\">corrida da Austr\u00e1lia<\/a><\/strong>, no \u00faltimo domingo, sem pontuar. Mesmo assim, quando se olha para as duas rivais, o que se v\u00ea \u00e9 uma dist\u00e2ncia enorme.<\/p>\n\n\n\n<p class=\"wp-block-paragraph\">No caso da Mercedes, o carro \u00e9, ao menos hoje, lento. Quica demais, o que afeta o desempenho e cria outros problemas. A Red Bull, por sua vez, \u00e9 bem r\u00e1pida e consegue duelar, mas o caro quebra muito. Max Verstappen j\u00e1 abandonou duas vezes por problemas mec\u00e2nicos e tem apenas 25 pontos contra 71 de Leclerc. Chegou a hora vermelha?<\/p>\n\n\n\n<p class=\"wp-block-paragraph\">Pedro Henrique Marum apresenta o TT GP e conta com os coment\u00e1rios de Guilherme Bloisi e Jo\u00e3o Pedro Nascimento.<\/p>\n\n\n\n<p class=\"wp-block-paragraph\"><strong>\u25b6\ufe0f&nbsp;Inscreva-se nos dois canais do GRANDE PR\u00caMIO no YouTube:&nbsp;<a href=\"https:\/\/www.youtube.com\/channel\/UC9OlHEgxoaY6QY6nWPoiqQg?sub_confirmation=1\" target=\"_blank\" rel=\"noreferrer noopener\">GP<\/a>&nbsp;|&nbsp;<a href=\"https:\/\/www.youtube.com\/channel\/UC9csiS6q_C3C0FYhyr1rnFA?sub_confirmation=1\" target=\"_blank\" rel=\"noreferrer noopener\">GP2<\/a><\/strong><\/p>\n","protected":false},"excerpt":{"rendered":"<p>A Ferrari come\u00e7a o campeonato sobrando e conquistando resultados enquanto as rivais sofrem. Ser\u00e1 um t\u00edtulo f\u00e1cil assim?<\/p>\n","protected":false},"author":0,"featured_media":1000558725,"comment_status":"closed","ping_status":"closed","sticky":false,"template":"","format":"standard","meta":{"42wp_featured_image_caption":"","42wp_featured_image_credits":"","42wp_featured_video":"","42wp_featured_image_hidden":false,"42wp_authors_list":[],"footnotes":""},"categories":[2],"tags":[546,209,1357,207,31064,1753,24836,28285,1541,30267,442,1757,570,27402],"42wp_author":[47120],"class_list":["post-113134","post","type-post","status-publish","format-standard","has-post-thumbnail","hentry","category-f1","tag-carlos-sainz","tag-charles-leclerc","tag-f1-2022","tag-ferrari","tag-formula-1-2022-3","tag-gp-da-australia","tag-grande-premio-2","tag-grandepremio","tag-guilherme-bloisi","tag-joao-pedro-nascimento","tag-mattia-binotto","tag-melbourne","tag-pedro-henrique-marum","tag-tt-gp","42wp_author-pedro-henrique-marum"],"_links":{"self":[{"href":"https:\/\/grandepremio.com\/br\/wp-json\/wp\/v2\/posts\/113134","targetHints":{"allow":["GET"]}}],"collection":[{"href":"https:\/\/grandepremio.com\/br\/wp-json\/wp\/v2\/posts"}],"about":[{"href":"https:\/\/grandepremio.com\/br\/wp-json\/wp\/v2\/types\/post"}],"replies":[{"embeddable":true,"href":"https:\/\/grandepremio.com\/br\/wp-json\/wp\/v2\/comments?post=113134"}],"version-history":[{"count":0,"href":"https:\/\/grandepremio.com\/br\/wp-json\/wp\/v2\/posts\/113134\/revisions"}],"wp:featuredmedia":[{"embeddable":true,"href":"https:\/\/grandepremio.com\/br\/wp-json\/wp\/v2\/media\/1000558725"}],"wp:attachment":[{"href":"https:\/\/grandepremio.com\/br\/wp-json\/wp\/v2\/media?parent=113134"}],"wp:term":[{"taxonomy":"category","embeddable":true,"href":"https:\/\/grandepremio.com\/br\/wp-json\/wp\/v2\/categories?post=113134"},{"taxonomy":"post_tag","embeddable":true,"href":"https:\/\/grandepremio.com\/br\/wp-json\/wp\/v2\/tags?post=113134"},{"taxonomy":"42wp_author","embeddable":true,"href":"https:\/\/grandepremio.com\/br\/wp-json\/wp\/v2\/42wp_author?post=113134"}],"curies":[{"name":"wp","href":"https:\/\/api.w.org\/{rel}","templated":true}]}}