{"id":113137,"date":"2022-04-13T12:10:15","date_gmt":"2022-04-13T15:10:15","guid":{"rendered":"https:\/\/grandepremio.com\/br\/noticias\/kevin-magnussen-empolga-podio-haas-2022-sonho-realista\/"},"modified":"2022-04-13T15:40:35","modified_gmt":"2022-04-13T18:40:35","slug":"kevin-magnussen-empolga-podio-haas-2022-sonho-realista","status":"publish","type":"post","link":"https:\/\/grandepremio.com\/br\/f1\/kevin-magnussen-empolga-podio-haas-2022-sonho-realista\/","title":{"rendered":"Magnussen se empolga e diz que p\u00f3dio pela Haas em 2022 \u00e9 &#8220;um sonho realista&#8221;"},"content":{"rendered":"\n<figure class=\"wp-block-embed is-type-video is-provider-youtube wp-block-embed-youtube wp-embed-aspect-16-9 wp-has-aspect-ratio\"><div class=\"wp-block-embed__wrapper\">\n<iframe loading=\"lazy\" title=\"VERSTAPPEN \u00c9 CARTA FORA DO BARALHO DA F\u00d3RMULA 1 2022 SE MOTOR RED BULL CONTINUAR ASSIM\" width=\"500\" height=\"281\" src=\"https:\/\/www.youtube.com\/embed\/LDn_SKjKvJE?feature=oembed\" frameborder=\"0\" allow=\"accelerometer; autoplay; clipboard-write; encrypted-media; gyroscope; picture-in-picture; web-share\" referrerpolicy=\"strict-origin-when-cross-origin\" allowfullscreen><\/iframe>\n<\/div><figcaption>VERSTAPPEN \u00c9 CARTA FORA DO BARALHO DA F\u00d3RMULA 1 2022 SE MOTOR RED BULL CONTINUAR ASSIM<\/figcaption><\/figure>\n\n\n\n<p class=\"wp-block-paragraph\">De volta \u00e0 F\u00f3rmula 1 para a temporada 2022, Kevin Magnussen afirmou que enxerga a possibilidade de colocar a Haas no p\u00f3dio. <a href=\"https:\/\/www.grandepremio.com\/br\/f1\/classificacao\/\" target=\"_blank\" aria-label=\"O piloto dinamarqu\u00eas somou 12 pontos (opens in a new tab)\" rel=\"noreferrer noopener\" class=\"ek-link\">O piloto dinamarqu\u00eas somou 12 pontos<\/a> nas primeiras tr\u00eas corridas da temporada e vive uma temporada diferente com a equipe, que n\u00e3o conseguiu somar um tento sequer no ano passado. No entanto, &#8216;K-Mag&#8217; reconhece que seria necess\u00e1rio alguns problemas nos carros da frente \u2014 ainda assim, menos do que em anos anteriores.<\/p>\n\n\n\n<p class=\"wp-block-paragraph\">&#8220;O p\u00f3dio \u00e9 um sonho para a gente, algo em que pensamos sobre&#8221;, explicou Magnussen. &#8220;Queremos ser a melhor equipe fora do top-3 e se conseguirmos, ficar\u00edamos em s\u00e9timo nas condi\u00e7\u00f5es normais. N\u00e3o precisaria que muitos carros tivessem problemas, e a Mercedes n\u00e3o tem sido muito mais r\u00e1pida do que n\u00f3s neste come\u00e7o&#8221;, salientou.<\/p>\n\n\n\n<p class=\"wp-block-paragraph\">&#8220;N\u00e3o precisar\u00edamos de tanta sorte assim para conseguir, por mais que por puro ritmo seja imposs\u00edvel de alcan\u00e7ar&#8221;, admitiu. &#8220;\u00c9 claro, no ano passado vimos corridas malucas e algumas equipes que n\u00e3o estavam l\u00e1 em cima alcan\u00e7arem o p\u00f3dio. Acho que \u00e9 um sonho realista para n\u00f3s esse ano. Mesmo que n\u00e3o tenhamos o ritmo em si, eu sonho e apostaria meu dinheiro em um p\u00f3dio da Haas&#8221;, opinou.<\/p>\n\n\n\n<figure class=\"wp-block-image size-large\"><img decoding=\"async\" src=\"https:\/\/www.grandepremio.com\/br\/wp-content\/uploads\/2022\/04\/haas-kevinmagnussen-03-1024x576.jpg\" alt=\"\" class=\"wp-image-557455\"\/><figcaption>Magnussen conseguiu somar 12 pontos at\u00e9 aqui em 2022, ap\u00f3s tr\u00eas etapas disputadas (Foto: Haas F1 Team)<\/figcaption><\/figure>\n\n\n\n<p class=\"wp-block-paragraph\">Outro fator apontado como relevante para Magnussen \u00e9 o teto de gastos em vigor na temporada 2022, que limita a possibilidade de investimento das equipes como forma de equipar\u00e1-las na disputa. Assim, Kevin acredita que as equipes menores possuem mais chances de obter um resultado surpreendente do que no passado.<\/p>\n\n\n\n<p class=\"wp-block-paragraph\">&#8220;Com o teto de gastos, a Haas tem mais possibilidade de se equiparar no come\u00e7o da temporada, j\u00e1 que as equipes mais poderosas n\u00e3o podem investir o tanto que quiserem&#8221;, disse. &#8220;Tudo ser\u00e1 mais pr\u00f3ximo e acho que a F\u00f3rmula 1 \u00e9 um lugar melhor para equipes menores do que era antes&#8221;, ressaltou.<\/p>\n\n\n\n<p class=\"wp-block-paragraph\">&#8220;Eu estou realmente ansioso para ver como poderemos acompanhar os melhores com o teto de gastos&#8221;, afirmou. &#8220;Existem tantas equipes grandes, mas elas n\u00e3o t\u00eam mais tanto dinheiro como no passado. Espero que estejamos \u00e0 altura da tarefa nos pr\u00f3ximos anos, e meu objetivo ainda \u00e9 vencer na F\u00f3rmula 1. Meu sonho sempre foi ser campe\u00e3o&#8221;, revelou.<\/p>\n\n\n\n<figure class=\"wp-block-image size-large\"><img decoding=\"async\" src=\"https:\/\/www.grandepremio.com\/br\/wp-content\/uploads\/2022\/03\/haas-kevinmagnussen-01-7-1024x713.jpg\" alt=\"\" class=\"wp-image-552768\"\/><figcaption>Audi\u00eancia da F1 na Dinamarca disparou, de acordo com Magnussen (Foto: Haas F1 Team)<\/figcaption><\/figure>\n\n\n\n<p class=\"wp-block-paragraph\"><strong>\u25b6\ufe0f&nbsp;Inscreva-se nos dois canais do GRANDE PR\u00caMIO no YouTube:&nbsp;<a href=\"https:\/\/www.youtube.com\/channel\/UC9OlHEgxoaY6QY6nWPoiqQg?sub_confirmation=1\" target=\"_blank\" rel=\"noreferrer noopener\">GP<\/a>&nbsp;|&nbsp;<a href=\"https:\/\/www.youtube.com\/channel\/UC9csiS6q_C3C0FYhyr1rnFA?sub_confirmation=1\" target=\"_blank\" rel=\"noreferrer noopener\">GP2<\/a><\/strong><\/p>\n\n\n\n<p class=\"wp-block-paragraph\">Por fim, Magnussen reafirmou o sonho de vencer o campeonato na F1, ainda que a possibilidade pare\u00e7a longe. No entanto, o dinamarqu\u00eas afirmou que ainda nutre esperan\u00e7as de chegar l\u00e1 e aproveitou para destacar a paix\u00e3o de seu povo pelo esporte, que disparou em audi\u00eancia no pa\u00eds desde seu retorno \u00e0 categoria.<\/p>\n\n\n\n<p class=\"wp-block-paragraph\">&#8220;Sempre tive o sonho de vencer na F\u00f3rmula 1 e no ano passado eu percebi que n\u00e3o ia acontecer comigo longe&#8221;, destacou. &#8220;\u00c9 claro, em 2022 eu estou de volta e tenho que lidar com isso, j\u00e1 que \u00e9 uma esperan\u00e7a que ainda existe. A Dinamarca sentiu falta de um piloto do pa\u00eds e a audi\u00eancia nas duas primeiras corridas foram as mais altas da hist\u00f3ria&#8221;, finalizou Magnussen.<\/p>\n","protected":false},"excerpt":{"rendered":"<p>Kevin Magnussen retornou \u00e0 F\u00f3rmula 1 em 2022 para encontrar uma Haas bem superior \u00e0 do ano passado e disse acreditar em possibilidade real de p\u00f3dio para a equipe, desde que haja alguma sorte<\/p>\n","protected":false},"author":0,"featured_media":1000557453,"comment_status":"closed","ping_status":"closed","sticky":false,"template":"","format":"standard","meta":{"42wp_featured_image_caption":"","42wp_featured_image_credits":"","42wp_featured_video":"","42wp_featured_image_hidden":false,"42wp_authors_list":[],"footnotes":""},"categories":[2],"tags":[4346,147,156,1357,24837,1753,24836,28285,119,117,1757,1294],"42wp_author":[47142],"class_list":["post-113137","post","type-post","status-publish","format-standard","has-post-thumbnail","hentry","category-f1","tag-albert-park","tag-f1","tag-f1-2021","tag-f1-2022","tag-formula-1-2","tag-gp-da-australia","tag-grande-premio-2","tag-grandepremio","tag-haas","tag-kevin-magnussen","tag-melbourne","tag-mick-schumacher","42wp_author-jp-nascimento"],"_links":{"self":[{"href":"https:\/\/grandepremio.com\/br\/wp-json\/wp\/v2\/posts\/113137","targetHints":{"allow":["GET"]}}],"collection":[{"href":"https:\/\/grandepremio.com\/br\/wp-json\/wp\/v2\/posts"}],"about":[{"href":"https:\/\/grandepremio.com\/br\/wp-json\/wp\/v2\/types\/post"}],"replies":[{"embeddable":true,"href":"https:\/\/grandepremio.com\/br\/wp-json\/wp\/v2\/comments?post=113137"}],"version-history":[{"count":0,"href":"https:\/\/grandepremio.com\/br\/wp-json\/wp\/v2\/posts\/113137\/revisions"}],"wp:featuredmedia":[{"embeddable":true,"href":"https:\/\/grandepremio.com\/br\/wp-json\/wp\/v2\/media\/1000557453"}],"wp:attachment":[{"href":"https:\/\/grandepremio.com\/br\/wp-json\/wp\/v2\/media?parent=113137"}],"wp:term":[{"taxonomy":"category","embeddable":true,"href":"https:\/\/grandepremio.com\/br\/wp-json\/wp\/v2\/categories?post=113137"},{"taxonomy":"post_tag","embeddable":true,"href":"https:\/\/grandepremio.com\/br\/wp-json\/wp\/v2\/tags?post=113137"},{"taxonomy":"42wp_author","embeddable":true,"href":"https:\/\/grandepremio.com\/br\/wp-json\/wp\/v2\/42wp_author?post=113137"}],"curies":[{"name":"wp","href":"https:\/\/api.w.org\/{rel}","templated":true}]}}