{"id":113161,"date":"2022-04-12T12:06:59","date_gmt":"2022-04-12T15:06:59","guid":{"rendered":"https:\/\/grandepremio.com\/br\/noticias\/antonio-felix-da-costa-lamenta-falta-confianca-carro-ds-techeetah-vulneravel\/"},"modified":"2022-04-12T12:50:03","modified_gmt":"2022-04-12T15:50:03","slug":"antonio-felix-da-costa-lamenta-falta-confianca-carro-ds-techeetah-vulneravel","status":"publish","type":"post","link":"https:\/\/grandepremio.com\/br\/formula-e\/antonio-felix-da-costa-lamenta-falta-confianca-carro-ds-techeetah-vulneravel\/","title":{"rendered":"Da Costa lamenta &#8220;falta de confian\u00e7a&#8221; em carro da DS Techeetah: &#8220;Fico vulner\u00e1vel&#8221;"},"content":{"rendered":"\n<figure class=\"wp-block-embed is-type-video is-provider-youtube wp-block-embed-youtube wp-embed-aspect-16-9 wp-has-aspect-ratio\"><div class=\"wp-block-embed__wrapper\">\n<iframe loading=\"lazy\" title=\"VERSTAPPEN \u00c9 CARTA FORA DO BARALHO DA F\u00d3RMULA 1 2022 SE MOTOR RED BULL CONTINUAR ASSIM\" width=\"500\" height=\"281\" src=\"https:\/\/www.youtube.com\/embed\/LDn_SKjKvJE?feature=oembed\" frameborder=\"0\" allow=\"accelerometer; autoplay; clipboard-write; encrypted-media; gyroscope; picture-in-picture; web-share\" referrerpolicy=\"strict-origin-when-cross-origin\" allowfullscreen><\/iframe>\n<\/div><figcaption>VERSTAPPEN \u00c9 CARTA FORA DO BARALHO DA F\u00d3RMULA 1 2022 SE MOTOR RED BULL CONTINUAR ASSIM<\/figcaption><\/figure>\n\n\n\n<p class=\"wp-block-paragraph\">A DS Techeetah viveu dois mundos opostos na corrida 2 do eP de Roma, disputada no \u00faltimo domingo (10). Enquanto Jean-\u00c8ric Vergne conseguiu uma excelente classifica\u00e7\u00e3o ao largar na pole e concluiu a corrida em segundo \u2014 atr\u00e1s apenas do impar\u00e1vel Mitch Evans, que venceu as duas do final de semana \u2014 para assumir a lideran\u00e7a do campeonato, Ant\u00f3nio F\u00e9lix da Costa se encontrou no extremo oposto e foi o 14\u00ba, pen\u00faltimo entre os que conclu\u00edram a disputa.<\/p>\n\n\n\n<p class=\"wp-block-paragraph\">O portugu\u00eas, que terminou \u00e0 frente apenas de Nyck De Vries \u2014 punido em 5s por incidente com S\u00e9rgio Sette C\u00e2mara \u2014, lamentou o desconforto sentido no carro da equipe chinesa. Para Da Costa, a dificuldade com a frenagem no carro tem impedido que ele se coloque em posi\u00e7\u00f5es favor\u00e1veis nas corridas \u2014 e n\u00e3o apenas em Roma.<\/p>\n\n\n\n<p class=\"wp-block-paragraph\">&#8220;Sinceramente, nesse final de semana n\u00e3o me senti confort\u00e1vel com algumas coisas no carro, principalmente a frenagem&#8221;, admitiu Da Costa. &#8220;Na classifica\u00e7\u00e3o at\u00e9 conseguimos arriscar algumas voltas r\u00e1pidas, mas em corrida tem sido muito complicado ser constante e evitar erros, por isso \u00e9 dif\u00edcil&#8221;, lamentou.<\/p>\n\n\n\n<p class=\"wp-block-paragraph\"><strong>\u25b6\ufe0f&nbsp;Inscreva-se nos dois canais do GRANDE PR\u00caMIO no YouTube:&nbsp;<a href=\"https:\/\/www.youtube.com\/channel\/UC9OlHEgxoaY6QY6nWPoiqQg?sub_confirmation=1\" target=\"_blank\" rel=\"noreferrer noopener\">GP<\/a>&nbsp;|&nbsp;<a href=\"https:\/\/www.youtube.com\/channel\/UC9csiS6q_C3C0FYhyr1rnFA?sub_confirmation=1\" target=\"_blank\" rel=\"noreferrer noopener\">GP2<\/a><\/strong><\/p>\n\n\n\n<figure class=\"wp-block-image size-large\"><img decoding=\"async\" src=\"https:\/\/www.grandepremio.com\/br\/wp-content\/uploads\/2022\/04\/Da-Costa-1024x683.jpg\" alt=\"\" class=\"wp-image-556767\"\/><figcaption>Da Costa at\u00e9 conseguiu bons tempos na classifica\u00e7\u00e3o, mas deixou a desejar em ritmo de corrida (Foto: FIA F\u00f3rmula E)<\/figcaption><\/figure>\n\n\n\n<p class=\"wp-block-paragraph\"><strong>LEIA MAIS<br>\u2014\u00a0<a href=\"https:\/\/www.grandepremio.com\/br\/formula-e\/noticias\/mitch-evans-sai-9o-bater-robin-frijns-vencer-ep-roma-2022-formula-e\/\" target=\"_blank\" rel=\"noreferrer noopener\">Evans sai de 9\u00ba para bater Frijns e vencer eP de Roma 2022 na\u00a0<\/a><a href=\"https:\/\/www.grandepremio.com\/br\/formula-e\/\" target=\"_blank\" rel=\"noreferrer noopener\">F\u00f3rmula E<\/a><br>\u2014\u00a0<a href=\"https:\/\/www.grandepremio.com\/br\/formula-e\/noticias\/mitch-evans-vence-segunda-roma-completa-rodada-dupla-perfeita-formula-e\/\" target=\"_blank\" rel=\"noreferrer noopener\">Evans vence segunda em Roma e completa rodada dupla perfeita na F\u00f3rmula E<\/a><\/strong><\/p>\n\n\n\n<p class=\"wp-block-paragraph\">Lutando contra o carro, o portugu\u00eas admitiu que isso o levou a cometer alguns erros que costuma ter. Da Costa argumentou que o desconforto causa falta de confian\u00e7a, o que aumenta o grau de dificuldade nas ultrapassagens. Assim, o piloto acaba ficando vulner\u00e1vel a ataques dos demais concorrentes.<\/p>\n\n\n\n<p class=\"wp-block-paragraph\">&#8220;Cometi v\u00e1rios erros sozinho, o que n\u00e3o \u00e9 nada meu estilo&#8221;, reconheceu o portugu\u00eas. &#8220;E obviamente, n\u00e3o ter confian\u00e7a para atacar me deixa em uma posi\u00e7\u00e3o muito vulner\u00e1vel. Por isso, o trabalho de casa a fazer agora com a equipe \u00e9 estudar, tentar perceber onde est\u00e1 o problema e ver como podemos resolver para voltarmos fortes em M\u00f4naco&#8221;, encerrou.<\/p>\n\n\n\n<p class=\"wp-block-paragraph\">A F\u00f3rmula E retorna ainda neste m\u00eas para a pr\u00f3xima etapa, o eP de M\u00f4naco \u2014 em corrida \u00fanica \u2014, programado para acontecer no dia 30 de abril.<\/p>\n","protected":false},"excerpt":{"rendered":"<p>Pen\u00faltimo em Roma, Ant\u00f3nio F\u00e9lix da Costa teve corrida para esquecer com a DS Techeetah, admitiu ter cometido erros e disse que n\u00e3o consegue sentir confian\u00e7a no carro<\/p>\n","protected":false},"author":0,"featured_media":1000556840,"comment_status":"closed","ping_status":"closed","sticky":false,"template":"","format":"standard","meta":{"42wp_featured_image_caption":"","42wp_featured_image_credits":"","42wp_featured_video":"","42wp_featured_image_hidden":false,"42wp_authors_list":[],"footnotes":""},"categories":[19],"tags":[852,5378,379,27903,840,28327,24836,28285,910,851,909,3253],"42wp_author":[47142],"class_list":["post-113161","post","type-post","status-publish","format-standard","has-post-thumbnail","hentry","category-formula-e","tag-ds-techeetah","tag-ep-de-roma","tag-fe","tag-fe-2022","tag-formula-e","tag-formula-e-2022","tag-grande-premio-2","tag-grandepremio","tag-jaguar","tag-jean-eric-vergne","tag-mitch-evans","tag-roma","42wp_author-jp-nascimento"],"_links":{"self":[{"href":"https:\/\/grandepremio.com\/br\/wp-json\/wp\/v2\/posts\/113161","targetHints":{"allow":["GET"]}}],"collection":[{"href":"https:\/\/grandepremio.com\/br\/wp-json\/wp\/v2\/posts"}],"about":[{"href":"https:\/\/grandepremio.com\/br\/wp-json\/wp\/v2\/types\/post"}],"replies":[{"embeddable":true,"href":"https:\/\/grandepremio.com\/br\/wp-json\/wp\/v2\/comments?post=113161"}],"version-history":[{"count":0,"href":"https:\/\/grandepremio.com\/br\/wp-json\/wp\/v2\/posts\/113161\/revisions"}],"wp:featuredmedia":[{"embeddable":true,"href":"https:\/\/grandepremio.com\/br\/wp-json\/wp\/v2\/media\/1000556840"}],"wp:attachment":[{"href":"https:\/\/grandepremio.com\/br\/wp-json\/wp\/v2\/media?parent=113161"}],"wp:term":[{"taxonomy":"category","embeddable":true,"href":"https:\/\/grandepremio.com\/br\/wp-json\/wp\/v2\/categories?post=113161"},{"taxonomy":"post_tag","embeddable":true,"href":"https:\/\/grandepremio.com\/br\/wp-json\/wp\/v2\/tags?post=113161"},{"taxonomy":"42wp_author","embeddable":true,"href":"https:\/\/grandepremio.com\/br\/wp-json\/wp\/v2\/42wp_author?post=113161"}],"curies":[{"name":"wp","href":"https:\/\/api.w.org\/{rel}","templated":true}]}}