{"id":113206,"date":"2022-04-10T19:58:15","date_gmt":"2022-04-10T22:58:15","guid":{"rendered":"https:\/\/grandepremio.com\/br\/noticias\/marc-marquez-lamenta-problema-tecnico-largada-cre-teria-lutado-vitoria-austin\/"},"modified":"2022-04-10T20:13:28","modified_gmt":"2022-04-10T23:13:28","slug":"marc-marquez-lamenta-problema-tecnico-largada-cre-teria-lutado-vitoria-austin","status":"publish","type":"post","link":"https:\/\/grandepremio.com\/br\/motogp\/marc-marquez-lamenta-problema-tecnico-largada-cre-teria-lutado-vitoria-austin\/","title":{"rendered":"Marc M\u00e1rquez lamenta problema na largada e cr\u00ea que teria &#8220;lutado pela vit\u00f3ria&#8221; em Austin"},"content":{"rendered":"\n<figure class=\"wp-block-video\"><video class=\"video-js vjs-big-play-centered\" data-gp-vjs=\"1\" controls src=\"https:\/\/www.grandepremio.com\/br\/wp-content\/uploads\/2022\/04\/MotoGP-2022-Estados-Unidos-Americas-Austin-Marc-Marquez.mp4\"><\/video><figcaption>Marc M\u00e1rquez fez uma impressionante prova de recupera\u00e7\u00e3o em Austin (V\u00eddeo: MotoGP)<\/figcaption><\/figure>\n\n\n\n<p class=\"wp-block-paragraph\">Marc M\u00e1rquez passou longe de disputar a vit\u00f3ria ou mesmo um p\u00f3dio no GP das Am\u00e9ricas, \u00e9 verdade. S\u00f3 que ele n\u00e3o deixou de brilhar na pista em que \u00e9 absurdamente dominante. <a href=\"https:\/\/www.grandepremio.com\/br\/motogp\/noticias\/enea-bastianini-bate-jack-miller-vence-austin-marc-marquez-faz-prova-recuperacao-6o\/\" class=\"ek-link\">O dono da Honda #93 largou mal e, logo na primeira volta, foi parar na 18\u00aa posi\u00e7\u00e3o. Contudo, ele foi se recuperando, passando um a um, at\u00e9 cruzar a linha de chegada em sexto lugar<\/a> \u2014 inclusive, depois de muito batalhar com Fabio Quartararo, que ficou em s\u00e9timo. <\/p>\n\n\n\n<p class=\"wp-block-paragraph\">Embora n\u00e3o tenha entrado nem no top-5, M\u00e1rquez entende que a Honda tinha o ritmo necess\u00e1rio para chegar ao p\u00f3dio e, quem sabe, disputar a vit\u00f3ria. Mas ele explica que um problema em sua RC213V o impediu de terminar a prova um pouco mais \u00e0 frente.<\/p>\n\n\n\n<p class=\"wp-block-paragraph\">&#8220;Nunca gosto de dizer que se n\u00e3o tivesse tido o problema na largada teria conseguido vencer, mas tinha ritmo para vencer, vencer ou lutar pela vit\u00f3ria. Estar no p\u00f3dio, com certeza&#8221;, admitiu ele. &#8220;Tivemos um problema mec\u00e2nico na moto, a Honda est\u00e1 investigando o que aconteceu&#8221;, acrescentou.<\/p>\n\n\n\n<p class=\"wp-block-paragraph\"><strong>\u25b6\ufe0f&nbsp;Inscreva-se nos dois canais do GRANDE PR\u00caMIO no YouTube:&nbsp;<a href=\"https:\/\/www.youtube.com\/channel\/UC9OlHEgxoaY6QY6nWPoiqQg?sub_confirmation=1\" target=\"_blank\" rel=\"noreferrer noopener\">GP<\/a>&nbsp;|&nbsp;<a href=\"https:\/\/www.youtube.com\/channel\/UC9csiS6q_C3C0FYhyr1rnFA?sub_confirmation=1\" target=\"_blank\" rel=\"noreferrer noopener\">GP2<\/a><\/strong><\/p>\n\n\n\n<figure class=\"wp-block-image size-large\"><img decoding=\"async\" src=\"https:\/\/www.grandepremio.com\/br\/wp-content\/uploads\/2022\/04\/DSC6017-2-1024x683.jpg\" alt=\"\" class=\"wp-image-557733\"\/><figcaption>Marc M\u00e1rquez largou mal, mas se recuperou (Foto: MotoGP)<\/figcaption><\/figure>\n\n\n\n<p class=\"wp-block-paragraph\">\u201cQuando j\u00e1 estava no grid, vi uma mensagem estranha na tela. A moto n\u00e3o estava indo bem at\u00e9 eu passar pela primeira curva, ent\u00e3o o holeshot [dispositivo que ajusta a altura das motos] na frente foi desativado e tudo funcionou normalmente. Foi a\u00ed que come\u00e7amos nossa corrida, come\u00e7amos a passar pilotos. Foi uma boa corrida. Quando voc\u00ea come\u00e7a t\u00e3o longe n\u00e3o h\u00e1 precau\u00e7\u00f5es, voc\u00ea d\u00e1 tudo o que tem e foi o que eu fiz&#8221;, continuou. <\/p>\n\n\n\n<p class=\"wp-block-paragraph\">O retorno de M\u00e1rquez ap\u00f3s a forte queda no GP da Indon\u00e9sia ainda era incerto para os Estados Unidos. Por\u00e9m, o piloto da Honda diz ter ganhado mais confian\u00e7a ap\u00f3s correr num circuito que se encaixa bem em suas habilidade. <\/p>\n\n\n\n<p class=\"wp-block-paragraph\">\u201cGanhei confian\u00e7a, que \u00e9 o que procurava neste circuito que tanto gosto. Encontramos o ponto fraco da moto e a Honda deve come\u00e7ar a trabalhar a partir de amanh\u00e3 para melhor\u00e1-la para as pr\u00f3ximas corridas&#8221;, concluiu.<\/p>\n\n\n\n<p class=\"wp-block-paragraph\">A\u00a0<a href=\"https:\/\/grandepremio.com\/motovelocidade\/\" target=\"_blank\" rel=\"noreferrer noopener\">MotoGP<\/a>\u00a0volta \u00e0s pistas no pr\u00f3ximo dia 23 de abril, para o GP de\u00a0<a href=\"https:\/\/grandepremio.pt\/\" target=\"_blank\" rel=\"noreferrer noopener\">Portugal<\/a>, em\u00a0<a href=\"https:\/\/www.grandepremio.com\/br\/etapa\/f1\/gp-de-portugal-formula-1-2020\/\" target=\"_blank\" rel=\"noreferrer noopener\">Portim\u00e3o<\/a>. O\u00a0<strong>GRANDE PR\u00caMIO<\/strong>\u00a0<a href=\"https:\/\/www.grandepremio.com\/br\/motogp\/ultimas-noticias\/\">acompanha todas as atividades<\/a>\u00a0da quinta etapa do Mundial de\u00a0<a href=\"https:\/\/www.grandepremio.com\/motovelocidade\/\" target=\"_blank\" rel=\"noreferrer noopener\"><\/a><a href=\"https:\/\/www.grandepremio.com\/motovelocidade\/\" target=\"_blank\" rel=\"noreferrer noopener\">Motovelocidade<\/a>\u00a02022.<\/p>\n\n\n\n<figure class=\"wp-block-embed is-type-video is-provider-youtube wp-block-embed-youtube wp-embed-aspect-16-9 wp-has-aspect-ratio\"><div class=\"wp-block-embed__wrapper\">\n<iframe loading=\"lazy\" title=\"ALEIX ESPARGAR\u00d3 TEM VIT\u00d3RIA JUSTA PELA MOTOGP NA ARGENTINA\" width=\"500\" height=\"281\" src=\"https:\/\/www.youtube.com\/embed\/CyKcdvQowdM?start=37&amp;feature=oembed\" frameborder=\"0\" allow=\"accelerometer; autoplay; clipboard-write; encrypted-media; gyroscope; picture-in-picture; web-share\" referrerpolicy=\"strict-origin-when-cross-origin\" allowfullscreen><\/iframe>\n<\/div><figcaption>ALEIX ESPARGAR\u00d3 TEM VIT\u00d3RIA JUSTA PELA MOTOGP NA ARGENTINA<br><\/figcaption><\/figure>\n\n\n\n<p class=\"wp-block-paragraph\"><\/p>\n","protected":false},"excerpt":{"rendered":"<p>Marc M\u00e1rquez explicou os problemas que teve na largada do GP das Am\u00e9ricas e disse que a Honda tinha bom ritmo para lutar por uma vit\u00f3ria<\/p>\n","protected":false},"author":0,"featured_media":1000556414,"comment_status":"closed","ping_status":"closed","sticky":false,"template":"","format":"standard","meta":{"42wp_featured_image_caption":"","42wp_featured_image_credits":"","42wp_featured_video":"","42wp_featured_image_hidden":false,"42wp_authors_list":[],"footnotes":""},"categories":[8],"tags":[1982,896,79,78,2997,30733,30728,30734,25819,28345,28766,26690],"42wp_author":[47139],"class_list":["post-113206","post","type-post","status-publish","format-standard","has-post-thumbnail","hentry","category-motogp","tag-austin","tag-estados-unidos","tag-moto-gp","tag-motogp","tag-motogp-2022","tag-motogp-2022-calendario","tag-motogp-calendario-2022","tag-motogp-classificacao-2022","tag-motogp-hoje","tag-motogp-horarios","tag-motogp-standings","tag-pilotos-motogp","42wp_author-ana-cerveira"],"_links":{"self":[{"href":"https:\/\/grandepremio.com\/br\/wp-json\/wp\/v2\/posts\/113206","targetHints":{"allow":["GET"]}}],"collection":[{"href":"https:\/\/grandepremio.com\/br\/wp-json\/wp\/v2\/posts"}],"about":[{"href":"https:\/\/grandepremio.com\/br\/wp-json\/wp\/v2\/types\/post"}],"replies":[{"embeddable":true,"href":"https:\/\/grandepremio.com\/br\/wp-json\/wp\/v2\/comments?post=113206"}],"version-history":[{"count":0,"href":"https:\/\/grandepremio.com\/br\/wp-json\/wp\/v2\/posts\/113206\/revisions"}],"wp:featuredmedia":[{"embeddable":true,"href":"https:\/\/grandepremio.com\/br\/wp-json\/wp\/v2\/media\/1000556414"}],"wp:attachment":[{"href":"https:\/\/grandepremio.com\/br\/wp-json\/wp\/v2\/media?parent=113206"}],"wp:term":[{"taxonomy":"category","embeddable":true,"href":"https:\/\/grandepremio.com\/br\/wp-json\/wp\/v2\/categories?post=113206"},{"taxonomy":"post_tag","embeddable":true,"href":"https:\/\/grandepremio.com\/br\/wp-json\/wp\/v2\/tags?post=113206"},{"taxonomy":"42wp_author","embeddable":true,"href":"https:\/\/grandepremio.com\/br\/wp-json\/wp\/v2\/42wp_author?post=113206"}],"curies":[{"name":"wp","href":"https:\/\/api.w.org\/{rel}","templated":true}]}}