{"id":113219,"date":"2022-04-10T14:31:09","date_gmt":"2022-04-10T17:31:09","guid":{"rendered":"https:\/\/grandepremio.com\/br\/noticias\/mitch-evans-destaca-fim-semana-sonhos-roma-agradece-bird\/"},"modified":"2022-04-11T09:28:56","modified_gmt":"2022-04-11T12:28:56","slug":"mitch-evans-destaca-fim-semana-sonhos-roma-agradece-bird","status":"publish","type":"post","link":"https:\/\/grandepremio.com\/br\/formula-e\/mitch-evans-destaca-fim-semana-sonhos-roma-agradece-bird\/","title":{"rendered":"Evans destaca &#8220;fim de semana dos sonhos&#8221; em Roma e agradece Bird: &#8220;Devo essa a ele&#8221;"},"content":{"rendered":"\n<figure class=\"wp-block-embed is-type-video is-provider-youtube wp-block-embed-youtube wp-embed-aspect-16-9 wp-has-aspect-ratio\"><div class=\"wp-block-embed__wrapper\">\n<iframe loading=\"lazy\" title=\"F\u00d3RMULA 1 2022 AO VIVO: TUDO SOBRE O GP DA AUSTR\u00c1LIA DE F1 | Briefing\" width=\"500\" height=\"281\" src=\"https:\/\/www.youtube.com\/embed\/Cx5hwJZyFTE?feature=oembed\" frameborder=\"0\" allow=\"accelerometer; autoplay; clipboard-write; encrypted-media; gyroscope; picture-in-picture; web-share\" referrerpolicy=\"strict-origin-when-cross-origin\" allowfullscreen><\/iframe>\n<\/div><figcaption>F\u00d3RMULA 1 2022 AO VIVO: TUDO SOBRE O GP DA AUSTR\u00c1LIA DE F1 | Briefing<\/figcaption><\/figure>\n\n\n\n<p class=\"wp-block-paragraph\">Mitch Evans viveu um verdadeiro conto de fadas na F\u00f3rmula E neste final de semana, ao vencer as duas corridas da categoria disputadas em Roma. Do 17\u00ba lugar no Mundial de Pilotos para a quarta coloca\u00e7\u00e3o em duas corridas, o piloto da Jaguar era s\u00f3 sorrisos ap\u00f3s o segundo triunfo consecutivo. E o #9 aproveitou para agradecer ao companheiro de equipe, Sam Bird, que abandonou a disputa ap\u00f3s incidente com Nick Cassidy j\u00e1 na parte final.<\/p>\n\n\n\n<p class=\"wp-block-paragraph\">&#8220;Ele realmente me ajudou hoje&#8221;, agradeceu Evans. &#8220;Eu devo essa a ele por ter conseguido segurar Vergne por um tempo, e mesmo n\u00e3o intencionalmente, fez o que precisava fazer para que eu conseguisse ter um pequeno intervalo. \u00c9 bom ouvir isso de seu companheiro de equipe, e ele tem sido \u00f3timo&#8221;, elogiou.<\/p>\n\n\n\n<p class=\"wp-block-paragraph\"><strong>LEIA MAIS<br>\u2014\u00a0<a href=\"https:\/\/www.grandepremio.com\/br\/formula-e\/noticias\/mitch-evans-sai-9o-bater-robin-frijns-vencer-ep-roma-2022-formula-e\/\" target=\"_blank\" rel=\"noreferrer noopener\">Evans sai de 9\u00ba para bater Frijns e vencer eP de Roma 2022 na\u00a0<\/a><a href=\"https:\/\/www.grandepremio.com\/br\/formula-e\/\" target=\"_blank\" rel=\"noreferrer noopener\">F\u00f3rmula E<\/a><br>\u2014\u00a0<a href=\"https:\/\/www.grandepremio.com\/br\/formula-e\/noticias\/mitch-evans-vence-segunda-roma-completa-rodada-dupla-perfeita-formula-e\/\" target=\"_blank\" rel=\"noreferrer noopener\">Evans vence segunda em Roma e completa rodada dupla perfeita na F\u00f3rmula E<\/a><\/strong><\/p>\n\n\n\n<figure class=\"wp-block-image size-large\"><img decoding=\"async\" src=\"https:\/\/www.grandepremio.com\/br\/wp-content\/uploads\/2022\/04\/Mitch-Evans-Jaguar-1024x683.jpg\" alt=\"\" class=\"wp-image-556750\"\/><figcaption>Mitch Evans teve final de semana inesquec\u00edvel e sai de Roma com 13 posi\u00e7\u00f5es a mais no Mundial de Pilotos (Foto: FIA F\u00f3rmula E)<\/figcaption><\/figure>\n\n\n\n<p class=\"wp-block-paragraph\"><strong>\u25b6\ufe0f&nbsp;Inscreva-se nos dois canais do GRANDE PR\u00caMIO no YouTube:&nbsp;<a href=\"https:\/\/www.youtube.com\/channel\/UC9OlHEgxoaY6QY6nWPoiqQg?sub_confirmation=1\" target=\"_blank\" rel=\"noreferrer noopener\">GP<\/a>&nbsp;|&nbsp;<a href=\"https:\/\/www.youtube.com\/channel\/UC9csiS6q_C3C0FYhyr1rnFA?sub_confirmation=1\" target=\"_blank\" rel=\"noreferrer noopener\">GP2<\/a><\/strong><\/p>\n\n\n\n<p class=\"wp-block-paragraph\">Evans se disse triste com o incidente que causou o abandono de Bird \u2014 e tamb\u00e9m da Envision de Nick Cassidy. O momento inclusive causou a entrada de mais um safety-car o final, o que reduziu a corrida a apenas mais uma volta e cortou a vantagem que Mitch havia constru\u00eddo na lideran\u00e7a.<\/p>\n\n\n\n<p class=\"wp-block-paragraph\">&#8220;Realmente lamento por isso&#8221;, afirmou. &#8220;Eu n\u00e3o sei ao certo o que aconteceu com ele no final. Achei que poder\u00edamos chegar \u00e0 frente juntos, ent\u00e3o precisamos analisar isso. Mas sei que ele vai voltar&#8221;, prosseguiu o neozeland\u00eas.<\/p>\n\n\n\n<p class=\"wp-block-paragraph\">Antes do safety-car gerado por Bird e Cassidy, entretanto, o carro de seguran\u00e7a entrou na pista no momento em que Alexander Sims, da Mahindra, bateu e precisou abandonar. Naquele momento, Evans ocupava a terceira posi\u00e7\u00e3o e ainda n\u00e3o havia ativado o modo ataque, ao contr\u00e1rio de todos os competidores do pelot\u00e3o de frente.<\/p>\n\n\n\n<p class=\"wp-block-paragraph\">O grande vencedor do final de semana reconheceu a preocupa\u00e7\u00e3o com a ativa\u00e7\u00e3o da bandeira amarela no momento em que planejava enfim fazer a ultrapassagem, mas celebrou o fato de tudo ter dado certo no final.<\/p>\n\n\n\n<figure class=\"wp-block-image size-large\"><img decoding=\"async\" src=\"https:\/\/www.grandepremio.com\/br\/wp-content\/uploads\/2022\/04\/EPS804_131239SG2_4741-1-1024x683.jpg\" alt=\"\" class=\"wp-image-557056\"\/><figcaption>Mitch Evans venceu as duas corridas disputadas em Roma neste final de semana (Foto: F\u00f3rmula E)<\/figcaption><\/figure>\n\n\n\n<p class=\"wp-block-paragraph\">&#8220;Eu estava prestes a atacar naquela volta [a 18] e o momento foi realmente ruim, \u00e9 claro, com [Alexander] Sims tendo um acidente&#8221;, lamentou. &#8220;Mas eu o vi se movendo, ent\u00e3o pensei: &#8216;bom, a interven\u00e7\u00e3o n\u00e3o vai ser longa e o tempo vai ser estendido, ent\u00e3o n\u00e3o vou ter problema&#8217;. Mas voc\u00ea ainda sente que est\u00e1 contra voc\u00ea&#8221;, destacou.<\/p>\n\n\n\n<p class=\"wp-block-paragraph\">&#8220;Uma vez que relargamos, tentamos encontrar um intervalo para ativar o modo de ataque sem perder muitas posi\u00e7\u00f5es, j\u00e1 que obviamente todos estavam juntos&#8221;, ressaltou. &#8220;Sam [Bird] fez um \u00f3timo trabalho e me ajudou, ent\u00e3o perdi s\u00f3 uma posi\u00e7\u00e3o. Tentei ser inteligente com a energia e n\u00e3o usar tudo no ataque, e foi tudo bem&#8221;, salientou.<\/p>\n\n\n\n<p class=\"wp-block-paragraph\">Por fim, Evans ainda ressaltou a justi\u00e7a em suas batalhas com Vergne, Frijns e Lotterer na busca pela lideran\u00e7a ap\u00f3s ativar o modo de ataque. Mitch perdeu o terceiro posto para o franc\u00eas quando foi para o tra\u00e7ado externo buscar a pot\u00eancia extra, mas subiu para o primeiro lugar em menos de duas voltas.<\/p>\n\n\n\n<p class=\"wp-block-paragraph\">&#8220;Com os caras [Lotterer e Frijns, ent\u00e3o l\u00edderes], foram disputas justas e acho que eles perceberam minha vantagem em ritmo e energia&#8221;, opinou. &#8220;Ent\u00e3o, n\u00e3o dificultaram muito. Foi um final de semana dos sonhos para mim&#8221;, encerrou.<\/p>\n\n\n\n<figure class=\"wp-block-video\"><video class=\"video-js vjs-big-play-centered\" data-gp-vjs=\"1\" controls src=\"https:\/\/www.grandepremio.com\/br\/wp-content\/uploads\/2022\/04\/Evans.mp4\"><\/video><figcaption>Evans aproveita estrat\u00e9gia para usar modo ataque e passar Frijns e Lotterer pela lideran\u00e7a em Roma (V\u00eddeo: F\u00f3rmula E)<\/figcaption><\/figure>\n","protected":false},"excerpt":{"rendered":"<p>Ap\u00f3s vencer as duas corridas da F\u00f3rmula E em Roma, Mitch Evans agradeceu ao companheiro de Jaguar, Sam Bird, por ajuda na ativa\u00e7\u00e3o do modo ataque j\u00e1 na reta final da disputa<\/p>\n","protected":false},"author":0,"featured_media":1000490961,"comment_status":"closed","ping_status":"closed","sticky":false,"template":"","format":"standard","meta":{"42wp_featured_image_caption":"","42wp_featured_image_credits":"","42wp_featured_video":"","42wp_featured_image_hidden":false,"42wp_authors_list":[],"footnotes":""},"categories":[19],"tags":[5378,379,27903,840,28327,24836,28285,910,909,3253,976],"42wp_author":[47142],"class_list":["post-113219","post","type-post","status-publish","format-standard","has-post-thumbnail","hentry","category-formula-e","tag-ep-de-roma","tag-fe","tag-fe-2022","tag-formula-e","tag-formula-e-2022","tag-grande-premio-2","tag-grandepremio","tag-jaguar","tag-mitch-evans","tag-roma","tag-sam-bird","42wp_author-jp-nascimento"],"_links":{"self":[{"href":"https:\/\/grandepremio.com\/br\/wp-json\/wp\/v2\/posts\/113219","targetHints":{"allow":["GET"]}}],"collection":[{"href":"https:\/\/grandepremio.com\/br\/wp-json\/wp\/v2\/posts"}],"about":[{"href":"https:\/\/grandepremio.com\/br\/wp-json\/wp\/v2\/types\/post"}],"replies":[{"embeddable":true,"href":"https:\/\/grandepremio.com\/br\/wp-json\/wp\/v2\/comments?post=113219"}],"version-history":[{"count":0,"href":"https:\/\/grandepremio.com\/br\/wp-json\/wp\/v2\/posts\/113219\/revisions"}],"wp:featuredmedia":[{"embeddable":true,"href":"https:\/\/grandepremio.com\/br\/wp-json\/wp\/v2\/media\/1000490961"}],"wp:attachment":[{"href":"https:\/\/grandepremio.com\/br\/wp-json\/wp\/v2\/media?parent=113219"}],"wp:term":[{"taxonomy":"category","embeddable":true,"href":"https:\/\/grandepremio.com\/br\/wp-json\/wp\/v2\/categories?post=113219"},{"taxonomy":"post_tag","embeddable":true,"href":"https:\/\/grandepremio.com\/br\/wp-json\/wp\/v2\/tags?post=113219"},{"taxonomy":"42wp_author","embeddable":true,"href":"https:\/\/grandepremio.com\/br\/wp-json\/wp\/v2\/42wp_author?post=113219"}],"curies":[{"name":"wp","href":"https:\/\/api.w.org\/{rel}","templated":true}]}}