{"id":113227,"date":"2022-04-10T07:41:05","date_gmt":"2022-04-10T10:41:05","guid":{"rendered":"https:\/\/grandepremio.com\/br\/noticias\/sem-palavras-fernando-alonso-lamenta-corrida-dificil-australia-tudo-dando-errado\/"},"modified":"2022-04-10T07:42:24","modified_gmt":"2022-04-10T10:42:24","slug":"sem-palavras-fernando-alonso-lamenta-corrida-dificil-australia-tudo-dando-errado","status":"publish","type":"post","link":"https:\/\/grandepremio.com\/br\/f1\/sem-palavras-fernando-alonso-lamenta-corrida-dificil-australia-tudo-dando-errado\/","title":{"rendered":"&#8220;Sem palavras&#8221;, Alonso lamenta corrida dif\u00edcil na Austr\u00e1lia: &#8220;Est\u00e1 tudo dando errado&#8221;"},"content":{"rendered":"\n<figure class=\"wp-block-embed is-type-video is-provider-youtube wp-block-embed-youtube wp-embed-aspect-16-9 wp-has-aspect-ratio\"><div class=\"wp-block-embed__wrapper\">\n<iframe loading=\"lazy\" title=\"F\u00d3RMULA 1 2022 AO VIVO: TUDO SOBRE O GP DA AUSTR\u00c1LIA DE F1 | Briefing\" width=\"500\" height=\"281\" src=\"https:\/\/www.youtube.com\/embed\/Cx5hwJZyFTE?feature=oembed\" frameborder=\"0\" allow=\"accelerometer; autoplay; clipboard-write; encrypted-media; gyroscope; picture-in-picture; web-share\" referrerpolicy=\"strict-origin-when-cross-origin\" allowfullscreen><\/iframe>\n<\/div><\/figure>\n\n\n\n<p class=\"wp-block-paragraph\">Fernando Alonso parecia ser postulante s\u00e9rio a um lugar nas duas primeiras filas da Austr\u00e1lia: bateu no Q3 quando vinha em volta rapid\u00edssima. Alonso parecia que poderia brigar perto do top-5 mesmo largando de d\u00e9cimo neste domingo (10): viu o safety-car entrar na hora errada e foi pego no contrap\u00e9 na estrat\u00e9gia, acabando em 17\u00ba.<\/p>\n\n\n\n<p class=\"wp-block-paragraph\">N\u00e3o de gra\u00e7a, o bicampe\u00e3o deixou Melbourne absolutamente frustrado, sem conseguir descrever o que estava sentido. Para Fernando, a Alpine tinha potencial real de p\u00f3dio antes de tudo acontecer.<\/p>\n\n\n\n<p class=\"wp-block-paragraph\">&#8220;Sem palavras, sinceramente. \u00c9 duro aceitar que tudo est\u00e1 dando errado. Mas, enfim, foram s\u00f3 tr\u00eas corridas e ainda faltam 20. Acho que a sorte vai sorrir alguma hora, \u00e9 uma temporada muito longa. Mas, \u00e9 fato: perdi um sexto lugar garantido em Jed\u00e1, hoje estava ali por sexto ou s\u00e9timo antes do safety-car. E ainda teve ontem, com tudo que rolou, era p\u00f3dio f\u00e1cil sem o Verstappen. Acho que \u00e9ramos muito mais r\u00e1pidos que a Mercedes aqui, eu bateria o Russell pelo p\u00f3dio, foi uma oportunidade grande perdida&#8221;, disse.<\/p>\n\n\n\n<figure class=\"wp-block-image size-large\"><img decoding=\"async\" src=\"https:\/\/www.grandepremio.com\/br\/wp-content\/uploads\/2022\/04\/FP86sLNWQAABBnL-1024x576.jpg\" alt=\"\" class=\"wp-image-557338\"\/><figcaption>Alonso, mesmo lesionado, fazia bela prova at\u00e9 o safety-car (Foto: Reprodu\u00e7\u00e3o\/F1)<\/figcaption><\/figure>\n\n\n\n<p class=\"wp-block-paragraph\">Alonso acabou em 17\u00ba, \u00faltimo dentre os que completaram a prova, com direito a um pit-stop extra ap\u00f3s se meter no trilho de DRS puxado por Lance Stroll. Enquanto isso, Esteban Ocon, companheiro de Alpine, foi s\u00e9timo mesmo sendo muito mais discreto no fim de semana todo.<\/p>\n\n\n\n<p class=\"wp-block-paragraph\">&#8220;Ficou dif\u00edcil ali. Sa\u00edmos dos boxes atr\u00e1s de quatro carros em um trilho de DRS. Se fossem separados, passar\u00edamos todos, mas era todo mundo de asa aberta, imposs\u00edvel. Acabamos com nossos pneus ali. Foi duro, mas \u00e9 assim que as coisas s\u00e3o, n\u00e3o podemos nos lamentar, \u00e9 olhar para frente e \u00cdmola \u00e9 mais uma oportunidade&#8221;, completou.<\/p>\n\n\n\n<p class=\"wp-block-paragraph\">Para Ocon, foram bons pontos conquistados, mas o sentimento, especialmente vendo o ritmo de Alonso, de que dava para ter feito at\u00e9 algo mais do que a s\u00e9tima coloca\u00e7\u00e3o.<\/p>\n\n\n\n<p class=\"wp-block-paragraph\">&#8220;Sentimentos mistos. Foi legal pontuar de novo, s\u00e3o tr\u00eas corridas nos pontos em tr\u00eas poss\u00edveis, mas hoje a gente podia bem mais se classific\u00e1ssemos melhor. Acho que era corrida para top-5. Tiramos aprendizados importantes daqui, o carro n\u00e3o estava \u00f3timo, mas sabemos a dire\u00e7\u00e3o que devemos tomar. Estamos mais confiantes, hoje foi melhor que ontem&#8221;, afirmou.<\/p>\n\n\n\n<p class=\"wp-block-paragraph\">Apesar da fase de azar completo de Alonso, a Alpine vem em quarto no Mundial de Construtores. Entre os Pilotos, Ocon \u00e9 o melhor da &#8216;F1 B&#8217;, em s\u00e9timo, com 20 pontos, enquanto Fernando aparece com 2, em 14\u00ba.<\/p>\n\n\n\n<p class=\"wp-block-paragraph\"><strong>\u25b6\ufe0f\u00a0Inscreva-se nos dois canais do GRANDE PR\u00caMIO no YouTube:\u00a0<a href=\"https:\/\/www.youtube.com\/channel\/UC9OlHEgxoaY6QY6nWPoiqQg?sub_confirmation=1\" target=\"_blank\" rel=\"noreferrer noopener\">GP<\/a>\u00a0|\u00a0<a href=\"https:\/\/www.youtube.com\/channel\/UC9csiS6q_C3C0FYhyr1rnFA?sub_confirmation=1\" target=\"_blank\" rel=\"noreferrer noopener\">GP2<\/a><\/strong><\/p>\n\n\n\n<p class=\"wp-block-paragraph\"><strong>LEIA TAMB\u00c9M<br><a href=\"https:\/\/www.grandepremio.com\/br\/f1\/noticias\/charles-leclerc-manda-vence-gp-da-australia-formula-1-max-verstappen-abandona\/\">Leclerc manda no Albert Park e vence GP da Austr\u00e1lia de F1. Verstappen abandona<\/a><\/strong><\/p>\n","protected":false},"excerpt":{"rendered":"<p>Fernando Alonso ficou sem acreditar no 17\u00ba lugar na Austr\u00e1lia, especialmente porque via a chance de ir ao p\u00f3dio no s\u00e1bado e, no domingo, apesar de tudo, de ficar perto do top-5. A fase, por\u00e9m, est\u00e1 incrivelmente complicada<\/p>\n","protected":false},"author":0,"featured_media":1000557436,"comment_status":"closed","ping_status":"closed","sticky":false,"template":"","format":"standard","meta":{"42wp_featured_image_caption":"","42wp_featured_image_credits":"","42wp_featured_video":"","42wp_featured_image_hidden":false,"42wp_authors_list":[],"footnotes":""},"categories":[2],"tags":[20491,302,147,1357,176,24837,31064,1753,31238],"42wp_author":[47117],"class_list":["post-113227","post","type-post","status-publish","format-standard","has-post-thumbnail","hentry","category-f1","tag-alpine","tag-esteban-ocon","tag-f1","tag-f1-2022","tag-fernando-alonso","tag-formula-1-2","tag-formula-1-2022-3","tag-gp-da-australia","tag-gp-da-australia-2022","42wp_author-gabriel-curty"],"_links":{"self":[{"href":"https:\/\/grandepremio.com\/br\/wp-json\/wp\/v2\/posts\/113227","targetHints":{"allow":["GET"]}}],"collection":[{"href":"https:\/\/grandepremio.com\/br\/wp-json\/wp\/v2\/posts"}],"about":[{"href":"https:\/\/grandepremio.com\/br\/wp-json\/wp\/v2\/types\/post"}],"replies":[{"embeddable":true,"href":"https:\/\/grandepremio.com\/br\/wp-json\/wp\/v2\/comments?post=113227"}],"version-history":[{"count":0,"href":"https:\/\/grandepremio.com\/br\/wp-json\/wp\/v2\/posts\/113227\/revisions"}],"wp:featuredmedia":[{"embeddable":true,"href":"https:\/\/grandepremio.com\/br\/wp-json\/wp\/v2\/media\/1000557436"}],"wp:attachment":[{"href":"https:\/\/grandepremio.com\/br\/wp-json\/wp\/v2\/media?parent=113227"}],"wp:term":[{"taxonomy":"category","embeddable":true,"href":"https:\/\/grandepremio.com\/br\/wp-json\/wp\/v2\/categories?post=113227"},{"taxonomy":"post_tag","embeddable":true,"href":"https:\/\/grandepremio.com\/br\/wp-json\/wp\/v2\/tags?post=113227"},{"taxonomy":"42wp_author","embeddable":true,"href":"https:\/\/grandepremio.com\/br\/wp-json\/wp\/v2\/42wp_author?post=113227"}],"curies":[{"name":"wp","href":"https:\/\/api.w.org\/{rel}","templated":true}]}}