{"id":113339,"date":"2022-04-08T05:33:46","date_gmt":"2022-04-08T08:33:46","guid":{"rendered":"https:\/\/grandepremio.com\/br\/noticias\/sergio-perez-dia-dificil-red-bull-australia-nem-tudo-funcionou-bem\/"},"modified":"2022-04-08T05:35:09","modified_gmt":"2022-04-08T08:35:09","slug":"sergio-perez-dia-dificil-red-bull-australia-nem-tudo-funcionou-bem","status":"publish","type":"post","link":"https:\/\/grandepremio.com\/br\/f1\/sergio-perez-dia-dificil-red-bull-australia-nem-tudo-funcionou-bem\/","title":{"rendered":"P\u00e9rez reconhece &#8220;dia dif\u00edcil&#8221; da Red Bull na Austr\u00e1lia: &#8220;Nem tudo funcionou bem&#8221;"},"content":{"rendered":"\n<figure class=\"wp-block-embed is-type-video is-provider-youtube wp-block-embed-youtube wp-embed-aspect-16-9 wp-has-aspect-ratio\"><div class=\"wp-block-embed__wrapper\">\n<iframe loading=\"lazy\" title=\"F\u00d3RMULA 1 2022 AO VIVO: TREINOS LIVRES DO GP DA AUSTR\u00c1LIA DE F1 | Briefing\" width=\"500\" height=\"281\" src=\"https:\/\/www.youtube.com\/embed\/YKvFGRYzJhM?feature=oembed\" frameborder=\"0\" allow=\"accelerometer; autoplay; clipboard-write; encrypted-media; gyroscope; picture-in-picture; web-share\" referrerpolicy=\"strict-origin-when-cross-origin\" allowfullscreen><\/iframe>\n<\/div><\/figure>\n\n\n\n<p class=\"wp-block-paragraph\">Sergio P\u00e9rez fechou no top-5 <a href=\"https:\/\/www.grandepremio.com\/br\/f1\/noticias\/charles-leclerc-troco-carlos-sainz-lidera-tl2-australia-formula-1-max-verstappen-2\/\">nos dois treinos livres<\/a> desta sexta-feira (8) na Austr\u00e1lia, mas n\u00e3o teve uma sensa\u00e7\u00e3o t\u00e3o boa assim do carro. O mexicano, que tomou cerca de 0s6 do l\u00edder nas duas sess\u00f5es, entende que a Red Bull ainda precisa se encontrar em Melbourne e n\u00e3o sabe dizer se o time chegou a evoluir do TL1 para o TL2 com as mudan\u00e7as que fez no carro.<\/p>\n\n\n\n<p class=\"wp-block-paragraph\">P\u00e9rez relatou problemas com os pneus macios e reconheceu que algumas solu\u00e7\u00f5es da Red Bull para a prova australiana ainda n\u00e3o se pagaram.<\/p>\n\n\n\n<p class=\"wp-block-paragraph\">&#8220;N\u00e3o foi f\u00e1cil tirar o m\u00e1ximo dos pneus macios. N\u00f3s fizemos algumas mudan\u00e7as antes do TL2, coisas que ainda precisaremos analisar. Algumas coisas n\u00e3o funcionaram conforme a gente esperava, foi um dia dif\u00edcil em termos de quilometragem&#8221;, disse.<\/p>\n\n\n\n<figure class=\"wp-block-image size-large\"><img decoding=\"async\" src=\"https:\/\/www.grandepremio.com\/br\/wp-content\/uploads\/2022\/04\/redbull-sergioperez-01-1024x683.jpg\" alt=\"\" class=\"wp-image-556029\"\/><figcaption>Sergio P\u00e9rez teme que a Red Bull n\u00e3o se encontre na Austr\u00e1lia (Foto: Red Bull Content Pool)<\/figcaption><\/figure>\n\n\n\n<p class=\"wp-block-paragraph\"><strong>\u25b6\ufe0f\u00a0Inscreva-se nos dois canais do GRANDE PR\u00caMIO no YouTube:\u00a0<a href=\"https:\/\/www.youtube.com\/channel\/UC9OlHEgxoaY6QY6nWPoiqQg?sub_confirmation=1\" target=\"_blank\" rel=\"noreferrer noopener\">GP<\/a>\u00a0|\u00a0<a href=\"https:\/\/www.youtube.com\/channel\/UC9csiS6q_C3C0FYhyr1rnFA?sub_confirmation=1\" target=\"_blank\" rel=\"noreferrer noopener\">GP2<\/a><\/strong><br><strong><a href=\"https:\/\/www.grandepremio.com\/br\/programacao-tv\/noticias\/as-corridas-do-fim-de-semana-na-tv-e-no-streaming-8-a-10-de-abril\/\">As corridas do fim de semana na TV e\u00a0<\/a><a href=\"https:\/\/formula1aovivo.com\/\" target=\"_blank\" rel=\"noreferrer noopener\">no streaming<\/a>: 8 a 10 de abril<\/strong><\/p>\n\n\n\n<p class=\"wp-block-paragraph\">O mexicano v\u00ea o time ainda um pouco perdido em Melbourne e espera trabalho longo antes das atividades de s\u00e1bado. P\u00e9rez, inclusive, deixou no ar a d\u00favida se a Red Bull melhorou do TL1 para o TL2 com as mexidas no carro.<\/p>\n\n\n\n<p class=\"wp-block-paragraph\">&#8220;Acho que temos uma boa quantidade de dados para vermos hoje de noite. De certa forma, o carro pareceu melhor que no TL1. Mas, olhando por outro lado, n\u00e3o tenho certeza. Temos um bom trabalho para vermos a dire\u00e7\u00e3o a ser tomada. Precisamos entender onde estamos no momento porque ainda n\u00e3o entendemos como est\u00e1 o carro&#8221;, completou.<\/p>\n\n\n\n<p class=\"wp-block-paragraph\">O<strong>\u00a0GRANDE PR\u00caMIO<\/strong>\u00a0acompanha todas as atividades do fim de semana do GP da Austr\u00e1lia\u00a0<a href=\"https:\/\/www.grandepremio.com\/br\/f1\/ao-vivo\"><strong>AO VIVO<\/strong>\u00a0e\u00a0<strong>EM\u00a0<\/strong><\/a><strong><a href=\"https:\/\/www.grandepremio.com\/br\/ao-vivo\/\" target=\"_blank\" rel=\"noreferrer noopener\">TEMPO REAL<\/a><\/strong>. No s\u00e1bado, o terceiro treino livre est\u00e1 marcado para as 0h (de Bras\u00edlia). Mais tarde, a classifica\u00e7\u00e3o acontece \u00e0s 3h.<\/p>\n","protected":false},"excerpt":{"rendered":"<p>Sergio P\u00e9rez n\u00e3o saiu l\u00e1 muito confiante da sexta-feira de treinos livres na Austr\u00e1lia e admitiu que a Red Bull ainda n\u00e3o se encontrou totalmente em Melbourne<\/p>\n","protected":false},"author":0,"featured_media":1000556105,"comment_status":"closed","ping_status":"closed","sticky":false,"template":"","format":"standard","meta":{"42wp_featured_image_caption":"","42wp_featured_image_credits":"","42wp_featured_video":"","42wp_featured_image_hidden":false,"42wp_authors_list":[],"footnotes":""},"categories":[2],"tags":[147,1357,207,24837,31064,1753,203,204,30309],"42wp_author":[47117],"class_list":["post-113339","post","type-post","status-publish","format-standard","has-post-thumbnail","hentry","category-f1","tag-f1","tag-f1-2022","tag-ferrari","tag-formula-1-2","tag-formula-1-2022-3","tag-gp-da-australia","tag-max-verstappen","tag-red-bull","tag-sergio-perez-4","42wp_author-gabriel-curty"],"_links":{"self":[{"href":"https:\/\/grandepremio.com\/br\/wp-json\/wp\/v2\/posts\/113339","targetHints":{"allow":["GET"]}}],"collection":[{"href":"https:\/\/grandepremio.com\/br\/wp-json\/wp\/v2\/posts"}],"about":[{"href":"https:\/\/grandepremio.com\/br\/wp-json\/wp\/v2\/types\/post"}],"replies":[{"embeddable":true,"href":"https:\/\/grandepremio.com\/br\/wp-json\/wp\/v2\/comments?post=113339"}],"version-history":[{"count":0,"href":"https:\/\/grandepremio.com\/br\/wp-json\/wp\/v2\/posts\/113339\/revisions"}],"wp:featuredmedia":[{"embeddable":true,"href":"https:\/\/grandepremio.com\/br\/wp-json\/wp\/v2\/media\/1000556105"}],"wp:attachment":[{"href":"https:\/\/grandepremio.com\/br\/wp-json\/wp\/v2\/media?parent=113339"}],"wp:term":[{"taxonomy":"category","embeddable":true,"href":"https:\/\/grandepremio.com\/br\/wp-json\/wp\/v2\/categories?post=113339"},{"taxonomy":"post_tag","embeddable":true,"href":"https:\/\/grandepremio.com\/br\/wp-json\/wp\/v2\/tags?post=113339"},{"taxonomy":"42wp_author","embeddable":true,"href":"https:\/\/grandepremio.com\/br\/wp-json\/wp\/v2\/42wp_author?post=113339"}],"curies":[{"name":"wp","href":"https:\/\/api.w.org\/{rel}","templated":true}]}}