{"id":113350,"date":"2022-04-07T23:18:56","date_gmt":"2022-04-08T02:18:56","guid":{"rendered":"https:\/\/grandepremio.com\/br\/noticias\/mercedes-prepara-w13-sem-atualizacoes-gp-australia-ferrari-red-bull-mudam\/"},"modified":"2022-04-07T23:19:33","modified_gmt":"2022-04-08T02:19:33","slug":"mercedes-prepara-w13-sem-atualizacoes-gp-australia-ferrari-red-bull-mudam","status":"publish","type":"post","link":"https:\/\/grandepremio.com\/br\/f1\/mercedes-prepara-w13-sem-atualizacoes-gp-australia-ferrari-red-bull-mudam\/","title":{"rendered":"Mercedes prepara W13 sem atualiza\u00e7\u00f5es para GP da Austr\u00e1lia. Ferrari e Red Bull mudam"},"content":{"rendered":"\n<figure class=\"wp-block-embed is-type-video is-provider-youtube wp-block-embed-youtube wp-embed-aspect-16-9 wp-has-aspect-ratio\"><div class=\"wp-block-embed__wrapper\">\n<iframe loading=\"lazy\" title=\"F\u00d3RMULA 1 2022 NA AUSTR\u00c1LIA SEM JOIAS E VOLTA DE MARC M\u00c1RQUEZ NA MOTOGP | WGP\" width=\"500\" height=\"281\" src=\"https:\/\/www.youtube.com\/embed\/20UA3P4Ts34?feature=oembed\" frameborder=\"0\" allow=\"accelerometer; autoplay; clipboard-write; encrypted-media; gyroscope; picture-in-picture; web-share\" referrerpolicy=\"strict-origin-when-cross-origin\" allowfullscreen><\/iframe>\n<\/div><figcaption>F\u00d3RMULA 1 2022 NA AUSTR\u00c1LIA SEM JOIAS E VOLTA DE MARC M\u00c1RQUEZ NA MOTOGP | WGP<\/figcaption><\/figure>\n\n\n\n<p class=\"wp-block-paragraph\">Mesmo com um W13 problem\u00e1tico neste in\u00edcio de temporada, a Mercedes vai levar um carro sem atualiza\u00e7\u00f5es para o GP da Austr\u00e1lia. Assim como a equipe alem\u00e3, Alfa Romeo e AlphaTauri tamb\u00e9m n\u00e3o trar\u00e3o melhorias para seus carros na terceira etapa do calend\u00e1rio de 2022 da F\u00f3rmula 1.<\/p>\n\n\n\n<p class=\"wp-block-paragraph\">Toto Wolff, chefe do time de Brackley, j\u00e1 havia adiantado a situa\u00e7\u00e3o da Mercedes para a corrida no Albert Park. &#8220;N\u00e3o haver\u00e1 uma solu\u00e7\u00e3o m\u00e1gica para o pr\u00f3ximo fim de semana de corrida, mas estamos nos esfor\u00e7ando para trazer ganhos constantes nas pr\u00f3ximas provas, para nos aproximarmos da frente do pelot\u00e3o. At\u00e9 l\u00e1, precisamos maximizar cada oportunidade e aproveitar ao m\u00e1ximo o pacote que temos&#8221;, disse.<\/p>\n\n\n\n<p class=\"wp-block-paragraph\"><strong>\u25b6\ufe0f\u00a0Inscreva-se nos dois canais do GRANDE PR\u00caMIO no YouTube:\u00a0<a href=\"https:\/\/www.youtube.com\/channel\/UC9OlHEgxoaY6QY6nWPoiqQg?sub_confirmation=1\" target=\"_blank\" rel=\"noreferrer noopener\">GP<\/a>\u00a0|\u00a0<a href=\"https:\/\/www.youtube.com\/channel\/UC9csiS6q_C3C0FYhyr1rnFA?sub_confirmation=1\" target=\"_blank\" rel=\"noreferrer noopener\">GP2<\/a><\/strong><\/p>\n\n\n\n<figure class=\"wp-block-image size-large\"><img decoding=\"async\" src=\"https:\/\/www.grandepremio.com\/br\/wp-content\/uploads\/2022\/03\/SI202203270543_hires_jpeg_24bit_rgb-1024x683.jpg\" alt=\"\" class=\"wp-image-553203\"\/><figcaption>Red Bull e Ferrari alteraram o RB18 e a F1-75 para o GP da Austr\u00e1lia, respectivamente (Foto: Red Bull Content Pool)<\/figcaption><\/figure>\n\n\n\n<p class=\"wp-block-paragraph\">Todas as outras sete equipes ter\u00e3o &#8216;upgrades&#8217; em seus b\u00f3lidos para a disputa no circuito em Melbourne. A Ferrari e a Haas realizaram altera\u00e7\u00f5es em seus difusores. A Red Bull, por sua vez, mudou as placas laterais das asas dianteiras, enquanto a Aston Martin e a McLaren mexeram na asa traseira e nos ap\u00eandices aerodin\u00e2micos traseiros, respectivamente.<\/p>\n\n\n\n<p class=\"wp-block-paragraph\"><strong>LEIA TAMB\u00c9M<\/strong><br><strong>F\u00f3rmula 1 <a href=\"https:\/\/www.grandepremio.com\/br\/f1\/noticias\/formula-1-abre-fim-semana-gp-da-australia-clima-ameno-pouco-vento\/\">abre fim de semana do GP da Austr\u00e1lia com clima ameno e pouco vento<\/a><\/strong><\/p>\n\n\n\n<p class=\"wp-block-paragraph\">A Alpine e a Williams foram os times que mais atualizaram seus carros para a etapa australiana. O time franc\u00eas alterou o assoalho e a cobertura do freio traseiro da A522. J\u00e1 os ingleses v\u00e3o com carro quase todo diferente: asa de feixe, assoalho, asa dianteira e os dutos de freio dianteiros.<\/p>\n\n\n\n<p class=\"wp-block-paragraph\">O\u00a0<strong>GRANDE PR\u00caMIO<\/strong>\u00a0acompanha todas as atividades do fim de semana do GP da Austr\u00e1lia\u00a0<a href=\"https:\/\/www.grandepremio.com\/br\/f1\/ao-vivo\"><strong>AO VIVO<\/strong>\u00a0e\u00a0<strong>EM\u00a0<\/strong><\/a><strong><a href=\"https:\/\/www.grandepremio.com\/br\/ao-vivo\/\" target=\"_blank\" rel=\"noreferrer noopener\">TEMPO REAL<\/a><\/strong>. Na sexta-feira, os treinos livres est\u00e3o marcados para as 0h e 3h (de Bras\u00edlia).<\/p>\n\n\n\n<figure class=\"wp-block-embed is-type-video is-provider-youtube wp-block-embed-youtube wp-embed-aspect-16-9 wp-has-aspect-ratio\"><div class=\"wp-block-embed__wrapper\">\n<iframe loading=\"lazy\" title=\"F\u00d3RMULA 1 2022 | FERRARI OU RED BULL: QUEM LEVA A MELHOR NA AUSTR\u00c1LIA? | TT GP #47\" width=\"500\" height=\"281\" src=\"https:\/\/www.youtube.com\/embed\/r_seFTsaX5A?feature=oembed\" frameborder=\"0\" allow=\"accelerometer; autoplay; clipboard-write; encrypted-media; gyroscope; picture-in-picture; web-share\" referrerpolicy=\"strict-origin-when-cross-origin\" allowfullscreen><\/iframe>\n<\/div><figcaption>F\u00d3RMULA 1 2022 | FERRARI OU RED BULL: QUEM LEVA A MELHOR NA AUSTR\u00c1LIA? | TT GP #47<\/figcaption><\/figure>\n","protected":false},"excerpt":{"rendered":"<p>Antes da etapa em Melbourne, mesmo com desempenho ruim, a equipe alem\u00e3 n\u00e3o ter\u00e1 melhorias em seu carro. Alpine e Williams foram os times que mais alteraram seus b\u00f3lidos<\/p>\n","protected":false},"author":0,"featured_media":1000552961,"comment_status":"closed","ping_status":"closed","sticky":false,"template":"","format":"standard","meta":{"42wp_featured_image_caption":"","42wp_featured_image_credits":"","42wp_featured_video":"","42wp_featured_image_hidden":false,"42wp_authors_list":[],"footnotes":""},"categories":[2],"tags":[147,1357,207,24837,25260,31238,29703,24836,82,204,30389],"42wp_author":[47143],"class_list":["post-113350","post","type-post","status-publish","format-standard","has-post-thumbnail","hentry","category-f1","tag-f1","tag-f1-2022","tag-ferrari","tag-formula-1-2","tag-gp-da-australia-2","tag-gp-da-australia-2022","tag-gp-da-australia-de-formula-1","tag-grande-premio-2","tag-mercedes","tag-red-bull","tag-w13","42wp_author-felipe-leite"],"_links":{"self":[{"href":"https:\/\/grandepremio.com\/br\/wp-json\/wp\/v2\/posts\/113350","targetHints":{"allow":["GET"]}}],"collection":[{"href":"https:\/\/grandepremio.com\/br\/wp-json\/wp\/v2\/posts"}],"about":[{"href":"https:\/\/grandepremio.com\/br\/wp-json\/wp\/v2\/types\/post"}],"replies":[{"embeddable":true,"href":"https:\/\/grandepremio.com\/br\/wp-json\/wp\/v2\/comments?post=113350"}],"version-history":[{"count":0,"href":"https:\/\/grandepremio.com\/br\/wp-json\/wp\/v2\/posts\/113350\/revisions"}],"wp:featuredmedia":[{"embeddable":true,"href":"https:\/\/grandepremio.com\/br\/wp-json\/wp\/v2\/media\/1000552961"}],"wp:attachment":[{"href":"https:\/\/grandepremio.com\/br\/wp-json\/wp\/v2\/media?parent=113350"}],"wp:term":[{"taxonomy":"category","embeddable":true,"href":"https:\/\/grandepremio.com\/br\/wp-json\/wp\/v2\/categories?post=113350"},{"taxonomy":"post_tag","embeddable":true,"href":"https:\/\/grandepremio.com\/br\/wp-json\/wp\/v2\/tags?post=113350"},{"taxonomy":"42wp_author","embeddable":true,"href":"https:\/\/grandepremio.com\/br\/wp-json\/wp\/v2\/42wp_author?post=113350"}],"curies":[{"name":"wp","href":"https:\/\/api.w.org\/{rel}","templated":true}]}}