{"id":113362,"date":"2022-04-07T13:09:10","date_gmt":"2022-04-07T16:09:10","guid":{"rendered":"https:\/\/grandepremio.com\/br\/noticias\/diretor-alpine-traca-meta-emagrecer-a522-quinta-sexta-etapa-formula-1\/"},"modified":"2022-04-07T13:18:32","modified_gmt":"2022-04-07T16:18:32","slug":"diretor-alpine-traca-meta-emagrecer-a522-quinta-sexta-etapa-formula-1","status":"publish","type":"post","link":"https:\/\/grandepremio.com\/br\/f1\/diretor-alpine-traca-meta-emagrecer-a522-quinta-sexta-etapa-formula-1\/","title":{"rendered":"Diretor da Alpine tra\u00e7a meta para &#8216;emagrecer&#8217; A522 at\u00e9 &#8220;quinta ou sexta etapa&#8221; da F1"},"content":{"rendered":"\n<figure class=\"wp-block-embed is-type-video is-provider-youtube wp-block-embed-youtube wp-embed-aspect-16-9 wp-has-aspect-ratio\"><div class=\"wp-block-embed__wrapper\">\n<iframe loading=\"lazy\" title=\"F\u00d3RMULA 1 2022 NA AUSTR\u00c1LIA SEM JOIAS E VOLTA DE MARC M\u00c1RQUEZ NA MOTOGP | WGP\" width=\"500\" height=\"281\" src=\"https:\/\/www.youtube.com\/embed\/20UA3P4Ts34?feature=oembed\" frameborder=\"0\" allow=\"accelerometer; autoplay; clipboard-write; encrypted-media; gyroscope; picture-in-picture; web-share\" referrerpolicy=\"strict-origin-when-cross-origin\" allowfullscreen><\/iframe>\n<\/div><figcaption>F\u00d3RMULA 1 2022 NA AUSTR\u00c1LIA SEM PIERCING E VOLTA DE MARC M\u00c1RQUEZ NA MOTOGP | WGP<br><\/figcaption><\/figure>\n\n\n\n<p class=\"wp-block-paragraph\">Al\u00e9m do &#8216;porpoising&#8217; \u2014 ou, num bom portugu\u00eas, as golfinhadas \u2014, outra dor de cabe\u00e7a para a equipes da F\u00f3rmula 1 em 2022 \u00e9 o peso dos carros. Com a diferen\u00e7a no regulamento e equipamentos para a temporada, o peso limite \u00e9 de 798 kg. Um carro mais pesado pode prejudicar a velocidade, uma vez que as novas regras prop\u00f5em um melhor desempenho nesse quesito. E \u00e9 por isso que a Alpine, por exemplo, trabalha para &#8216;emagrecer&#8217; a A522. <\/p>\n\n\n\n<p class=\"wp-block-paragraph\"><strong>\u25b6\ufe0f&nbsp;Inscreva-se nos dois canais do GRANDE PR\u00caMIO no YouTube:&nbsp;<a href=\"https:\/\/www.youtube.com\/channel\/UC9OlHEgxoaY6QY6nWPoiqQg?sub_confirmation=1\" target=\"_blank\" rel=\"noreferrer noopener\">GP<\/a>&nbsp;|&nbsp;<a href=\"https:\/\/www.youtube.com\/channel\/UC9csiS6q_C3C0FYhyr1rnFA?sub_confirmation=1\" target=\"_blank\" rel=\"noreferrer noopener\">GP2<\/a><\/strong><\/p>\n\n\n\n<p class=\"wp-block-paragraph\">Segundo o diretor-t\u00e9cnico da equipe francesa, Pat Fry, o objetivo \u00e9 chegar ao limite m\u00ednimo de peso pelo menos at\u00e9 os GPS da Em\u00edlia-Romanha ou Espanha, a quinta e sexta etapas da temporada, respectivamente. <\/p>\n\n\n\n<p class=\"wp-block-paragraph\">\u201cEu diria que at\u00e9 a quinta ou sexta corrida&#8221;, disse Fry, em entrevista ao portal The Race, quando questionado sobre o cronograma para chegar ao limite m\u00ednimo de peso. &#8220;Normalmente, temos um carro que engorda cinco quilos na primeira metade da temporada e voc\u00ea tenta faz\u00ea-lo funcionar assim&#8221;, acrescentou. <\/p>\n\n\n\n<figure class=\"wp-block-image size-large\"><img decoding=\"async\" src=\"https:\/\/www.grandepremio.com\/br\/wp-content\/uploads\/2022\/03\/2022-Saudi-Arabian-Grand-Prix-Saturday-1024x683.jpg\" alt=\"\" class=\"wp-image-553047\"\/><figcaption>A Alpine parece um pouco melhor que o resto da F1 B (Foto: Alpine)<\/figcaption><\/figure>\n\n\n\n<p class=\"wp-block-paragraph\">\u201cN\u00f3s apenas temos de continuar trabalhando nisso.&nbsp;Espero que, no meio da temporada, estejamos facilmente abaixo do peso&#8221;, continuou ele. <\/p>\n\n\n\n<p class=\"wp-block-paragraph\">O downforce \u00e9 extremamente necess\u00e1rio, mas a import\u00e2ncia de estar com um carro mais leve se d\u00e1 nos tempos de volta, j\u00e1 que, a cada 10 kg, dependendo do circuito, as equipes perdem entre 0s3 a 0s4 por volta. Fry explica que a Alpine precisa tamb\u00e9m perder um pouco de peso para melhorar a performance \u2014 e \u00e9 por isso que as solu\u00e7\u00f5es das garagens vizinhas tamb\u00e9m s\u00e3o interessantes para an\u00e1lises, segundo ele. <\/p>\n\n\n\n<p class=\"wp-block-paragraph\">\u201cPrecisamos fazer as duas coisas [reduzir peso e aumentar desempenho], pois claramente [estamos perdendo] tempo de volta em tudo. Temos algumas atualiza\u00e7\u00f5es para as pr\u00f3ximas duas ou tr\u00eas corridas, todas baseadas em an\u00e1lise antes de vermos na pr\u00e1tica&#8221;, apontou.<\/p>\n\n\n\n<p class=\"wp-block-paragraph\">\u201cEnt\u00e3o, obviamente, h\u00e1 muito mais vindo por a\u00ed enquanto todo mundo diz: &#8216;Ah, isso \u00e9 interessante. Seguiremos avaliando [ideias desenvolvidas em outros carros]. N\u00e3o estamos muito longe, mas voc\u00ea quer estar alguns quilos abaixo, se puder&#8221;, concluiu. <\/p>\n\n\n\n<p class=\"wp-block-paragraph\">A&nbsp;<a href=\"https:\/\/www.grandepremio.com\/formula-1\/\" target=\"_blank\" rel=\"noreferrer noopener\">F\u00f3rmula 1<\/a>&nbsp;volta no dia 10 de abril para realizar o GP da Austr\u00e1lia, no circuito de Albert Park, em&nbsp;<a href=\"https:\/\/www.grandepremio.com\/br\/etapa\/uncategorized\/gp-da-australia-formula-1-2021\/\" target=\"_blank\" rel=\"noreferrer noopener\">Melbourne<\/a>. \u00c9 a volta da categoria ao pa\u00eds ap\u00f3s o hiato de duas temporadas.<\/p>\n\n\n\n<figure class=\"wp-block-embed is-type-video is-provider-youtube wp-block-embed-youtube wp-embed-aspect-16-9 wp-has-aspect-ratio\"><div class=\"wp-block-embed__wrapper\">\n<iframe loading=\"lazy\" title=\"F\u00d3RMULA 1 2022 | FERRARI OU RED BULL: QUEM LEVA A MELHOR NA AUSTR\u00c1LIA? | TT GP #47\" width=\"500\" height=\"281\" src=\"https:\/\/www.youtube.com\/embed\/r_seFTsaX5A?feature=oembed\" frameborder=\"0\" allow=\"accelerometer; autoplay; clipboard-write; encrypted-media; gyroscope; picture-in-picture; web-share\" referrerpolicy=\"strict-origin-when-cross-origin\" allowfullscreen><\/iframe>\n<\/div><figcaption>F\u00d3RMULA 1 2022 | FERRARI OU RED BULL: QUEM LEVA A MELHOR NA AUSTR\u00c1LIA? | TT GP #47<br><\/figcaption><\/figure>\n\n\n\n<p class=\"wp-block-paragraph\"><\/p>\n\n\n\n<p class=\"wp-block-paragraph\"><\/p>\n","protected":false},"excerpt":{"rendered":"<p>Pat Fry, diretor-t\u00e9cnico da Alpine, ressaltou a necessidade de &#8216;emagrecer&#8217; a A522 e a import\u00e2ncia de continuar trabalhando para melhorar o desempenho<\/p>\n","protected":false},"author":0,"featured_media":1000553277,"comment_status":"closed","ping_status":"closed","sticky":false,"template":"","format":"standard","meta":{"42wp_featured_image_caption":"","42wp_featured_image_credits":"","42wp_featured_video":"","42wp_featured_image_hidden":false,"42wp_authors_list":[],"footnotes":""},"categories":[2],"tags":[20491,302,1357,176,24837,25260,1491],"42wp_author":[47139],"class_list":["post-113362","post","type-post","status-publish","format-standard","has-post-thumbnail","hentry","category-f1","tag-alpine","tag-esteban-ocon","tag-f1-2022","tag-fernando-alonso","tag-formula-1-2","tag-gp-da-australia-2","tag-grande-premio","42wp_author-ana-cerveira"],"_links":{"self":[{"href":"https:\/\/grandepremio.com\/br\/wp-json\/wp\/v2\/posts\/113362","targetHints":{"allow":["GET"]}}],"collection":[{"href":"https:\/\/grandepremio.com\/br\/wp-json\/wp\/v2\/posts"}],"about":[{"href":"https:\/\/grandepremio.com\/br\/wp-json\/wp\/v2\/types\/post"}],"replies":[{"embeddable":true,"href":"https:\/\/grandepremio.com\/br\/wp-json\/wp\/v2\/comments?post=113362"}],"version-history":[{"count":0,"href":"https:\/\/grandepremio.com\/br\/wp-json\/wp\/v2\/posts\/113362\/revisions"}],"wp:featuredmedia":[{"embeddable":true,"href":"https:\/\/grandepremio.com\/br\/wp-json\/wp\/v2\/media\/1000553277"}],"wp:attachment":[{"href":"https:\/\/grandepremio.com\/br\/wp-json\/wp\/v2\/media?parent=113362"}],"wp:term":[{"taxonomy":"category","embeddable":true,"href":"https:\/\/grandepremio.com\/br\/wp-json\/wp\/v2\/categories?post=113362"},{"taxonomy":"post_tag","embeddable":true,"href":"https:\/\/grandepremio.com\/br\/wp-json\/wp\/v2\/tags?post=113362"},{"taxonomy":"42wp_author","embeddable":true,"href":"https:\/\/grandepremio.com\/br\/wp-json\/wp\/v2\/42wp_author?post=113362"}],"curies":[{"name":"wp","href":"https:\/\/api.w.org\/{rel}","templated":true}]}}