{"id":113367,"date":"2022-04-07T11:06:33","date_gmt":"2022-04-07T14:06:33","guid":{"rendered":"https:\/\/grandepremio.com\/br\/noticias\/michelin-esperar-efeito-trabalho-ondulacoes-aderencia-eua\/"},"modified":"2022-04-07T11:36:11","modified_gmt":"2022-04-07T14:36:11","slug":"michelin-esperar-efeito-trabalho-ondulacoes-aderencia-eua","status":"publish","type":"post","link":"https:\/\/grandepremio.com\/br\/motogp\/michelin-esperar-efeito-trabalho-ondulacoes-aderencia-eua\/","title":{"rendered":"Michelin fala em \u201cesperar para ver\u201d efeito de trabalho em ondula\u00e7\u00f5es na ader\u00eancia nos EUA"},"content":{"rendered":"\n<figure class=\"wp-block-embed is-type-video is-provider-youtube wp-block-embed-youtube wp-embed-aspect-16-9 wp-has-aspect-ratio\"><div class=\"wp-block-embed__wrapper\">\n<iframe loading=\"lazy\" title=\"ALEIX ESPARGAR\u00d3 TEM VIT\u00d3RIA JUSTA PELA MOTOGP NA ARGENTINA\" width=\"500\" height=\"281\" src=\"https:\/\/www.youtube.com\/embed\/CyKcdvQowdM?feature=oembed\" frameborder=\"0\" allow=\"accelerometer; autoplay; clipboard-write; encrypted-media; gyroscope; picture-in-picture; web-share\" referrerpolicy=\"strict-origin-when-cross-origin\" allowfullscreen><\/iframe>\n<\/div><figcaption>ALEIX ESPARGAR\u00d3 TEM VIT\u00d3RIA JUSTA PELA MOTOGP NA ARGENTINA<\/figcaption><\/figure>\n\n\n\n<p class=\"wp-block-paragraph\">A Michelin vai para o GP das Am\u00e9ricas deste fim de semana sem saber ao certo o impacto do trabalho feito para diminuir as ondula\u00e7\u00f5es da pista nos n\u00edveis de ader\u00eancia do asfalto. Ainda assim, Piero Taramasso, chefe da divis\u00e3o de esportes a motor em duas rodas da marca francesa, confia que a aloca\u00e7\u00e3o de pneus ser\u00e1 suficiente para atender aos pilotos.<\/p>\n\n\n\n<p class=\"wp-block-paragraph\">Neste fim de semana, a Michelin vai fornecer os slicks macios, m\u00e9dios e duros, com os dianteiros em constru\u00e7\u00e3o sim\u00e9trica, enquanto os traseiros ter\u00e3o perfil assim\u00e9trico, com borracha mais resistente do lado direito, j\u00e1 que, apesar de o tra\u00e7ado americano ter 11 curvas para a esquerda e nove para a direita, as curvas para a direita estressam mais os cal\u00e7ados do que as demais.<\/p>\n\n\n\n<p class=\"wp-block-paragraph\"><strong>CLASSIFICA\u00c7\u00c3O MOTOGP<\/strong><br>#&nbsp;<strong><a href=\"https:\/\/www.grandepremio.com\/br\/piloto\/aleix-espargaro\/\" target=\"_blank\" rel=\"noreferrer noopener\">Aleix Espargar\u00f3<\/a><a href=\"https:\/\/www.grandepremio.com\/br\/motogp\/noticias\/aleix-espargaro-fecha-fim-semana-historico-ponta-motogp-confira-classificacao\/\">&nbsp;fecha fim de semana hist\u00f3rico na ponta da&nbsp;<\/a><a href=\"https:\/\/grandepremio.com\/motovelocidade\/\" target=\"_blank\" rel=\"noreferrer noopener\">MotoGP<\/a><\/strong><\/p>\n\n\n\n<figure class=\"wp-block-image size-large\"><img decoding=\"async\" src=\"https:\/\/www.grandepremio.com\/br\/wp-content\/uploads\/2021\/10\/SI202110030429_hires_jpeg_24bit_rgb-1024x683.jpg\" alt=\"\" class=\"wp-image-514840\"\/><figcaption>Pista de Austin passou por mudan\u00e7as para lidar com ondula\u00e7\u00f5es (Foto: Red Bull Content Pool)<\/figcaption><\/figure>\n\n\n\n<p class=\"wp-block-paragraph\"><strong>\u25b6\ufe0f&nbsp;Inscreva-se nos dois canais do GRANDE PR\u00caMIO no YouTube:&nbsp;<a href=\"https:\/\/www.youtube.com\/channel\/UC9OlHEgxoaY6QY6nWPoiqQg?sub_confirmation=1\" target=\"_blank\" rel=\"noreferrer noopener\">GP<\/a>&nbsp;|&nbsp;<a href=\"https:\/\/www.youtube.com\/channel\/UC9csiS6q_C3C0FYhyr1rnFA?sub_confirmation=1\" target=\"_blank\" rel=\"noreferrer noopener\">GP2<\/a><\/strong><\/p>\n\n\n\n<p class=\"wp-block-paragraph\">Em caso de chuva, os competidores poder\u00e3o escolher entre os macios e m\u00e9dios, com os traseiros tamb\u00e9m em configura\u00e7\u00e3o assim\u00e9trica.<\/p>\n\n\n\n<p class=\"wp-block-paragraph\">\u201cEssas duas corridas consecutivas em Termas de R\u00edo Hondo e Austin s\u00e3o um desafio log\u00edstico para a nossa equipe. No entanto, sempre ficamos felizes em cruzar o Atl\u00e2ntico e contribuir para algumas corridas empolgantes que sabemos que os entusiasmados f\u00e3s daqui v\u00e3o apreciar demais\u201d, disse Taramasso. \u201cSabemos que, depois da visita anterior, foi feito um trabalho na pista para tentar suavizar algumas ondula\u00e7\u00f5es que causaram problemas para os pilotos da \u00faltima vez. Agora temos de esperar para ver se funcionou e para descobrir se fez alguma diferen\u00e7a nos n\u00edveis de ader\u00eancia\u201d, seguiu.<\/p>\n\n\n\n<p class=\"wp-block-paragraph\">\u201cDito isso, tenho certeza de que a nossa aloca\u00e7\u00e3o para o Circuito das Am\u00e9ricas em 2022 dar\u00e1 aos pilotos os pneus que eles precisam para for\u00e7ar ao limite e ir com tudo para a vit\u00f3ria\u201d, completou.<\/p>\n\n\n\n<p class=\"wp-block-paragraph\">A&nbsp;<a href=\"https:\/\/grandepremio.com\/motovelocidade\/\" target=\"_blank\" rel=\"noreferrer noopener\">MotoGP<\/a>&nbsp;volta \u00e0 pista na semana que vem, em Austin, para o GP das Am\u00e9ricas, agendado para o dia 10 de abril. O&nbsp;<strong>GRANDE PR\u00caMIO<\/strong>&nbsp;<a href=\"https:\/\/www.grandepremio.com\/br\/motogp\/ultimas-noticias\/\">acompanha todas as atividades<\/a>&nbsp;da quarta etapa do Mundial de&nbsp;<a href=\"https:\/\/www.grandepremio.com\/motovelocidade\/\" target=\"_blank\" rel=\"noreferrer noopener\">Motovelocidade<\/a>&nbsp;2022.<\/p>\n\n\n\n<p class=\"wp-block-paragraph\"><strong>VEJA TAMB\u00c9M<\/strong><br>#&nbsp;<strong><a href=\"https:\/\/www.grandepremio.com\/br\/piloto\/aleix-espargaro\/\" target=\"_blank\" rel=\"noreferrer noopener\">V\u00cdDEO:&nbsp;<\/a><a href=\"https:\/\/www.grandepremio.com\/br\/piloto\/aleix-espargaro\/\" target=\"_blank\" rel=\"noreferrer noopener\">Aleix Espargar\u00f3<\/a><a href=\"https:\/\/www.grandepremio.com\/br\/video\/motogp\/aleix-espargaro-lagrimas-argentina-primeira-vitoria-carreira-motogp\/\">&nbsp;vai \u00e0s l\u00e1grimas ap\u00f3s vencer pela primeira vez na&nbsp;<\/a><a href=\"https:\/\/grandepremio.com\/motovelocidade\/\" target=\"_blank\" rel=\"noreferrer noopener\">MotoGP<\/a><\/strong><br>#&nbsp;<strong><a href=\"https:\/\/www.grandepremio.com\/br\/motogp\/noticias\/aleix-espargaro-pressao-filho-argentina-trofeu\/\">Aleix Espargar\u00f3 revela press\u00e3o do filho no GP da&nbsp;<\/a><a href=\"https:\/\/es.grandepremio.com\/\" target=\"_blank\" rel=\"noreferrer noopener\">Argentina<\/a><a href=\"https:\/\/www.grandepremio.com\/br\/motogp\/noticias\/aleix-espargaro-pressao-filho-argentina-trofeu\/\">: \u2018Traga trof\u00e9u para casa\u2019<\/a><\/strong><br>#&nbsp;<strong><a href=\"https:\/\/www.grandepremio.com\/br\/motogp\/noticias\/pol-espargaro-enaltece-irmao-aleix-espargaro-historico-gp-argentina-justica-divina\/\">Pol Espargar\u00f3 enaltece irm\u00e3o Aleix em hist\u00f3rico GP da Argentina: \u201cJusti\u00e7a divina\u201d<\/a><\/strong><br>#&nbsp;<strong><a href=\"https:\/\/www.grandepremio.com\/br\/motogp\/noticias\/aleix-espargaro-brilha-aprilia-sai-argentina-tamanho-merece\/\">Aleix Espargar\u00f3 brilha com&nbsp;<\/a><a href=\"https:\/\/www.grandepremio.com\/br\/equipe\/motogp\/2021\/aprilia-racing\/\" target=\"_blank\" rel=\"noreferrer noopener\">Aprilia<\/a><a href=\"https:\/\/www.grandepremio.com\/br\/motogp\/noticias\/aleix-espargaro-brilha-aprilia-sai-argentina-tamanho-merece\/\">&nbsp;e sai da Argentina com tamanho que merece<\/a><\/strong><br>#&nbsp;<strong><a href=\"https:\/\/www.grandepremio.com\/br\/motogp\/noticias\/cueca-roxa-mensagem-charles-leclerc-domingo-chefe-aprilia-argentina\/\">Da cueca roxa a mensagem de Leclerc: o domingo do chefe da Aprilia na Argentina<\/a><\/strong><br>#&nbsp;<strong><a href=\"https:\/\/www.grandepremio.com\/br\/motogp\/noticias\/francesco-bagnaia-assume-culpa-classificacao-quer-gp-argentina-sirva-licao\/\">Bagnaia assume culpa por classifica\u00e7\u00e3o e quer que GP da Argentina \u201csirva de li\u00e7\u00e3o\u201d<\/a><\/strong><br>#&nbsp;<strong><a href=\"https:\/\/www.grandepremio.com\/br\/motogp\/noticias\/agente-seguranca-morre-acidente-transporte-carga-motogp-argentina\/\">Agente de seguran\u00e7a morre ap\u00f3s acidente em transporte de carga na Argentina<\/a><\/strong><br>#&nbsp;<strong><a href=\"https:\/\/www.grandepremio.com\/br\/piloto\/marc-marquez\/\" target=\"_blank\" rel=\"noreferrer noopener\">Marc M\u00e1rquez<\/a><a href=\"https:\/\/www.grandepremio.com\/br\/motogp\/noticias\/marc-marquez-recebe-liberacao-medica-austin-disputar-gp-das-americas\/\">&nbsp;recebe libera\u00e7\u00e3o m\u00e9dica e vai a Austin para disputar GP das Am\u00e9ricas<\/a><\/strong><br>#&nbsp;<strong><a href=\"https:\/\/www.grandepremio.com\/br\/motogp\/noticias\/motogp-parceria-bem-estar-fabricante-produtos-derivados-canabidiol\/\">MotoGP anuncia \u2018parceria de bem-estar\u2019 com produtora derivados de canabidiol<\/a><\/strong><\/p>\n\n\n\n<figure class=\"wp-block-embed is-type-video is-provider-youtube wp-block-embed-youtube wp-embed-aspect-16-9 wp-has-aspect-ratio\"><div class=\"wp-block-embed__wrapper\">\n<iframe loading=\"lazy\" title=\"BASTIANINI EST\u00c1 CERTO: LIDERAN\u00c7A DA MOTOGP AINDA N\u00c3O IMPORTA\" width=\"500\" height=\"281\" src=\"https:\/\/www.youtube.com\/embed\/gisbVA7S1pY?feature=oembed\" frameborder=\"0\" allow=\"accelerometer; autoplay; clipboard-write; encrypted-media; gyroscope; picture-in-picture; web-share\" referrerpolicy=\"strict-origin-when-cross-origin\" allowfullscreen><\/iframe>\n<\/div><figcaption>BASTIANINI EST\u00c1 CERTO: LIDERAN\u00c7A DA MOTOGP AINDA N\u00c3O IMPORTA<\/figcaption><\/figure>\n","protected":false},"excerpt":{"rendered":"<p>Chefe da divis\u00e3o de esporte a motor em duas rodas da Michelin, Piero Taramasso garantiu que a aloca\u00e7\u00e3o de pneus para o GP das Am\u00e9ricas vai atender aos pilotos, mas ressaltou que ainda \u00e9 incerto o efeito do trabalho para minimizar as ondula\u00e7\u00f5es do asfalto na ader\u00eancia da pista<\/p>\n","protected":false},"author":0,"featured_media":1000514837,"comment_status":"closed","ping_status":"closed","sticky":false,"template":"","format":"standard","meta":{"42wp_featured_image_caption":"","42wp_featured_image_credits":"","42wp_featured_video":"","42wp_featured_image_hidden":false,"42wp_authors_list":[],"footnotes":""},"categories":[8],"tags":[28417,1982,24854,896,79,78,2997,30733,30728,30734,25819,28345,28766,26690],"42wp_author":[47113],"class_list":["post-113367","post","type-post","status-publish","format-standard","has-post-thumbnail","hentry","category-motogp","tag-americas","tag-austin","tag-classificacao-motogp-2","tag-estados-unidos","tag-moto-gp","tag-motogp","tag-motogp-2022","tag-motogp-2022-calendario","tag-motogp-calendario-2022","tag-motogp-classificacao-2022","tag-motogp-hoje","tag-motogp-horarios","tag-motogp-standings","tag-pilotos-motogp","42wp_author-juliana-tesser"],"_links":{"self":[{"href":"https:\/\/grandepremio.com\/br\/wp-json\/wp\/v2\/posts\/113367","targetHints":{"allow":["GET"]}}],"collection":[{"href":"https:\/\/grandepremio.com\/br\/wp-json\/wp\/v2\/posts"}],"about":[{"href":"https:\/\/grandepremio.com\/br\/wp-json\/wp\/v2\/types\/post"}],"replies":[{"embeddable":true,"href":"https:\/\/grandepremio.com\/br\/wp-json\/wp\/v2\/comments?post=113367"}],"version-history":[{"count":0,"href":"https:\/\/grandepremio.com\/br\/wp-json\/wp\/v2\/posts\/113367\/revisions"}],"wp:featuredmedia":[{"embeddable":true,"href":"https:\/\/grandepremio.com\/br\/wp-json\/wp\/v2\/media\/1000514837"}],"wp:attachment":[{"href":"https:\/\/grandepremio.com\/br\/wp-json\/wp\/v2\/media?parent=113367"}],"wp:term":[{"taxonomy":"category","embeddable":true,"href":"https:\/\/grandepremio.com\/br\/wp-json\/wp\/v2\/categories?post=113367"},{"taxonomy":"post_tag","embeddable":true,"href":"https:\/\/grandepremio.com\/br\/wp-json\/wp\/v2\/tags?post=113367"},{"taxonomy":"42wp_author","embeddable":true,"href":"https:\/\/grandepremio.com\/br\/wp-json\/wp\/v2\/42wp_author?post=113367"}],"curies":[{"name":"wp","href":"https:\/\/api.w.org\/{rel}","templated":true}]}}