{"id":113371,"date":"2022-04-07T05:00:00","date_gmt":"2022-04-07T08:00:00","guid":{"rendered":"https:\/\/grandepremio.com\/br\/noticias\/aleix-espargaro-pausa-plano-aposentadoria-nao-seria-justo\/"},"modified":"2022-04-06T15:18:23","modified_gmt":"2022-04-06T18:18:23","slug":"aleix-espargaro-pausa-plano-aposentadoria-nao-seria-justo","status":"publish","type":"post","link":"https:\/\/grandepremio.com\/br\/motogp\/aleix-espargaro-pausa-plano-aposentadoria-nao-seria-justo\/","title":{"rendered":"Aleix Espargar\u00f3 pausa plano de aposentadoria ap\u00f3s vit\u00f3ria: \u201cN\u00e3o seria justo parar agora\u201d"},"content":{"rendered":"\n<figure class=\"wp-block-embed is-type-video is-provider-youtube wp-block-embed-youtube wp-embed-aspect-16-9 wp-has-aspect-ratio\"><div class=\"wp-block-embed__wrapper\">\n<iframe loading=\"lazy\" title=\"ALEIX ESPARGAR\u00d3 TEM VIT\u00d3RIA JUSTA PELA MOTOGP NA ARGENTINA\" width=\"500\" height=\"281\" src=\"https:\/\/www.youtube.com\/embed\/CyKcdvQowdM?feature=oembed\" frameborder=\"0\" allow=\"accelerometer; autoplay; clipboard-write; encrypted-media; gyroscope; picture-in-picture; web-share\" referrerpolicy=\"strict-origin-when-cross-origin\" allowfullscreen><\/iframe>\n<\/div><figcaption>ALEIX ESPARGAR\u00d3 TEM VIT\u00d3RIA JUSTA PELA MOTOGP NA ARGENTINA<\/figcaption><\/figure>\n\n\n\n<p class=\"wp-block-paragraph\">Aleix Espargar\u00f3 suspendeu os planos de aposentadoria ap\u00f3s conquistar a primeira vit\u00f3ria da carreira na MotoGP. Aos 32 anos, o piloto da Aprilia avaliou que n\u00e3o seria justo parar em um momento em que tem condi\u00e7\u00f5es de brigar entre os ponteiros e at\u00e9 mesmo liderar o campeonato.<\/p>\n\n\n\n<p class=\"wp-block-paragraph\">Com contrato com a Aprilia apenas at\u00e9 o fim de 2022, Aleix iniciou a temporada considerando encerrar a carreira neste ano, mas deu sinais em Termas de R\u00edo Hondo que j\u00e1 est\u00e1 pronto para negociar um novo v\u00ednculo. Mesmo admitindo que sente muita falta da esposa, Laura, e dos filhos Max e Mia, o catal\u00e3o reconheceu que a boa performance ajuda a amenizar a dist\u00e2ncia.<\/p>\n\n\n\n<p class=\"wp-block-paragraph\"><strong>CLASSIFICA\u00c7\u00c3O MOTOGP<\/strong><br>#\u00a0<strong><a href=\"https:\/\/www.grandepremio.com\/br\/piloto\/aleix-espargaro\/\" target=\"_blank\" rel=\"noreferrer noopener\">Aleix Espargar\u00f3<\/a><a href=\"https:\/\/www.grandepremio.com\/br\/motogp\/noticias\/aleix-espargaro-fecha-fim-semana-historico-ponta-motogp-confira-classificacao\/\">\u00a0fecha fim de semana hist\u00f3rico na ponta da\u00a0<\/a><a href=\"https:\/\/grandepremio.com\/motovelocidade\/\" target=\"_blank\" rel=\"noreferrer noopener\">MotoGP<\/a><\/strong><\/p>\n\n\n\n<figure class=\"wp-block-image size-large\"><img decoding=\"async\" src=\"https:\/\/www.grandepremio.com\/br\/wp-content\/uploads\/2022\/04\/DS_8658-e1649027389400-1024x835.jpg\" alt=\"\" class=\"wp-image-555015\"\/><figcaption>Aleix Espargar\u00f3 venceu na Argentina e agora rev\u00ea plano de aposentadoria (Foto: Divulga\u00e7\u00e3o\/MotoGP)<\/figcaption><\/figure>\n\n\n\n<p class=\"wp-block-paragraph\"><strong>\u25b6\ufe0f\u00a0Inscreva-se nos dois canais do GRANDE PR\u00caMIO no YouTube:\u00a0<a href=\"https:\/\/www.youtube.com\/channel\/UC9OlHEgxoaY6QY6nWPoiqQg?sub_confirmation=1\" target=\"_blank\" rel=\"noreferrer noopener\">GP<\/a>\u00a0|\u00a0<a href=\"https:\/\/www.youtube.com\/channel\/UC9csiS6q_C3C0FYhyr1rnFA?sub_confirmation=1\" target=\"_blank\" rel=\"noreferrer noopener\">GP2<\/a><\/strong><\/p>\n\n\n\n<p class=\"wp-block-paragraph\">\u201cN\u00e3o seria justo comigo parar agora\u201d, disse Aleix. \u201cAcho que depois de todo o trabalho duro que fiz, nunca venci antes, nunca liderei o campeonato, nunca fui um dos mais r\u00e1pidos. Para ser justo comigo, acho que \u00e9 bom correr pelo menos mais um ou dois anos\u201d, comentou.<\/p>\n\n\n\n<p class=\"wp-block-paragraph\">\u201cFisicamente, me sinto realmente bem e estou curtindo pilotar. Realmente n\u00e3o me importo com o futuro al\u00e9m deste ano, mas, com certeza, tenho mais energia para continuar correndo\u201d, garantiu. \u201cAo mesmo tempo, devo dizer que \u00e9 muito dif\u00edcil ficar longe da minha fam\u00edlia, muito, muito dif\u00edcil. Obviamente, se eu puder vencer corridas e estar na ponta do campeonato, tudo fica um pouco mais f\u00e1cil, ent\u00e3o vamos tentar manter este momento\u201d, defendeu.<\/p>\n\n\n\n<p class=\"wp-block-paragraph\">Aleix disse reiteradas vezes que a vit\u00f3ria n\u00e3o muda a vida dele, mas frisou que encara a lideran\u00e7a do Mundial de Pilotos de uma maneira diferente.<\/p>\n\n\n\n<p class=\"wp-block-paragraph\">\u201cA lideran\u00e7a do campeonato \u00e9 100% mais importante do que a vit\u00f3ria. Disse v\u00e1rias vezes antes, mas uma vit\u00f3ria n\u00e3o vai mudar a minha vida. Sou muito feliz, um homem muito sortudo, pois tenho o sonho da minha vida, que \u00e9 a minha fam\u00edlia\u201d, apontou. \u201cDigamos que, h\u00e1 tr\u00eas anos, eu consegui isso. Meu trabalho \u00e9 a minha paix\u00e3o, ent\u00e3o vencer n\u00e3o vai mudar isso. Mas liderar o campeonato mais dif\u00edcil das \u00faltimas temporadas, talvez mais do que nunca, \u00e9 inacredit\u00e1vel, mas n\u00e3o \u00e9 sorte\u201d, ponderou.<\/p>\n\n\n\n<p class=\"wp-block-paragraph\">\u201cN\u00f3s verdadeiramente merecemos, pois corremos e vencemos. Vou tentar manter os p\u00e9s no ch\u00e3o, mas ningu\u00e9m te d\u00e1 nada de gra\u00e7a, ent\u00e3o se estamos l\u00e1, \u00e9 porque merecemos e vamos persegui isso at\u00e9 Val\u00eancia o m\u00e1ximo que pudermos\u201d, concluiu.<\/p>\n\n\n\n<p class=\"wp-block-paragraph\">A&nbsp;<a href=\"https:\/\/grandepremio.com\/motovelocidade\/\" target=\"_blank\" rel=\"noreferrer noopener\">MotoGP<\/a>&nbsp;volta \u00e0 pista na semana que vem, em Austin, para o GP das Am\u00e9ricas, agendado para o dia 10 de abril. O&nbsp;<strong>GRANDE PR\u00caMIO<\/strong>&nbsp;<a href=\"https:\/\/www.grandepremio.com\/br\/motogp\/ultimas-noticias\/\">acompanha todas as atividades<\/a>&nbsp;da quarta etapa do Mundial de&nbsp;<a href=\"https:\/\/www.grandepremio.com\/motovelocidade\/\" target=\"_blank\" rel=\"noreferrer noopener\">Motovelocidade<\/a>&nbsp;2022.<\/p>\n\n\n\n<p class=\"wp-block-paragraph\"><strong>VEJA TAMB\u00c9M<\/strong><br>#&nbsp;<strong><a href=\"https:\/\/www.grandepremio.com\/br\/piloto\/aleix-espargaro\/\" target=\"_blank\" rel=\"noreferrer noopener\">V\u00cdDEO:&nbsp;<\/a><a href=\"https:\/\/www.grandepremio.com\/br\/piloto\/aleix-espargaro\/\" target=\"_blank\" rel=\"noreferrer noopener\">Aleix Espargar\u00f3<\/a><a href=\"https:\/\/www.grandepremio.com\/br\/video\/motogp\/aleix-espargaro-lagrimas-argentina-primeira-vitoria-carreira-motogp\/\">&nbsp;vai \u00e0s l\u00e1grimas ap\u00f3s vencer pela primeira vez na&nbsp;<\/a><a href=\"https:\/\/grandepremio.com\/motovelocidade\/\" target=\"_blank\" rel=\"noreferrer noopener\">MotoGP<\/a><\/strong><br>#&nbsp;<strong><a href=\"https:\/\/www.grandepremio.com\/br\/motogp\/noticias\/aleix-espargaro-pressao-filho-argentina-trofeu\/\">Aleix Espargar\u00f3 revela press\u00e3o do filho no GP da&nbsp;<\/a><a href=\"https:\/\/es.grandepremio.com\/\" target=\"_blank\" rel=\"noreferrer noopener\">Argentina<\/a><a href=\"https:\/\/www.grandepremio.com\/br\/motogp\/noticias\/aleix-espargaro-pressao-filho-argentina-trofeu\/\">: \u2018Traga trof\u00e9u para casa\u2019<\/a><\/strong><br>#&nbsp;<strong><a href=\"https:\/\/www.grandepremio.com\/br\/motogp\/noticias\/pol-espargaro-enaltece-irmao-aleix-espargaro-historico-gp-argentina-justica-divina\/\">Pol Espargar\u00f3 enaltece irm\u00e3o Aleix em hist\u00f3rico GP da Argentina: \u201cJusti\u00e7a divina\u201d<\/a><\/strong><br>#&nbsp;<strong><a href=\"https:\/\/www.grandepremio.com\/br\/motogp\/noticias\/aleix-espargaro-brilha-aprilia-sai-argentina-tamanho-merece\/\">Aleix Espargar\u00f3 brilha com&nbsp;<\/a><a href=\"https:\/\/www.grandepremio.com\/br\/equipe\/motogp\/2021\/aprilia-racing\/\" target=\"_blank\" rel=\"noreferrer noopener\">Aprilia<\/a><a href=\"https:\/\/www.grandepremio.com\/br\/motogp\/noticias\/aleix-espargaro-brilha-aprilia-sai-argentina-tamanho-merece\/\">&nbsp;e sai da Argentina com tamanho que merece<\/a><\/strong><br>#&nbsp;<strong><a href=\"https:\/\/www.grandepremio.com\/br\/motogp\/noticias\/cueca-roxa-mensagem-charles-leclerc-domingo-chefe-aprilia-argentina\/\">Da cueca roxa a mensagem de Leclerc: o domingo do chefe da Aprilia na Argentina<\/a><\/strong><br>#&nbsp;<strong><a href=\"https:\/\/www.grandepremio.com\/br\/motogp\/noticias\/francesco-bagnaia-assume-culpa-classificacao-quer-gp-argentina-sirva-licao\/\">Bagnaia assume culpa por classifica\u00e7\u00e3o e quer que GP da Argentina \u201csirva de li\u00e7\u00e3o\u201d<\/a><\/strong><br>#&nbsp;<strong><a href=\"https:\/\/www.grandepremio.com\/br\/motogp\/noticias\/agente-seguranca-morre-acidente-transporte-carga-motogp-argentina\/\">Agente de seguran\u00e7a morre ap\u00f3s acidente em transporte de carga na Argentina<\/a><\/strong><br>#&nbsp;<strong><a href=\"https:\/\/www.grandepremio.com\/br\/piloto\/marc-marquez\/\" target=\"_blank\" rel=\"noreferrer noopener\">Marc M\u00e1rquez<\/a><a href=\"https:\/\/www.grandepremio.com\/br\/motogp\/noticias\/marc-marquez-recebe-liberacao-medica-austin-disputar-gp-das-americas\/\">&nbsp;recebe libera\u00e7\u00e3o m\u00e9dica e vai a Austin para disputar GP das Am\u00e9ricas<\/a><\/strong><br>#&nbsp;<strong><a href=\"https:\/\/www.grandepremio.com\/br\/motogp\/noticias\/motogp-parceria-bem-estar-fabricante-produtos-derivados-canabidiol\/\">MotoGP anuncia \u2018parceria de bem-estar\u2019 com produtora derivados de canabidiol<\/a><\/strong><\/p>\n\n\n\n<figure class=\"wp-block-embed is-type-video is-provider-youtube wp-block-embed-youtube wp-embed-aspect-16-9 wp-has-aspect-ratio\"><div class=\"wp-block-embed__wrapper\">\n<iframe loading=\"lazy\" title=\"BASTIANINI EST\u00c1 CERTO: LIDERAN\u00c7A DA MOTOGP AINDA N\u00c3O IMPORTA\" width=\"500\" height=\"281\" src=\"https:\/\/www.youtube.com\/embed\/gisbVA7S1pY?feature=oembed\" frameborder=\"0\" allow=\"accelerometer; autoplay; clipboard-write; encrypted-media; gyroscope; picture-in-picture; web-share\" referrerpolicy=\"strict-origin-when-cross-origin\" allowfullscreen><\/iframe>\n<\/div><figcaption>BASTIANINI EST\u00c1 CERTO: LIDERAN\u00c7A DA MOTOGP AINDA N\u00c3O IMPORTA<\/figcaption><\/figure>\n","protected":false},"excerpt":{"rendered":"<p>Catal\u00e3o avaliou que, depois de vencer e liderar o campeonato, o justo seria correr por pelo mais um ou dois anos. O irm\u00e3o de Pol Espargar\u00f3 frisou que ainda se sente em plena forma aos 32 anos<\/p>\n","protected":false},"author":0,"featured_media":1000555012,"comment_status":"closed","ping_status":"closed","sticky":false,"template":"","format":"standard","meta":{"42wp_featured_image_caption":"","42wp_featured_image_credits":"","42wp_featured_video":"","42wp_featured_image_hidden":false,"42wp_authors_list":[],"footnotes":""},"categories":[8],"tags":[1982,896,79,78,2997,30733,30728,30734,25819,28345,28766,26690],"42wp_author":[47113],"class_list":["post-113371","post","type-post","status-publish","format-standard","has-post-thumbnail","hentry","category-motogp","tag-austin","tag-estados-unidos","tag-moto-gp","tag-motogp","tag-motogp-2022","tag-motogp-2022-calendario","tag-motogp-calendario-2022","tag-motogp-classificacao-2022","tag-motogp-hoje","tag-motogp-horarios","tag-motogp-standings","tag-pilotos-motogp","42wp_author-juliana-tesser"],"_links":{"self":[{"href":"https:\/\/grandepremio.com\/br\/wp-json\/wp\/v2\/posts\/113371","targetHints":{"allow":["GET"]}}],"collection":[{"href":"https:\/\/grandepremio.com\/br\/wp-json\/wp\/v2\/posts"}],"about":[{"href":"https:\/\/grandepremio.com\/br\/wp-json\/wp\/v2\/types\/post"}],"replies":[{"embeddable":true,"href":"https:\/\/grandepremio.com\/br\/wp-json\/wp\/v2\/comments?post=113371"}],"version-history":[{"count":0,"href":"https:\/\/grandepremio.com\/br\/wp-json\/wp\/v2\/posts\/113371\/revisions"}],"wp:featuredmedia":[{"embeddable":true,"href":"https:\/\/grandepremio.com\/br\/wp-json\/wp\/v2\/media\/1000555012"}],"wp:attachment":[{"href":"https:\/\/grandepremio.com\/br\/wp-json\/wp\/v2\/media?parent=113371"}],"wp:term":[{"taxonomy":"category","embeddable":true,"href":"https:\/\/grandepremio.com\/br\/wp-json\/wp\/v2\/categories?post=113371"},{"taxonomy":"post_tag","embeddable":true,"href":"https:\/\/grandepremio.com\/br\/wp-json\/wp\/v2\/tags?post=113371"},{"taxonomy":"42wp_author","embeddable":true,"href":"https:\/\/grandepremio.com\/br\/wp-json\/wp\/v2\/42wp_author?post=113371"}],"curies":[{"name":"wp","href":"https:\/\/api.w.org\/{rel}","templated":true}]}}