{"id":113378,"date":"2022-04-07T03:36:46","date_gmt":"2022-04-07T06:36:46","guid":{"rendered":"https:\/\/grandepremio.com\/br\/noticias\/fernando-alonso-sergio-perez-assumem-volante-carros-supercars-demonstracao-australia\/"},"modified":"2022-04-07T07:28:46","modified_gmt":"2022-04-07T10:28:46","slug":"fernando-alonso-sergio-perez-assumem-volante-carros-supercars-demonstracao-australia","status":"publish","type":"post","link":"https:\/\/grandepremio.com\/br\/f1\/fernando-alonso-sergio-perez-assumem-volante-carros-supercars-demonstracao-australia\/","title":{"rendered":"Alonso e P\u00e9rez assumem volante de carros da Supercars para demonstra\u00e7\u00e3o na Austr\u00e1lia"},"content":{"rendered":"\n<figure class=\"wp-block-embed is-type-video is-provider-youtube wp-block-embed-youtube wp-embed-aspect-16-9 wp-has-aspect-ratio\"><div class=\"wp-block-embed__wrapper\">\n<iframe loading=\"lazy\" title=\"F\u00d3RMULA 1 2022 | FERRARI OU RED BULL: QUEM LEVA A MELHOR NA AUSTR\u00c1LIA? | TT GP #47\" width=\"500\" height=\"281\" src=\"https:\/\/www.youtube.com\/embed\/r_seFTsaX5A?feature=oembed\" frameborder=\"0\" allow=\"accelerometer; autoplay; clipboard-write; encrypted-media; gyroscope; picture-in-picture; web-share\" referrerpolicy=\"strict-origin-when-cross-origin\" allowfullscreen><\/iframe>\n<\/div><figcaption>F\u00d3RMULA 1 2022 | FERRARI OU RED BULL: QUEM LEVA A MELHOR NA AUSTR\u00c1LIA? | TT GP #47<\/figcaption><\/figure>\n\n\n\n<p class=\"wp-block-paragraph\">Fernando Alonso e Sergio P\u00e9rez dirigiram dois carros da Supercars, categoria de turismo baseada na Austr\u00e1lia, no remodelado circuito de Albert Park nesta quinta-feira (07). Enquanto o espanhol bicampe\u00e3o mundial esteve no comando da Mustang de Thomas Randle para voltas de demonstra\u00e7\u00e3o, o mexicano pilotou um modelo da Ampol Racing, apoiada pela Red Bull. <\/p>\n\n\n\n<p class=\"wp-block-paragraph\">Justamente por ser a categoria local, a Supercars est\u00e1 no suporte da F\u00f3rmula 1 durante todo o fim de semana do GP da Austr\u00e1lia. A disputa &#8211; que corre em circuitos muito tradicionais, como Melbourne, Adelaide,&nbsp;Phillip Island&nbsp;e Gold Coast &#8211; ter\u00e1 quatro corridas sprint ao longo dos tr\u00eas dias em Melbourne, cada uma com dura\u00e7\u00e3o de 20 voltas. <\/p>\n\n\n\n<p class=\"wp-block-paragraph\"><strong>\u25b6\ufe0f&nbsp;Inscreva-se nos dois canais do GRANDE PR\u00caMIO no YouTube:&nbsp;<a href=\"https:\/\/www.youtube.com\/channel\/UC9OlHEgxoaY6QY6nWPoiqQg?sub_confirmation=1\" target=\"_blank\" rel=\"noreferrer noopener\">GP<\/a>&nbsp;|&nbsp;<a href=\"https:\/\/www.youtube.com\/channel\/UC9csiS6q_C3C0FYhyr1rnFA?sub_confirmation=1\" target=\"_blank\" rel=\"noreferrer noopener\">GP2<\/a><\/strong><\/p>\n\n\n\n<figure class=\"wp-block-image size-large\"><img decoding=\"async\" src=\"https:\/\/www.grandepremio.com\/br\/wp-content\/uploads\/2022\/04\/MH_20376-1024x683.jpg\" alt=\"\" class=\"wp-image-555703\"\/><figcaption>Sergio P\u00e9rez nesta quinta, em Albert Park (Foto: Supercars Championship)<\/figcaption><\/figure>\n\n\n\n<p class=\"wp-block-paragraph\">Al\u00e9m disso, o ex-piloto da Supercars, Karl Reindler, ir\u00e1 substituir Bruno Correia no comando do carro m\u00e9dico da F1 em Melbourne. O titular da fun\u00e7\u00e3o atua como piloto do safety-car na F\u00f3rmula E, com etapas igualmente marcadas para este fim de semana, em Roma. Reindler tamb\u00e9m entrar\u00e1 na lista de pilotos dispon\u00edveis para o cargo na temporada de 2022 da principal categoria de automobilismo do mundo. <\/p>\n\n\n\n<p class=\"wp-block-paragraph\"><strong>LEIA TAMB\u00c9M<br><a href=\"https:\/\/www.grandepremio.com\/br\/f1\/noticias\/charles-leclerc-valoriza-experiencia-obtida-sebastian-vettel-ferrari-feliz-inicio-formula-1-2022\/\">Leclerc valoriza experi\u00eancia obtida com Vettel na Ferrari e se diz \u201cfeliz\u201d em in\u00edcio da F1 2022<\/a><br><a href=\"https:\/\/www.grandepremio.com\/br\/f1\/noticias\/daniel-ricciardo-mira-pontos-sonha-shoey-coletivo-australia\/\">Ricciardo mira apenas pontos, mas diz que sonha com \u201cshoey coletivo\u201d na Austr\u00e1lia<\/a><\/strong><\/p>\n\n\n\n<figure class=\"wp-block-image size-large\"><img decoding=\"async\" src=\"https:\/\/www.grandepremio.com\/br\/wp-content\/uploads\/2022\/04\/MH_20507-scaled-1-1024x683.jpg\" alt=\"\" class=\"wp-image-555704\"\/><figcaption>Fernando Alonso e Thomas Randle (Foto: Supercars Championship)<\/figcaption><\/figure>\n\n\n\n<p class=\"wp-block-paragraph\">Alonso valorizou positivamente a experi\u00eancia e analisou o comportamento do modelo. &#8220;Est\u00e1 em algum lugar entre um GT3 e um NASCAR. \u00c9 mais pesado e mais macio nas curvas, mas ent\u00e3o voc\u00ea sente a pot\u00eancia, o V8\u2026 o barulho \u00e9 incr\u00edvel. \u00c9 muito divertido [de dirigir], porque os carros s\u00e3o muito parecidos entre si no grid&#8221;, disse o piloto espanhol em comunicado da categoria australiana.<\/p>\n\n\n\n<p class=\"wp-block-paragraph\">&#8220;N\u00f3s cuidamos de nossos carros como se fossem nossos beb\u00eas, ent\u00e3o ter outra pessoa dirigindo seu carro \u00e9 muita press\u00e3o&#8221;, brincou Alonso. &#8220;Tentei me comportar e cuidar do carro, para ter certeza de que ele est\u00e1 feliz&#8221;, continuou.<\/p>\n\n\n\n<figure class=\"wp-block-image size-large\"><img decoding=\"async\" src=\"https:\/\/www.grandepremio.com\/br\/wp-content\/uploads\/2022\/04\/MH_12173-scaled-1-1024x683.jpg\" alt=\"\" class=\"wp-image-555705\"\/><figcaption>&#8216;Checo&#8217; conversa com Broc Feeney (Foto: Supercars Championship)<\/figcaption><\/figure>\n\n\n\n<p class=\"wp-block-paragraph\">Al\u00e9m disso, o bicampe\u00e3o mundial de F1 tamb\u00e9m n\u00e3o ousou descartar a participa\u00e7\u00e3o na Supercars no futuro. &#8220;Quem sabe? H\u00e1 algumas corridas incr\u00edveis aqui, sendo Bathurst a mais popular. N\u00e3o est\u00e1 nos planos de curto prazo, mas nunca diga nunca&#8221;, concluiu o piloto da Alpine.<\/p>\n\n\n\n<p class=\"wp-block-paragraph\">Perto dali, Sergio P\u00e9rez tamb\u00e9m entrou em outro carro da categoria australiana. O mexicano igualmente analisou os detalhes que o surpreenderam ao dirigir o b\u00f3lido.<\/p>\n\n\n\n<p class=\"wp-block-paragraph\">&#8220;A frenagem foi o maior desafio. A efici\u00eancia de frenagem, o tempo das curvas \u00e9 bem diferente. Mas \u00e9 muito divertido, especialmente com a quantidade de curvas que voc\u00ea pode fazer, voc\u00ea \u00e9 limitado com isso na F1&#8221;, disse &#8216;Checo&#8217; ao descer do carro.<\/p>\n\n\n\n<figure class=\"wp-block-image size-large\"><img decoding=\"async\" src=\"https:\/\/www.grandepremio.com\/br\/wp-content\/uploads\/2022\/04\/MH_20822-1024x683.jpg\" alt=\"\" class=\"wp-image-555706\"\/><figcaption>(Foto: Supercars Championship)<\/figcaption><\/figure>\n\n\n\n<p class=\"wp-block-paragraph\">Alonso e P\u00e9rez n\u00e3o s\u00e3o os primeiros pilotos da F\u00f3rmula 1 a conduzirem carros da Supercars. Em 2019, Daniel Ricciardo dirigiu o Nissan Altima do piloto Rick Kelly, em Calder Park. No mesmo ano, Max Verstappen foi passageiro de Jamie Whincup, heptacampe\u00e3o da categoria australiana de turismo.<\/p>\n\n\n\n<p class=\"wp-block-paragraph\">O <strong>GRANDE PR\u00caMIO<\/strong> acompanha todas as atividades do fim de semana do GP da Austr\u00e1lia <strong>AO VIVO e EM TEMPO REAL<\/strong>. Na sexta-feira, os treinos livres est\u00e3o marcados para as 0h e 3h (de Bras\u00edlia).<\/p>\n\n\n\n<figure class=\"wp-block-embed is-type-video is-provider-youtube wp-block-embed-youtube wp-embed-aspect-16-9 wp-has-aspect-ratio\"><div class=\"wp-block-embed__wrapper\">\n<iframe loading=\"lazy\" title=\"F\u00d3RMULA 1 2022: RETORNO \u00c0 AUSTR\u00c1LIA E RETROSPECTO DE DANIEL RICCIARDO EM MELBOURNE\" width=\"500\" height=\"281\" src=\"https:\/\/www.youtube.com\/embed\/P6MGp1_3NG0?feature=oembed\" frameborder=\"0\" allow=\"accelerometer; autoplay; clipboard-write; encrypted-media; gyroscope; picture-in-picture; web-share\" referrerpolicy=\"strict-origin-when-cross-origin\" allowfullscreen><\/iframe>\n<\/div><figcaption>F\u00d3RMULA 1 2022: RETORNO \u00c0 AUSTR\u00c1LIA E RETROSPECTO DE DANIEL RICCIARDO EM MELBOURNE<\/figcaption><\/figure>\n","protected":false},"excerpt":{"rendered":"<p>Categoria australiana de turismo est\u00e1 servindo de suporte \u00e0 F1 durante o fim de semana em Melbourne. Karl Reindler, ex-piloto da Supercars, ir\u00e1 pilotar o carro m\u00e9dico do GP no Albert Park<\/p>\n","protected":false},"author":0,"featured_media":1000555702,"comment_status":"closed","ping_status":"closed","sticky":false,"template":"","format":"standard","meta":{"42wp_featured_image_caption":"","42wp_featured_image_credits":"","42wp_featured_video":"","42wp_featured_image_hidden":false,"42wp_authors_list":[],"footnotes":""},"categories":[2],"tags":[147,1357,176,24837,25260,31238,29703,24836,24863,1691],"42wp_author":[47143],"class_list":["post-113378","post","type-post","status-publish","format-standard","has-post-thumbnail","hentry","category-f1","tag-f1","tag-f1-2022","tag-fernando-alonso","tag-formula-1-2","tag-gp-da-australia-2","tag-gp-da-australia-2022","tag-gp-da-australia-de-formula-1","tag-grande-premio-2","tag-sergio-perez-2","tag-v8-supercars","42wp_author-felipe-leite"],"_links":{"self":[{"href":"https:\/\/grandepremio.com\/br\/wp-json\/wp\/v2\/posts\/113378","targetHints":{"allow":["GET"]}}],"collection":[{"href":"https:\/\/grandepremio.com\/br\/wp-json\/wp\/v2\/posts"}],"about":[{"href":"https:\/\/grandepremio.com\/br\/wp-json\/wp\/v2\/types\/post"}],"replies":[{"embeddable":true,"href":"https:\/\/grandepremio.com\/br\/wp-json\/wp\/v2\/comments?post=113378"}],"version-history":[{"count":0,"href":"https:\/\/grandepremio.com\/br\/wp-json\/wp\/v2\/posts\/113378\/revisions"}],"wp:featuredmedia":[{"embeddable":true,"href":"https:\/\/grandepremio.com\/br\/wp-json\/wp\/v2\/media\/1000555702"}],"wp:attachment":[{"href":"https:\/\/grandepremio.com\/br\/wp-json\/wp\/v2\/media?parent=113378"}],"wp:term":[{"taxonomy":"category","embeddable":true,"href":"https:\/\/grandepremio.com\/br\/wp-json\/wp\/v2\/categories?post=113378"},{"taxonomy":"post_tag","embeddable":true,"href":"https:\/\/grandepremio.com\/br\/wp-json\/wp\/v2\/tags?post=113378"},{"taxonomy":"42wp_author","embeddable":true,"href":"https:\/\/grandepremio.com\/br\/wp-json\/wp\/v2\/42wp_author?post=113378"}],"curies":[{"name":"wp","href":"https:\/\/api.w.org\/{rel}","templated":true}]}}