{"id":113379,"date":"2022-04-07T03:27:29","date_gmt":"2022-04-07T06:27:29","guid":{"rendered":"https:\/\/grandepremio.com\/br\/noticias\/haas-admite-corre-gp-australia-sem-chassi-extra-apos-acidente-mick-schumacher\/"},"modified":"2022-04-07T03:27:36","modified_gmt":"2022-04-07T06:27:36","slug":"haas-admite-corre-gp-australia-sem-chassi-extra-apos-acidente-mick-schumacher","status":"publish","type":"post","link":"https:\/\/grandepremio.com\/br\/f1\/haas-admite-corre-gp-australia-sem-chassi-extra-apos-acidente-mick-schumacher\/","title":{"rendered":"Haas admite que corre GP da Austr\u00e1lia sem chassi extra ap\u00f3s acidente de Schumacher"},"content":{"rendered":"\n<figure class=\"wp-block-embed is-type-video is-provider-youtube wp-block-embed-youtube wp-embed-aspect-16-9 wp-has-aspect-ratio\"><div class=\"wp-block-embed__wrapper\">\n<iframe loading=\"lazy\" title=\"F\u00d3RMULA 1 2022 | FERRARI OU RED BULL: QUEM LEVA A MELHOR NA AUSTR\u00c1LIA? | TT GP #47\" width=\"500\" height=\"281\" src=\"https:\/\/www.youtube.com\/embed\/r_seFTsaX5A?feature=oembed\" frameborder=\"0\" allow=\"accelerometer; autoplay; clipboard-write; encrypted-media; gyroscope; picture-in-picture; web-share\" referrerpolicy=\"strict-origin-when-cross-origin\" allowfullscreen><\/iframe>\n<\/div><figcaption>F\u00d3RMULA 1 2022 | FERRARI OU RED BULL: QUEM LEVA A MELHOR NA AUSTR\u00c1LIA? | TT GP #47<\/figcaption><\/figure>\n\n\n\n<p class=\"wp-block-paragraph\">A Haas trabalhou bastante nas \u00faltimas semanas e conseguiu garantir que ter\u00e1 os dois carros na pista para todo o GP da Austr\u00e1lia. Ap\u00f3s Mick Schumacher n\u00e3o correr na <strong><a href=\"https:\/\/www.grandepremio.com\/br\/f1\/noticias\/max-verstappen-troca-socos-charles-leclerc-leva-melhor-vence-gp-arabia-saudita-formula-1\/\">Ar\u00e1bia Saudita<\/a><\/strong> depois de <strong><a href=\"https:\/\/www.grandepremio.com\/br\/f1\/noticias\/mick-schumacher-bate-forte-classificacao-atendimento-medico-pista\/\">um acidente forte na classifica\u00e7\u00e3o<\/a><\/strong>, o time dos Estados Unidos conseguiu ajustar tudo para parear o alem\u00e3o com Kevin Magnussen e andar normalmente em Melbourne. Entretanto, sem margem para erro: a Haas n\u00e3o ter\u00e1 um chassi extra.<\/p>\n\n\n\n<p class=\"wp-block-paragraph\">Schumacher revelou na manh\u00e3 da corrida saudita que estava fisicamente bem ap\u00f3s o acidente, mas ficaria fora da corrida <strong><a href=\"https:\/\/www.grandepremio.com\/br\/f1\/noticias\/mick-schumacher-bem-para-correr-revela-ausencia-poupar-pecas-haas\/\">para n\u00e3o colocar em risco o equipamento da Haas<\/a><\/strong>, uma vez que a equipe estava em cima do la\u00e7o e um erro a mais poderia custar a participa\u00e7\u00e3o na Austr\u00e1lia. Dito e feito: de acordo com Guenther Steiner, chefe da Haas, qualquer estrago mais grave num dos dois chassis pode encerrar a participa\u00e7\u00e3o da equipe.<\/p>\n\n\n\n<p class=\"wp-block-paragraph\"><strong>\u25b6\ufe0f\u00a0Inscreva-se nos dois canais do GRANDE PR\u00caMIO no YouTube:\u00a0<a href=\"https:\/\/www.youtube.com\/channel\/UC9OlHEgxoaY6QY6nWPoiqQg?sub_confirmation=1\" target=\"_blank\" rel=\"noreferrer noopener\">GP<\/a>\u00a0|\u00a0<a href=\"https:\/\/www.youtube.com\/channel\/UC9csiS6q_C3C0FYhyr1rnFA?sub_confirmation=1\" target=\"_blank\" rel=\"noreferrer noopener\">GP2<\/a><\/strong><br><strong>McLaren, Aston Martin e Williams sofrem com <a href=\"https:\/\/www.grandepremio.com\/br\/f1\/noticias\/mclaren-aston-martin-williams-sofrem-velocidade-comecam-2022-perdidas\/\">falta de velocidade e come\u00e7am 2022 perdidas<\/a><\/strong><\/p>\n\n\n\n<p class=\"wp-block-paragraph\">&#8220;Foi bem dif\u00edcil para o pessoal [preparar o carro de Schumacher]. Ontem \u00e0 noite n\u00f3s quebramos o toque de recolher porque o pessoal queria se adiantar ao trabalho da manh\u00e3, ent\u00e3o hoje \u00e0 noite n\u00e3o precisamos passar do ponto. Quebrar um toque de recolher foi v\u00e1lido para chegar a um resultado positivo&#8221;, afirmou \u00e0 revista inglesa Autosport.<\/p>\n\n\n\n<p class=\"wp-block-paragraph\">&#8220;\u00c9 necess\u00e1rio trazer o m\u00e1ximo de partes poss\u00edvel para o momento. N\u00e3o d\u00e1 para trazer mais que isso e n\u00e3o temos mais nada estocado. Tudo o que temos est\u00e1 aqui, mas n\u00e3o h\u00e1 chassi extra, n\u00e3o tem rede de seguran\u00e7a, ent\u00e3o precisamos ser cuidadosos. Se der errado, vamos come\u00e7ar de novo com um carro s\u00f3&#8221;, falou.<\/p>\n\n\n\n<figure class=\"wp-block-image size-large\"><img decoding=\"async\" src=\"https:\/\/www.grandepremio.com\/br\/wp-content\/uploads\/2022\/03\/image-8-1024x634.png\" alt=\"\" class=\"wp-image-552834\"\/><figcaption>Mick Schumacher sofreu um acidente assustador durante a classifica\u00e7\u00e3o em Jed\u00e1 (Foto: Reprodu\u00e7\u00e3o\/TV)<\/figcaption><\/figure>\n\n\n\n<p class=\"wp-block-paragraph\">No momento, a maior esperan\u00e7a de uma margem de seguran\u00e7a est\u00e1 justamente no chassi acidentado de Schumacher em Jed\u00e1. Segundo Steiner, a carroceria foi enviada de volta \u00e0 f\u00e1brica de Banbury, na Inglaterra. Apesar dos danos, a expectativa \u00e9 de que possa servir como chassi reserva j\u00e1 na pr\u00f3xima corrida, o GP da Em\u00edlia-Romanha.<\/p>\n\n\n\n<p class=\"wp-block-paragraph\">&#8220;O chassi foi levado de volta ontem. Teve de vir para c\u00e1 por conta de declara\u00e7\u00e3o alfandeg\u00e1ria. Papelada, basicamente. No momento, acho que est\u00e1 preso em Singapura, acabei de receber um e-mail. Ser\u00e1 reparado, ent\u00e3o espero que teremos de volta em \u00cdmola, ao menos como um chassi extra. Acho que est\u00e1 ok. A estrutura de impacto lateral precisa ser modificado, pintado, tem um pequeno amassado, mas o chassi \u00e9 repar\u00e1vel&#8221;, disse.<\/p>\n\n\n\n<p class=\"wp-block-paragraph\">&#8220;Ainda \u00e9 preciso colocar para funcionar, mas eles checaram a press\u00e3o de tudo, e a Ferrari ficou feliz tamb\u00e9m&#8221;, finalizou sobre o chassi, fazendo refer\u00eancia \u00e0 fornecedora de motores.<\/p>\n\n\n\n<p class=\"wp-block-paragraph\">O chefe da Haas n\u00e3o mostrou qualquer preocupa\u00e7\u00e3o com o fato de Schumacher estrear na pista do Albert Park com um carro sem pe\u00e7as substitutas.<\/p>\n\n\n\n<p class=\"wp-block-paragraph\">&#8220;Correu em v\u00e1rias pistas novas ano passado, ent\u00e3o este ano j\u00e1 n\u00e3o tem tanta novidade. Essa \u00e9 uma delas, mas n\u00e3o acho que haver\u00e1 grande problema. Est\u00e1 voltando ao ritmo e agora temos Kevin [Magnussen] tamb\u00e9m, e ele conhece a pista, ent\u00e3o Mick pode olhar as informa\u00e7\u00f5es dele. D\u00e1 para acelerar o processo se tivermos algu\u00e9m que j\u00e1 sabe o que est\u00e1 fazendo&#8221;, encerrou.<\/p>\n\n\n\n<p class=\"wp-block-paragraph\">O <strong>GRANDE PR\u00caMIO<\/strong> acompanha todas as atividades do fim de semana do GP da Austr\u00e1lia <a href=\"https:\/\/www.grandepremio.com\/br\/f1\/ao-vivo\"><strong>AO VIVO<\/strong> e <strong>EM TEMPO REAL<\/strong><\/a>. Na sexta-feira, os treinos livres est\u00e3o marcados para as 0h e 3h (de Bras\u00edlia).<\/p>\n\n\n\n<figure class=\"wp-block-embed is-type-video is-provider-youtube wp-block-embed-youtube wp-embed-aspect-16-9 wp-has-aspect-ratio\"><div class=\"wp-block-embed__wrapper\">\n<iframe loading=\"lazy\" title=\"\u00c9 CEDO PARA DIZER QUE MICK SCHUMACHER DEU ERRADO NA F\u00d3RMULA 1?\" width=\"500\" height=\"281\" src=\"https:\/\/www.youtube.com\/embed\/4qAybFWifno?feature=oembed\" frameborder=\"0\" allow=\"accelerometer; autoplay; clipboard-write; encrypted-media; gyroscope; picture-in-picture; web-share\" referrerpolicy=\"strict-origin-when-cross-origin\" allowfullscreen><\/iframe>\n<\/div><figcaption>\u00c9 CEDO PARA DIZER QUE MICK SCHUMACHER DEU ERRADO NA F\u00d3RMULA 1?<br><\/figcaption><\/figure>\n","protected":false},"excerpt":{"rendered":"<p>Guenther Steiner, chefe da Haas, afirmou que n\u00e3o h\u00e1 margem de erros para a equipe dos Estados Unidos no fim de semana em Melbourne<\/p>\n","protected":false},"author":0,"featured_media":1000552955,"comment_status":"closed","ping_status":"closed","sticky":false,"template":"","format":"standard","meta":{"42wp_featured_image_caption":"","42wp_featured_image_credits":"","42wp_featured_video":"","42wp_featured_image_hidden":false,"42wp_authors_list":[],"footnotes":""},"categories":[2],"tags":[817,4346,1357,26841,25260,24836,28288,1490,119,1757,1294],"42wp_author":[47120],"class_list":["post-113379","post","type-post","status-publish","format-standard","has-post-thumbnail","hentry","category-f1","tag-acidente-schumacher","tag-albert-park","tag-f1-2022","tag-formula-1-2022","tag-gp-da-australia-2","tag-grande-premio-2","tag-grandepremio-2","tag-guenther-steiner","tag-haas","tag-melbourne","tag-mick-schumacher","42wp_author-pedro-henrique-marum"],"_links":{"self":[{"href":"https:\/\/grandepremio.com\/br\/wp-json\/wp\/v2\/posts\/113379","targetHints":{"allow":["GET"]}}],"collection":[{"href":"https:\/\/grandepremio.com\/br\/wp-json\/wp\/v2\/posts"}],"about":[{"href":"https:\/\/grandepremio.com\/br\/wp-json\/wp\/v2\/types\/post"}],"replies":[{"embeddable":true,"href":"https:\/\/grandepremio.com\/br\/wp-json\/wp\/v2\/comments?post=113379"}],"version-history":[{"count":0,"href":"https:\/\/grandepremio.com\/br\/wp-json\/wp\/v2\/posts\/113379\/revisions"}],"wp:featuredmedia":[{"embeddable":true,"href":"https:\/\/grandepremio.com\/br\/wp-json\/wp\/v2\/media\/1000552955"}],"wp:attachment":[{"href":"https:\/\/grandepremio.com\/br\/wp-json\/wp\/v2\/media?parent=113379"}],"wp:term":[{"taxonomy":"category","embeddable":true,"href":"https:\/\/grandepremio.com\/br\/wp-json\/wp\/v2\/categories?post=113379"},{"taxonomy":"post_tag","embeddable":true,"href":"https:\/\/grandepremio.com\/br\/wp-json\/wp\/v2\/tags?post=113379"},{"taxonomy":"42wp_author","embeddable":true,"href":"https:\/\/grandepremio.com\/br\/wp-json\/wp\/v2\/42wp_author?post=113379"}],"curies":[{"name":"wp","href":"https:\/\/api.w.org\/{rel}","templated":true}]}}