{"id":113415,"date":"2022-04-05T17:06:39","date_gmt":"2022-04-05T20:06:39","guid":{"rendered":"https:\/\/grandepremio.com\/br\/noticias\/piloto-formula-3-jonny-edgar-anuncia-pausa-carreira-tratar-doenca-crohn\/"},"modified":"2022-04-05T17:06:49","modified_gmt":"2022-04-05T20:06:49","slug":"piloto-formula-3-jonny-edgar-anuncia-pausa-carreira-tratar-doenca-crohn","status":"publish","type":"post","link":"https:\/\/grandepremio.com\/br\/f3\/piloto-formula-3-jonny-edgar-anuncia-pausa-carreira-tratar-doenca-crohn\/","title":{"rendered":"Piloto da F\u00f3rmula 3, Edgar anuncia pausa na carreira para tratar doen\u00e7a de Crohn"},"content":{"rendered":"\n<figure class=\"wp-block-embed is-type-video is-provider-youtube wp-block-embed-youtube wp-embed-aspect-16-9 wp-has-aspect-ratio\"><div class=\"wp-block-embed__wrapper\">\n<iframe loading=\"lazy\" title=\"F\u00d3RMULA 1 2022: O QUE ESPERAR DO RETORNO DO GP DA AUSTR\u00c1LIA? | Paddock GP #281\" width=\"500\" height=\"281\" src=\"https:\/\/www.youtube.com\/embed\/UKYWbPZmNWw?feature=oembed\" frameborder=\"0\" allow=\"accelerometer; autoplay; clipboard-write; encrypted-media; gyroscope; picture-in-picture; web-share\" referrerpolicy=\"strict-origin-when-cross-origin\" allowfullscreen><\/iframe>\n<\/div><figcaption>F\u00d3RMULA 1 2022: O QUE ESPERAR DO RETORNO DO GP DA AUSTR\u00c1LIA? | Paddock GP #281<\/figcaption><\/figure>\n\n\n\n<p class=\"wp-block-paragraph\">Piloto da academia da Red Bull, Jonny Edgar anunciou em suas redes sociais na \u00faltima segunda-feira (4) que n\u00e3o vai mais competir na F\u00f3rmula 3 pela Trident. O brit\u00e2nico foi diagnosticado com a doen\u00e7a de Crohn, que causa inflama\u00e7\u00f5es no trato digest\u00f3rio e n\u00e3o tem cura, mas pode ser tratada. <\/p>\n\n\n\n<p class=\"wp-block-paragraph\">&#8220;Como fam\u00edlia, tomamos a decis\u00e3o extremamente dif\u00edcil de que n\u00e3o vou continuar no campeonato de 2022 da F\u00f3rmula 3 at\u00e9 estar me sentindo melhor novamente. Depois de ser diagnosticado recentemente com a doen\u00e7a de Crohn, no momento atual simplesmente n\u00e3o consigo estar no n\u00edvel f\u00edsico que a competi\u00e7\u00e3o requer&#8221;, disse Edgar em um comunicado nas suas redes sociais. <\/p>\n\n\n\n<p class=\"wp-block-paragraph\">&#8220;Assim que estiver no caminho de tratamento correto, espero estar de volta ao meu n\u00edvel normal, mas at\u00e9 l\u00e1 preciso de um tempo para priorizar minha sa\u00fade. Quero agradecer especialmente \u00e0 Red Bull, Trident e D Tolsons &amp; Sons pelo seu apoio incondicional no que t\u00eam sido tempos dif\u00edceis. Espero estar de volta logo&#8221;, concluiu o brit\u00e2nico.<\/p>\n\n\n\n<p class=\"wp-block-paragraph\"><strong>\u25b6\ufe0f&nbsp;Inscreva-se nos dois canais do GRANDE PR\u00caMIO no YouTube:&nbsp;<a href=\"https:\/\/www.youtube.com\/channel\/UC9OlHEgxoaY6QY6nWPoiqQg?sub_confirmation=1\" target=\"_blank\" rel=\"noreferrer noopener\">GP<\/a>&nbsp;|&nbsp;<a href=\"https:\/\/www.youtube.com\/channel\/UC9csiS6q_C3C0FYhyr1rnFA?sub_confirmation=1\" target=\"_blank\" rel=\"noreferrer noopener\">GP2<\/a><\/strong><\/p>\n\n\n\n<figure class=\"wp-block-image size-large\"><img decoding=\"async\" src=\"https:\/\/www.grandepremio.com\/br\/wp-content\/uploads\/2021\/05\/Formula3Sabado1-1024x576.jpg\" alt=\"ALEX SMOLYAR; JONNY EDGAR; F\u00d3RMULA 3; BARCELONA;\" class=\"wp-image-471656\"\/><figcaption>Jonny Edgar disputou a temporada de 2021 da F3 pela Carlin (Foto: F3\/Twitter)<\/figcaption><\/figure>\n\n\n\n<p class=\"wp-block-paragraph\">Edgar recebeu mensagens de apoio de v\u00e1rios companheiros de profiss\u00e3o, incluindo o brit\u00e2nico George Russell e o brasileiro Enzo Fittipaldi. Esta seria a segunda temporada de Jonny na F\u00f3rmula 3, a primeira com a Trident depois de um ano com a Carlin. O brit\u00e2nico de apenas 18 anos se destacou em 2020, ao vencer a F\u00f3rmula 4 alem\u00e3 e terminar em quarto na F4 da It\u00e1lia.<\/p>\n\n\n\n<p class=\"wp-block-paragraph\">&#8220;\u00c9 com grande tristeza que damos adeus para o Jonny Edgar, e desejamos pronta recupera\u00e7\u00e3o para ele. Desde o in\u00edcio da temporada, ele foi enfraquecido por problemas f\u00edsicos, mas lutou como um le\u00e3o. Ele n\u00e3o desistiu e continuou a correr. Entretanto, suas condi\u00e7\u00f5es necessitam uma pausa das atividades competitivas para que possa se recuperar. Jonny sempre deu seu m\u00e1ximo para a equipe, tem uma fam\u00edlia incr\u00edvel e \u00e9 um cara maravilhoso&#8221;, disse Giacomo Ricci, chefe da Trident.<\/p>\n\n\n\n<p class=\"wp-block-paragraph\">Na primeira etapa de 2022, no Bahrein, Edgar terminou a corrida sprint em 13\u00ba e a corrida principal em 11\u00ba. Para seu lugar, a Trident anunciou a contrata\u00e7\u00e3o do dinamarqu\u00eas Oliver Rasmussen. Ser\u00e1 a segunda temporada de Rasmussen na F\u00f3rmula 3, que competiu pela HWA no ano passado. <\/p>\n\n\n\n<p class=\"wp-block-paragraph\"><strong>LEIA MAIS:<\/strong><br><strong>+<a href=\"https:\/\/www.grandepremio.com\/br\/f1\/noticias\/consultor-red-bull-george-russell-nivel-abaixo-lewis-hamilton-nao-chegou-perto\/\">Consultor da Red Bull v\u00ea Russell em n\u00edvel abaixo de Hamilton: \u201cAinda n\u00e3o chegou perto\u201d<\/a><\/strong><\/p>\n\n\n\n<figure class=\"wp-block-image size-large\"><img decoding=\"async\" src=\"https:\/\/www.grandepremio.com\/br\/wp-content\/uploads\/2020\/10\/OliverRasmussen2-1024x683.jpg\" alt=\"OLIVER RASMUSSEN; BARCELONA; PREMA POWERTEAM;\" class=\"wp-image-431954\"\/><figcaption>Oliver Rasmussen vai substituir Jonny Edgar na Trident (Foto: Prema Powerteam)<\/figcaption><\/figure>\n\n\n\n<p class=\"wp-block-paragraph\">&#8220;Oliver Rasmussen vai substituir o Edgar. Ele \u00e9 um piloto r\u00e1pido e experiente, e n\u00f3s estamos orgulhosos de t\u00ea-lo na fam\u00edlia da Trident. Tenho certeza de que vai se entrosar rapidamente com a equipe aproveitando os quatro dias de testes que vamos ter em Jerez e Barcelona antes da pr\u00f3xima etapa em \u00cdmola. Vamos fazer o maior esfor\u00e7o poss\u00edvel para ajudar o Oliver e sabemos que ele contribuir\u00e1 muito para a equipe&#8221;, anunciou Ricci.<\/p>\n\n\n\n<p class=\"wp-block-paragraph\">A F3 concluiu nesta ter\u00e7a-feira (5) <a href=\"https:\/\/www.grandepremio.com\/br\/f3\/noticias\/sob-chuva-oliver-bearman-comanda-primeiro-dia-testes-formula-3-jerez\/\">o primeiro dia de testes em Jerez<\/a>. A segunda rodada acontece em Barcelona entre os dias 15 e 16 de abril. A pr\u00f3xima etapa da categoria em \u00cdmola est\u00e1 marcada para os dias 21, 22 e 23 de abril.<\/p>\n\n\n\n<figure class=\"wp-block-embed is-type-video is-provider-youtube wp-block-embed-youtube wp-embed-aspect-16-9 wp-has-aspect-ratio\"><div class=\"wp-block-embed__wrapper\">\n<iframe loading=\"lazy\" title=\"F\u00d3RMULA 1 2022: COMO VERSTAPPEN VAI REAGIR \u00c0 LUTA PELO T\u00cdTULO COMO MELHOR PILOTO DA F1?\" width=\"500\" height=\"281\" src=\"https:\/\/www.youtube.com\/embed\/qUsYBU25jlk?feature=oembed\" frameborder=\"0\" allow=\"accelerometer; autoplay; clipboard-write; encrypted-media; gyroscope; picture-in-picture; web-share\" referrerpolicy=\"strict-origin-when-cross-origin\" allowfullscreen><\/iframe>\n<\/div><figcaption>F\u00d3RMULA 1 2022: COMO VERSTAPPEN VAI REAGIR \u00c0 LUTA PELO T\u00cdTULO COMO MELHOR PILOTO DA F1?<\/figcaption><\/figure>\n","protected":false},"excerpt":{"rendered":"<p>Jonny Edgar, piloto da academia da Red Bull, foi diagnosticado com doen\u00e7a que causa inflama\u00e7\u00f5es no trato digestivo e optou por s\u00f3 voltar a correr quando estiver se sentindo melhor<\/p>\n","protected":false},"author":0,"featured_media":1000495269,"comment_status":"closed","ping_status":"closed","sticky":false,"template":"","format":"standard","meta":{"42wp_featured_image_caption":"","42wp_featured_image_credits":"","42wp_featured_video":"","42wp_featured_image_hidden":false,"42wp_authors_list":[],"footnotes":""},"categories":[10],"tags":[1008,29657,8057,24945,29653,599,204,2204],"42wp_author":[47144],"class_list":["post-113415","post","type-post","status-publish","format-standard","has-post-thumbnail","hentry","category-f3","tag-f3","tag-f3-2022","tag-formula-3","tag-formula-3-2","tag-formula-3-2022","tag-jonny-edgar","tag-red-bull","tag-trident","42wp_author-andre-netto"],"_links":{"self":[{"href":"https:\/\/grandepremio.com\/br\/wp-json\/wp\/v2\/posts\/113415","targetHints":{"allow":["GET"]}}],"collection":[{"href":"https:\/\/grandepremio.com\/br\/wp-json\/wp\/v2\/posts"}],"about":[{"href":"https:\/\/grandepremio.com\/br\/wp-json\/wp\/v2\/types\/post"}],"replies":[{"embeddable":true,"href":"https:\/\/grandepremio.com\/br\/wp-json\/wp\/v2\/comments?post=113415"}],"version-history":[{"count":0,"href":"https:\/\/grandepremio.com\/br\/wp-json\/wp\/v2\/posts\/113415\/revisions"}],"wp:featuredmedia":[{"embeddable":true,"href":"https:\/\/grandepremio.com\/br\/wp-json\/wp\/v2\/media\/1000495269"}],"wp:attachment":[{"href":"https:\/\/grandepremio.com\/br\/wp-json\/wp\/v2\/media?parent=113415"}],"wp:term":[{"taxonomy":"category","embeddable":true,"href":"https:\/\/grandepremio.com\/br\/wp-json\/wp\/v2\/categories?post=113415"},{"taxonomy":"post_tag","embeddable":true,"href":"https:\/\/grandepremio.com\/br\/wp-json\/wp\/v2\/tags?post=113415"},{"taxonomy":"42wp_author","embeddable":true,"href":"https:\/\/grandepremio.com\/br\/wp-json\/wp\/v2\/42wp_author?post=113415"}],"curies":[{"name":"wp","href":"https:\/\/api.w.org\/{rel}","templated":true}]}}