{"id":113445,"date":"2022-04-04T11:30:00","date_gmt":"2022-04-04T14:30:00","guid":{"rendered":"https:\/\/grandepremio.com\/br\/noticias\/lewis-hamilton-palestra-evento-brasil-tres-dias-apos-gp-australia-formula-1\/"},"modified":"2022-04-04T15:27:15","modified_gmt":"2022-04-04T18:27:15","slug":"lewis-hamilton-palestra-evento-brasil-tres-dias-apos-gp-australia-formula-1","status":"publish","type":"post","link":"https:\/\/grandepremio.com\/br\/f1\/lewis-hamilton-palestra-evento-brasil-tres-dias-apos-gp-australia-formula-1\/","title":{"rendered":"Hamilton d\u00e1 palestra em evento no Brasil tr\u00eas dias ap\u00f3s GP da Austr\u00e1lia"},"content":{"rendered":"\n<figure class=\"wp-block-embed is-type-video is-provider-youtube wp-block-embed-youtube wp-embed-aspect-16-9 wp-has-aspect-ratio\"><div class=\"wp-block-embed__wrapper\">\n<iframe loading=\"lazy\" title=\"F\u00d3RMULA 1: HAMILTON SE APOSENTA SE MERCEDES N\u00c3O TORNAR W13 CARRO VENCEDOR NA TEMPORADA 2022?\" width=\"500\" height=\"281\" src=\"https:\/\/www.youtube.com\/embed\/r-VAkMK9Quk?feature=oembed\" frameborder=\"0\" allow=\"accelerometer; autoplay; clipboard-write; encrypted-media; gyroscope; picture-in-picture; web-share\" referrerpolicy=\"strict-origin-when-cross-origin\" allowfullscreen><\/iframe>\n<\/div><figcaption>F\u00d3RMULA 1: HAMILTON SE APOSENTA SE MERCEDES N\u00c3O TORNAR W13 CARRO VENCEDOR NA TEMPORADA 2022?<\/figcaption><\/figure>\n\n\n\n<p class=\"wp-block-paragraph\">Apenas tr\u00eas dias depois de competir no GP da Austr\u00e1lia, terceira etapa do calend\u00e1rio de 2022 da F\u00f3rmula 1, Lewis Hamilton ir\u00e1 cruzar o globo e aterrissar em terras brasileiras. O heptacampe\u00e3o mundial estar\u00e1 em S\u00e3o Paulo no dia 13 deste m\u00eas para palestrar em um evento. <\/p>\n\n\n\n<p class=\"wp-block-paragraph\">O piloto brit\u00e2nico ir\u00e1, tamb\u00e9m, participar de um almo\u00e7o para convidados ap\u00f3s a palestra &#8211; ali, quatro capacetes autografados por Hamilton ser\u00e3o leiloados. O valor arrecadado ser\u00e1 destinado \u00e0 educa\u00e7\u00e3o atrav\u00e9s do instituto Reditus e do Instituto Ayrton Senna<\/p>\n\n\n\n<p class=\"wp-block-paragraph\"><strong>\u25b6\ufe0f&nbsp;Inscreva-se nos dois canais do GRANDE PR\u00caMIO no YouTube:&nbsp;<a href=\"https:\/\/www.youtube.com\/channel\/UC9OlHEgxoaY6QY6nWPoiqQg?sub_confirmation=1\" target=\"_blank\" rel=\"noreferrer noopener\">GP<\/a>&nbsp;|&nbsp;<a href=\"https:\/\/www.youtube.com\/channel\/UC9csiS6q_C3C0FYhyr1rnFA?sub_confirmation=1\" target=\"_blank\" rel=\"noreferrer noopener\">GP2<\/a><\/strong><\/p>\n\n\n\n<figure class=\"wp-block-image size-large\"><img decoding=\"async\" src=\"https:\/\/www.grandepremio.com\/br\/wp-content\/uploads\/2020\/05\/8-scaled-e1648077689504-1024x649.jpg\" alt=\"\" class=\"wp-image-549522\"\/><figcaption>Lewis Hamilton quer se recuperar na temporada de 2022 da F\u00f3rmula 1 (Foto: AFP)<\/figcaption><\/figure>\n\n\n\n<p class=\"wp-block-paragraph\">O evento que trar\u00e1 o multicampe\u00e3o da Mercedes \u00e0 zona sul da capital paulista \u00e9 o VTEX Day, sobre transforma\u00e7\u00e3o digital do varejo na Am\u00e9rica Latina. Foi essa mesma ocasi\u00e3o que trouxe o ex-presidente dos Estados Unidos, Barack Obama, ao Brasil em 2019.<\/p>\n\n\n\n<figure class=\"wp-block-embed is-type-rich is-provider-spotify wp-block-embed-spotify wp-embed-aspect-21-9 wp-has-aspect-ratio\"><div class=\"wp-block-embed__wrapper\">\n<iframe title=\"Spotify Embed: Paddockast #141: Leclerc x Verstappen \u00e9 a rivalidade que a F1 precisa?\" style=\"border-radius: 12px\" width=\"100%\" height=\"152\" frameborder=\"0\" allowfullscreen allow=\"autoplay; clipboard-write; encrypted-media; fullscreen; picture-in-picture\" loading=\"lazy\" src=\"https:\/\/open.spotify.com\/embed\/episode\/4g8ak0L3XSj8o3LmoI0NkY?utm_source=oembed\"><\/iframe>\n<\/div><figcaption>Paddockast #141: Leclerc x Verstappen \u00e9 a rivalidade que a F1 precisa?<\/figcaption><\/figure>\n\n\n\n<p class=\"wp-block-paragraph\">Antes, no entanto, Hamilton enfoca a disputa do GP da Austr\u00e1lia. Ap\u00f3s duas corridas da F1 2022, o heptacampe\u00e3o mundial registrou seu pior come\u00e7o de temporada em 13 anos na categoria: s\u00e3o somente 16 pontos somados, com um terceiro lugar no Bahrein e a d\u00e9cima posi\u00e7\u00e3o na Ar\u00e1bia Saudita. <\/p>\n\n\n\n<p class=\"wp-block-paragraph\">A&nbsp;F\u00f3rmula 1&nbsp;volta \u00e0s a\u00e7\u00f5es&nbsp;em&nbsp;Melbourne, ent\u00e3o, com a corrida marcada para o dia 10 de abril. Ser\u00e1 a primeira disputa da F1 na madrugada brasileira desde a temporada 2019. O&nbsp;<strong>GRANDE PR\u00caMIO<\/strong>&nbsp;realizar\u00e1 a cobertura&nbsp;<a href=\"https:\/\/formula1aovivo.com\/\" target=\"_blank\" rel=\"noreferrer noopener\">ao vivo<\/a>&nbsp;e em tempo real.<\/p>\n\n\n\n<p class=\"wp-block-paragraph\"><strong>LEIA TAMB\u00c9M<br><a href=\"https:\/\/www.grandepremio.com\/br\/f1\/noticias\/pierre-gasly-elogia-helmut-marko-sem-filtro-ressalva-nao-concordo-tudo-que-diz\/\">Gasly elogia Marko \u201csem filtro\u201d, mas ressalva: \u201cN\u00e3o concordo com tudo que diz\u201d<\/a><\/strong><\/p>\n\n\n\n<figure class=\"wp-block-embed is-type-video is-provider-youtube wp-block-embed-youtube wp-embed-aspect-16-9 wp-has-aspect-ratio\"><div class=\"wp-block-embed__wrapper\">\n<iframe loading=\"lazy\" title=\"POR QUE ALBON E LATIFI COMPLICAM VIDA DA WLLIAMS NA F\u00d3RMULA 1 2022\" width=\"500\" height=\"281\" src=\"https:\/\/www.youtube.com\/embed\/8x6ceCr-g-M?feature=oembed\" frameborder=\"0\" allow=\"accelerometer; autoplay; clipboard-write; encrypted-media; gyroscope; picture-in-picture; web-share\" referrerpolicy=\"strict-origin-when-cross-origin\" allowfullscreen><\/iframe>\n<\/div><figcaption>POR QUE ALBON E LATIFI COMPLICAM VIDA DA WLLIAMS NA F\u00d3RMULA 1 2022<\/figcaption><\/figure>\n","protected":false},"excerpt":{"rendered":"<p>Heptacampe\u00e3o mundial estar\u00e1 na zona sul de S\u00e3o Paulo pouco depois da etapa da F1 em Melbourne, terceira do calend\u00e1rio de 2022 da principal categoria de automobilismo do mundo<\/p>\n","protected":false},"author":0,"featured_media":1000547855,"comment_status":"closed","ping_status":"closed","sticky":false,"template":"","format":"standard","meta":{"42wp_featured_image_caption":"","42wp_featured_image_credits":"","42wp_featured_video":"","42wp_featured_image_hidden":false,"42wp_authors_list":[],"footnotes":""},"categories":[2],"tags":[783,147,1357,24837,25260,31238,24836,87,82],"42wp_author":[47143],"class_list":["post-113445","post","type-post","status-publish","format-standard","has-post-thumbnail","hentry","category-f1","tag-brasil","tag-f1","tag-f1-2022","tag-formula-1-2","tag-gp-da-australia-2","tag-gp-da-australia-2022","tag-grande-premio-2","tag-lewis-hamilton","tag-mercedes","42wp_author-felipe-leite"],"_links":{"self":[{"href":"https:\/\/grandepremio.com\/br\/wp-json\/wp\/v2\/posts\/113445","targetHints":{"allow":["GET"]}}],"collection":[{"href":"https:\/\/grandepremio.com\/br\/wp-json\/wp\/v2\/posts"}],"about":[{"href":"https:\/\/grandepremio.com\/br\/wp-json\/wp\/v2\/types\/post"}],"replies":[{"embeddable":true,"href":"https:\/\/grandepremio.com\/br\/wp-json\/wp\/v2\/comments?post=113445"}],"version-history":[{"count":0,"href":"https:\/\/grandepremio.com\/br\/wp-json\/wp\/v2\/posts\/113445\/revisions"}],"wp:featuredmedia":[{"embeddable":true,"href":"https:\/\/grandepremio.com\/br\/wp-json\/wp\/v2\/media\/1000547855"}],"wp:attachment":[{"href":"https:\/\/grandepremio.com\/br\/wp-json\/wp\/v2\/media?parent=113445"}],"wp:term":[{"taxonomy":"category","embeddable":true,"href":"https:\/\/grandepremio.com\/br\/wp-json\/wp\/v2\/categories?post=113445"},{"taxonomy":"post_tag","embeddable":true,"href":"https:\/\/grandepremio.com\/br\/wp-json\/wp\/v2\/tags?post=113445"},{"taxonomy":"42wp_author","embeddable":true,"href":"https:\/\/grandepremio.com\/br\/wp-json\/wp\/v2\/42wp_author?post=113445"}],"curies":[{"name":"wp","href":"https:\/\/api.w.org\/{rel}","templated":true}]}}