{"id":113455,"date":"2022-04-04T04:30:00","date_gmt":"2022-04-04T07:30:00","guid":{"rendered":"https:\/\/grandepremio.com\/br\/noticias\/esteban-ocon-melhora-motor-renault-nao-precisamos-ter-medo-ninguem\/"},"modified":"2022-04-04T11:49:27","modified_gmt":"2022-04-04T14:49:27","slug":"esteban-ocon-melhora-motor-renault-nao-precisamos-ter-medo-ninguem","status":"publish","type":"post","link":"https:\/\/grandepremio.com\/br\/f1\/esteban-ocon-melhora-motor-renault-nao-precisamos-ter-medo-ninguem\/","title":{"rendered":"Ocon destaca melhora do motor Renault: &#8220;N\u00e3o precisamos ter medo de ningu\u00e9m&#8221;"},"content":{"rendered":"\n<figure class=\"wp-block-embed is-type-video is-provider-youtube wp-block-embed-youtube wp-embed-aspect-16-9 wp-has-aspect-ratio\"><div class=\"wp-block-embed__wrapper\">\n<iframe loading=\"lazy\" title=\"ALONSO X OCON: A RIVALIDADE COLOCA ALPINE EM APUROS NA TEMPORADA 2022 DA F\u00d3RMULA 1?\" width=\"500\" height=\"281\" src=\"https:\/\/www.youtube.com\/embed\/BMJcTBt0OwE?feature=oembed\" frameborder=\"0\" allow=\"accelerometer; autoplay; clipboard-write; encrypted-media; gyroscope; picture-in-picture; web-share\" referrerpolicy=\"strict-origin-when-cross-origin\" allowfullscreen><\/iframe>\n<\/div><figcaption>ALONSO X OCON: A RIVALIDADE COLOCA ALPINE EM APUROS NA TEMPORADA 2022 DA F\u00d3RMULA 1?<\/figcaption><\/figure>\n\n\n\n<p class=\"wp-block-paragraph\">Esteban Ocon \u00e9 um dos destaques da F\u00f3rmula 1 depois das duas provas iniciais de 2022. O franc\u00eas terminou o GP do Bahrein em s\u00e9timo lugar, foi o sexto colocado no GP da Ar\u00e1bia Saudita e atualmente ocupa a sexta coloca\u00e7\u00e3o no Mundial de Pilotos. Tudo isso s\u00f3 foi poss\u00edvel gra\u00e7as ao salto de qualidade dado pela Alpine com o novo regulamento, mas uma parte em especial do carro ganhou elogios de Ocon: o motor.<\/p>\n\n\n\n<p class=\"wp-block-paragraph\">&#8220;Foi bom. N\u00e3o precisamos ter medo de ningu\u00e9m. Assim que abri a asa traseira eu consegui passar, passei facilmente a Aston Martin do Nico [Hulkenberg] e o Lando [Norris] na McLaren. Quem mais? Fernando [Alonso] obviamente tamb\u00e9m. Posso comparar com muitos carros diferentes, e estava funcionando bem para n\u00f3s&#8221;, relatou Esteban.<\/p>\n\n\n\n<p class=\"wp-block-paragraph\">Enquanto a Alpine comemora a melhora de seu motor, a Mercedes continua investigando por que vem perdendo tanto tempo nas retas. Mas, mesmo com a queda de rendimento dos advers\u00e1rios, Ocon ainda n\u00e3o v\u00ea a equipe francesa na briga pela terceira coloca\u00e7\u00e3o nos construtores. &#8220;[Russell] Estava mais r\u00e1pido do que n\u00f3s. Ele n\u00e3o abriu tanta vantagem quanto esper\u00e1vamos, mas ainda abriu vantagem para n\u00f3s. Ent\u00e3o eles ainda claramente t\u00eam uma vantagem na corrida e \u00e9 algo que n\u00f3s precisamos trabalhar&#8221;, comentou.<\/p>\n\n\n\n<p class=\"wp-block-paragraph\"><strong>\u25b6\ufe0f&nbsp;Inscreva-se nos dois canais do GRANDE PR\u00caMIO no YouTube:&nbsp;<a href=\"https:\/\/www.youtube.com\/channel\/UC9OlHEgxoaY6QY6nWPoiqQg?sub_confirmation=1\" target=\"_blank\" rel=\"noreferrer noopener\">GP<\/a>&nbsp;|&nbsp;<a href=\"https:\/\/www.youtube.com\/channel\/UC9csiS6q_C3C0FYhyr1rnFA?sub_confirmation=1\" target=\"_blank\" rel=\"noreferrer noopener\">GP2<\/a><\/strong><\/p>\n\n\n\n<figure class=\"wp-block-image size-large\"><img decoding=\"async\" src=\"https:\/\/www.grandepremio.com\/br\/wp-content\/uploads\/2022\/03\/alpine-estebanocon-01-5-1024x682.jpg\" alt=\"\" class=\"wp-image-552614\"\/><figcaption>Ocon valorizou a melhora do motor Renault em 2022 (Foto: Alpine)<\/figcaption><\/figure>\n\n\n\n<p class=\"wp-block-paragraph\"><strong>LEIA MAIS:&nbsp;<\/strong><a href=\"https:\/\/www.grandepremio.com\/formula-1\/\" target=\"_blank\" rel=\"noreferrer noopener\">F\u00f3rmula 1<\/a><a href=\"https:\/\/www.grandepremio.com\/br\/f1\/noticias\/formula-1-las-vegas-calendario-2023-terceira-corrida-eua-sabado-noite\/\">&nbsp;anuncia Las Vegas no calend\u00e1rio de 2023 com corrida na noite de s\u00e1bado<\/a><\/p>\n\n\n\n<p class=\"wp-block-paragraph\">A Alpine poderia ter ainda mais pontos n\u00e3o fosse a quebra de Fernando Alonso no GP da Ar\u00e1bia Saudita, quando andava \u00e0 frente de seu companheiro de equipe. O espanhol teve problemas mec\u00e2nicos e sequer conseguiu levar o carro de volta para os boxes.<\/p>\n\n\n\n<p class=\"wp-block-paragraph\">&#8220;Acho que foram dois \u00f3timos finais de semana para o time. \u00c9 uma pena que o Fernando n\u00e3o completou a prova, porque ter\u00edamos os dois carros nos pontos de novo. Mas temos progredido. N\u00f3s fomos mais velozes do que no Bahrein, o que \u00e9 \u00f3timo, muito positivo. E \u00e9 s\u00f3 a segunda corrida do ano, acho que ainda tem muito mais por vir. E sim, estou bem feliz de terminar com tantos pontos neste in\u00edcio de temporada&#8221;, concluiu Ocon.<\/p>\n\n\n\n<p class=\"wp-block-paragraph\">A quebra de Alonso veio por conta de um problema na bomba de \u00e1gua que refrigera o motor, e <a href=\"https:\/\/www.grandepremio.com\/br\/f1\/noticias\/alpine-promove-terceira-troca-motor-carro-fernando-alonso-gp-australia\/\">a unidade de pot\u00eancia precisar\u00e1 ser subsitu\u00edda pela segunda vez consecutiva<\/a>. Mesmo j\u00e1 no limite do regulamento por conta das quebras, o bicampe\u00e3o tamb\u00e9m elogiou o motor Renault: &#8220;Acho que agora estamos no jogo com os outros. N\u00f3s conseguimos brigar com outras equipes aqui e no Bahrein, ent\u00e3o vamos ver&#8221;, disse Fernando.<\/p>\n\n\n\n<p class=\"wp-block-paragraph\">A F\u00f3rmula 1 retorna no pr\u00f3ximo domingo (10), para o GP da Austr\u00e1lia, que volta ao calend\u00e1rio ap\u00f3s dois anos fora por conta da pandemia da Covid-19.<\/p>\n\n\n\n<figure class=\"wp-block-embed is-type-video is-provider-youtube wp-block-embed-youtube wp-embed-aspect-16-9 wp-has-aspect-ratio\"><div class=\"wp-block-embed__wrapper\">\n<iframe loading=\"lazy\" title=\"POR QUE ALBON E LATIFI COMPLICAM VIDA DA WLLIAMS NA F\u00d3RMULA 1 2022\" width=\"500\" height=\"281\" src=\"https:\/\/www.youtube.com\/embed\/8x6ceCr-g-M?feature=oembed\" frameborder=\"0\" allow=\"accelerometer; autoplay; clipboard-write; encrypted-media; gyroscope; picture-in-picture; web-share\" referrerpolicy=\"strict-origin-when-cross-origin\" allowfullscreen><\/iframe>\n<\/div><figcaption>POR QUE ALBON E LATIFI COMPLICAM VIDA DA WILLIAMS NA F1 2022<\/figcaption><\/figure>\n","protected":false},"excerpt":{"rendered":"<p>Esteban Ocon elogiou o desempenho da unidade de pot\u00eancia da Alpine, mas ainda n\u00e3o v\u00ea equipe na briga com a Mercedes pelo terceiro lugar no Mundial de Construtores<\/p>\n","protected":false},"author":0,"featured_media":1000553277,"comment_status":"closed","ping_status":"closed","sticky":false,"template":"","format":"standard","meta":{"42wp_featured_image_caption":"","42wp_featured_image_credits":"","42wp_featured_video":"","42wp_featured_image_hidden":false,"42wp_authors_list":[],"footnotes":""},"categories":[2],"tags":[20491,302,147,1357,176,180,24837,26841,31203,2305],"42wp_author":[47144],"class_list":["post-113455","post","type-post","status-publish","format-standard","has-post-thumbnail","hentry","category-f1","tag-alpine","tag-esteban-ocon","tag-f1","tag-f1-2022","tag-fernando-alonso","tag-formula-1","tag-formula-1-2","tag-formula-1-2022","tag-gp-da-arabia-saudita-2022","tag-motor-renault","42wp_author-andre-netto"],"_links":{"self":[{"href":"https:\/\/grandepremio.com\/br\/wp-json\/wp\/v2\/posts\/113455","targetHints":{"allow":["GET"]}}],"collection":[{"href":"https:\/\/grandepremio.com\/br\/wp-json\/wp\/v2\/posts"}],"about":[{"href":"https:\/\/grandepremio.com\/br\/wp-json\/wp\/v2\/types\/post"}],"replies":[{"embeddable":true,"href":"https:\/\/grandepremio.com\/br\/wp-json\/wp\/v2\/comments?post=113455"}],"version-history":[{"count":0,"href":"https:\/\/grandepremio.com\/br\/wp-json\/wp\/v2\/posts\/113455\/revisions"}],"wp:featuredmedia":[{"embeddable":true,"href":"https:\/\/grandepremio.com\/br\/wp-json\/wp\/v2\/media\/1000553277"}],"wp:attachment":[{"href":"https:\/\/grandepremio.com\/br\/wp-json\/wp\/v2\/media?parent=113455"}],"wp:term":[{"taxonomy":"category","embeddable":true,"href":"https:\/\/grandepremio.com\/br\/wp-json\/wp\/v2\/categories?post=113455"},{"taxonomy":"post_tag","embeddable":true,"href":"https:\/\/grandepremio.com\/br\/wp-json\/wp\/v2\/tags?post=113455"},{"taxonomy":"42wp_author","embeddable":true,"href":"https:\/\/grandepremio.com\/br\/wp-json\/wp\/v2\/42wp_author?post=113455"}],"curies":[{"name":"wp","href":"https:\/\/api.w.org\/{rel}","templated":true}]}}