{"id":113465,"date":"2022-04-03T15:24:43","date_gmt":"2022-04-03T18:24:43","guid":{"rendered":"https:\/\/grandepremio.com\/br\/noticias\/raphael-reis-fabricio-pezzini-vencem-provas-abertura-tcr-sul-americano\/"},"modified":"2022-04-03T15:59:11","modified_gmt":"2022-04-03T18:59:11","slug":"raphael-reis-fabricio-pezzini-vencem-provas-abertura-tcr-sul-americano","status":"publish","type":"post","link":"https:\/\/grandepremio.com\/br\/tcr\/raphael-reis-fabricio-pezzini-vencem-provas-abertura-tcr-sul-americano\/","title":{"rendered":"Reis e Pezzini vencem provas de abertura do TCR Sul-Americano no Velocitta"},"content":{"rendered":"\n<figure class=\"wp-block-embed is-type-video is-provider-youtube wp-block-embed-youtube wp-embed-aspect-16-9 wp-has-aspect-ratio\"><div class=\"wp-block-embed__wrapper\">\n<iframe loading=\"lazy\" title=\"ALONSO X OCON: A RIVALIDADE COLOCA ALPINE EM APUROS NA TEMPORADA 2022 DA F\u00d3RMULA 1?\" width=\"500\" height=\"281\" src=\"https:\/\/www.youtube.com\/embed\/BMJcTBt0OwE?feature=oembed\" frameborder=\"0\" allow=\"accelerometer; autoplay; clipboard-write; encrypted-media; gyroscope; picture-in-picture; web-share\" referrerpolicy=\"strict-origin-when-cross-origin\" allowfullscreen><\/iframe>\n<\/div><figcaption>ALONSO X OCON: A RIVALIDADE COLOCA ALPINE EM APUROS NA TEMPORADA 2022 DA F\u00d3RMULA 1?<\/figcaption><\/figure>\n\n\n\n<p class=\"wp-block-paragraph\">O brasileiro Raphael Reis venceu a primeira das duas provas deste domingo do TCR Sul-Americano no Velocitta, no interior de S\u00e3o Paulo. Largando da pole, o piloto da W2 ProGP n\u00e3o deu chance para os advers\u00e1rios para vencer a corrida. Os argentinos Fabricio Pezzini e Juan \u00c1ngel Rosso completaram o p\u00f3dio da primeira prova, com Antonio Junqueira e Gabriel Luisqui\u00f1os fecham os cinco primeiros.<\/p>\n\n\n\n<p class=\"wp-block-paragraph\">A segunda prova do domingo foi mais movimentada. Com os 10 primeiros do grid em posi\u00e7\u00f5es invertidas em rela\u00e7\u00e3o \u00e0 primeira prova, o brasileiro Fabio Casagrande largou na pole, com o argentino Fabio Farina ao seu lado na primeira fila. Mas Farina n\u00e3o conseguiu largar por problemas no motor, fazendo com que outros pilotos se tocassem e causando a entrada do safety-car.<\/p>\n\n\n\n<p class=\"wp-block-paragraph\"><strong>\u25b6\ufe0f&nbsp;Inscreva-se nos dois canais do GRANDE PR\u00caMIO no YouTube:&nbsp;<a href=\"https:\/\/www.youtube.com\/channel\/UC9OlHEgxoaY6QY6nWPoiqQg?sub_confirmation=1\" target=\"_blank\" rel=\"noreferrer noopener\">GP<\/a>&nbsp;|&nbsp;<a href=\"https:\/\/www.youtube.com\/channel\/UC9csiS6q_C3C0FYhyr1rnFA?sub_confirmation=1\" target=\"_blank\" rel=\"noreferrer noopener\">GP2<\/a><\/strong><\/p>\n\n\n\n<figure class=\"wp-block-image size-large\"><img decoding=\"async\" src=\"https:\/\/www.grandepremio.com\/br\/wp-content\/uploads\/2022\/04\/FPbNLrGWYAU7OHQ-1024x766.jpg\" alt=\"\" class=\"wp-image-554898\"\/><figcaption>Fabricio Pezzini venceu a segunda corrida da TCR Sul-Americana (Foto: PMO Motorsport)<\/figcaption><\/figure>\n\n\n\n<p class=\"wp-block-paragraph\"><strong>LEIA MAIS:&nbsp;<br>+<a href=\"https:\/\/www.grandepremio.com\/formula-1\/\" target=\"_blank\" rel=\"noreferrer noopener\">F\u00f3rmula 1<\/a><a href=\"https:\/\/www.grandepremio.com\/br\/f1\/noticias\/formula-1-las-vegas-calendario-2023-terceira-corrida-eua-sabado-noite\/\">&nbsp;anuncia Las Vegas no calend\u00e1rio de 2023 com corrida na noite de s\u00e1bado<\/a><br>+Alpine <a href=\"https:\/\/www.grandepremio.com\/br\/f1\/noticias\/alpine-promove-terceira-troca-motor-carro-fernando-alonso-gp-australia\/\">promove terceira troca de motor no carro de Alonso para GP da Austr\u00e1lia<\/a><\/strong><\/p>\n\n\n\n<p class=\"wp-block-paragraph\">Casagrande liderava, at\u00e9 que um toque com Antonio Junqueira acabou com a corrida dos dois. Pablo Otero assumiu a lideran\u00e7a, mas n\u00e3o conseguiu segurar a dupla da PMO Motorsport, e Fabricio Pezzini e Manuel Sapag fizeram a dobradinha na segunda etapa. Otero fechou em terceiro para completar um p\u00f3dio inteiro de argentinos. Raphael Reis e Pedro Aizza completaram o top-5.<\/p>\n\n\n\n<p class=\"wp-block-paragraph\">A pr\u00f3xima etapa do TCR Sul-Americano acontece entre os dias 30 de abril e 1 de maio, no circuito de Interlagos em S\u00e3o Paulo.<\/p>\n","protected":false},"excerpt":{"rendered":"<p>O brasileiro Raphael Reis venceu a primeira prova da categoria de ponta a ponta, enquano o argentino Pezzini terminou o domingo com um segundo lugar e uma vit\u00f3ria no Velocitta<\/p>\n","protected":false},"author":0,"featured_media":1000554881,"comment_status":"closed","ping_status":"closed","sticky":false,"template":"","format":"standard","meta":{"42wp_featured_image_caption":"","42wp_featured_image_credits":"","42wp_featured_video":"","42wp_featured_image_hidden":false,"42wp_authors_list":[],"footnotes":""},"categories":[45],"tags":[1641,24921],"42wp_author":[47144],"class_list":["post-113465","post","type-post","status-publish","format-standard","has-post-thumbnail","hentry","category-tcr","tag-raphael-reis","tag-tcr-sul-americano","42wp_author-andre-netto"],"_links":{"self":[{"href":"https:\/\/grandepremio.com\/br\/wp-json\/wp\/v2\/posts\/113465","targetHints":{"allow":["GET"]}}],"collection":[{"href":"https:\/\/grandepremio.com\/br\/wp-json\/wp\/v2\/posts"}],"about":[{"href":"https:\/\/grandepremio.com\/br\/wp-json\/wp\/v2\/types\/post"}],"replies":[{"embeddable":true,"href":"https:\/\/grandepremio.com\/br\/wp-json\/wp\/v2\/comments?post=113465"}],"version-history":[{"count":0,"href":"https:\/\/grandepremio.com\/br\/wp-json\/wp\/v2\/posts\/113465\/revisions"}],"wp:featuredmedia":[{"embeddable":true,"href":"https:\/\/grandepremio.com\/br\/wp-json\/wp\/v2\/media\/1000554881"}],"wp:attachment":[{"href":"https:\/\/grandepremio.com\/br\/wp-json\/wp\/v2\/media?parent=113465"}],"wp:term":[{"taxonomy":"category","embeddable":true,"href":"https:\/\/grandepremio.com\/br\/wp-json\/wp\/v2\/categories?post=113465"},{"taxonomy":"post_tag","embeddable":true,"href":"https:\/\/grandepremio.com\/br\/wp-json\/wp\/v2\/tags?post=113465"},{"taxonomy":"42wp_author","embeddable":true,"href":"https:\/\/grandepremio.com\/br\/wp-json\/wp\/v2\/42wp_author?post=113465"}],"curies":[{"name":"wp","href":"https:\/\/api.w.org\/{rel}","templated":true}]}}