{"id":113471,"date":"2022-04-03T10:20:35","date_gmt":"2022-04-03T13:20:35","guid":{"rendered":"https:\/\/grandepremio.com\/br\/noticias\/alpine-promove-segunda-troca-motor-carro-fernando-alonso-gp-australia\/"},"modified":"2022-04-03T14:59:44","modified_gmt":"2022-04-03T17:59:44","slug":"alpine-promove-segunda-troca-motor-carro-fernando-alonso-gp-australia","status":"publish","type":"post","link":"https:\/\/grandepremio.com\/br\/f1\/alpine-promove-segunda-troca-motor-carro-fernando-alonso-gp-australia\/","title":{"rendered":"Alpine promove segunda troca de motor no carro de Alonso para GP da Austr\u00e1lia"},"content":{"rendered":"\n<figure class=\"wp-block-embed is-type-video is-provider-youtube wp-block-embed-youtube wp-embed-aspect-16-9 wp-has-aspect-ratio\"><div class=\"wp-block-embed__wrapper\">\n<iframe loading=\"lazy\" title=\"ALONSO X OCON: A RIVALIDADE COLOCA ALPINE EM APUROS NA TEMPORADA 2022 DA F\u00d3RMULA 1?\" width=\"500\" height=\"281\" src=\"https:\/\/www.youtube.com\/embed\/BMJcTBt0OwE?feature=oembed\" frameborder=\"0\" allow=\"accelerometer; autoplay; clipboard-write; encrypted-media; gyroscope; picture-in-picture; web-share\" referrerpolicy=\"strict-origin-when-cross-origin\" allowfullscreen><\/iframe>\n<\/div><figcaption>ALONSO X OCON: A RIVALIDADE COLOCA ALPINE EM APUROS NA TEMPORADA 2022 DA F\u00d3RMULA 1?<\/figcaption><\/figure>\n\n\n\n<p class=\"wp-block-paragraph\">A Alpine ter\u00e1 de trocar o motor de Fernando Alonso para o GP da Austr\u00e1lia depois do abandono em Jed\u00e1. O espanhol vinha em uma boa s\u00e9tima posi\u00e7\u00e3o, quando perdeu pot\u00eancia e sequer conseguiu levar o carro de volta aos boxes. Uma semana depois da prova, a equipe francesa j\u00e1 investigou as causas da falha e espera ter corrigido o problema antes da etapa de Melbourne.<\/p>\n\n\n\n<p class=\"wp-block-paragraph\">&#8220;N\u00e3o \u00e9 o motor, mas a bomba de \u00e1gua&#8221;, explicou Laurent Rossi, gerente geral da Alpine, durante uma reuni\u00e3o em Viry-Ch\u00e2tillon. &#8220;Isso levou a uma falta de resfriamento e, posteriormente, a uma cascata de eventos: o motor esfriou menos, o \u00f3leo aqueceu, criando mais preocupa\u00e7\u00f5es\u201d, prosseguiu.<\/p>\n\n\n\n<p class=\"wp-block-paragraph\">\u201cFernando [Alonso] conseguiu continuar a pilotar e o motor estava funcionando, mas obviamente as condi\u00e7\u00f5es n\u00e3o eram ideais. Preferimos abadonar. A bomba de \u00e1gua estava com defeito, e j\u00e1 identificamos a causa do problema. Espero que seja corrigido para Melbourne&#8221; disse Rossi.<\/p>\n\n\n\n<p class=\"wp-block-paragraph\"><strong>\u25b6\ufe0f&nbsp;Inscreva-se nos dois canais do GRANDE PR\u00caMIO no YouTube:&nbsp;<a href=\"https:\/\/www.youtube.com\/channel\/UC9OlHEgxoaY6QY6nWPoiqQg?sub_confirmation=1\" target=\"_blank\" rel=\"noreferrer noopener\">GP<\/a>&nbsp;|&nbsp;<a href=\"https:\/\/www.youtube.com\/channel\/UC9csiS6q_C3C0FYhyr1rnFA?sub_confirmation=1\" target=\"_blank\" rel=\"noreferrer noopener\">GP2<\/a><\/strong><\/p>\n\n\n\n<figure class=\"wp-block-image size-large\"><img decoding=\"async\" src=\"https:\/\/www.grandepremio.com\/br\/wp-content\/uploads\/2022\/03\/GPF1-12-1024x576.jpg\" alt=\"\" class=\"wp-image-553188\"\/><figcaption>Fernando Alonso abandonou e parou o carro na entrada do pit-lane em Jed\u00e1 (Foto: Reprodu\u00e7\u00e3o\/F1)<\/figcaption><\/figure>\n\n\n\n<p class=\"wp-block-paragraph\"><strong>LEIA MAIS:&nbsp;<\/strong><a href=\"https:\/\/www.grandepremio.com\/formula-1\/\" target=\"_blank\" rel=\"noreferrer noopener\">F\u00f3rmula 1<\/a><a href=\"https:\/\/www.grandepremio.com\/br\/f1\/noticias\/formula-1-las-vegas-calendario-2023-terceira-corrida-eua-sabado-noite\/\">&nbsp;anuncia Las Vegas no calend\u00e1rio de 2023 com corrida na noite de s\u00e1bado<\/a><\/p>\n\n\n\n<p class=\"wp-block-paragraph\">O diretor ressaltou que esse \u00e9 um problema menor, que n\u00e3o est\u00e1 relacionado a um poss\u00edvel erro no design da unidade de pot\u00eancia. Mas a quebra da bomba de \u00e1gua, respons\u00e1vel por refrigerar o motor, significa que a Alpine ter\u00e1 que trocar o motor de Alonso pela segunda vez na temporada, ap\u00f3s uma substitui\u00e7\u00e3o preventiva para o GP da Ar\u00e1bia Saudita.<\/p>\n\n\n\n<p class=\"wp-block-paragraph\">&#8220;Este \u00e9 um problema relacionado \u00e0s novidades do regulamento, em que as partes do carro est\u00e3o funcionando pela primeira vez e ainda n\u00e3o tivemos a oportunidade de validar todos, como \u00e9 o caso de todas as equipes. A vantagem \u00e9 que n\u00e3o \u00e9 algo estrutural nem intr\u00ednseco. O motor em si, seu design ou as escolhas arquitet\u00f4nicas feitas, n\u00e3o deve ser questionado, porque o motor faz o que se espera dele&#8221;, afirmou Laurent.<\/p>\n\n\n\n<p class=\"wp-block-paragraph\">&#8220;O problema \u00e9 que esse acess\u00f3rio (bomba d&#8217;\u00e1gua) est\u00e1 integrado ao motor. A bomba eventualmente se desintegrou e caiu no motor. Se quis\u00e9ssemos consert\u00e1-lo, ter\u00edamos que quebrar o selo. Portanto, o motor est\u00e1 perdido para n\u00f3s. Mesmo que sua integridade f\u00edsica n\u00e3o seja afetada diretamente, para n\u00f3s, \u00e9 um motor a menos&#8221;, concluiu o dirigente franc\u00eas.<\/p>\n\n\n\n<p class=\"wp-block-paragraph\">A troca para o terceiro motor em apenas tr\u00eas provas coloca Fernando Alonso no limite do que \u00e9 permitido. O regulamento prev\u00ea a utiliza\u00e7\u00e3o de somente tr\u00eas unidades de pot\u00eancia ao longo de todo o ano de 2022. Com 21 provas ainda pela frente, \u00e9 muito prov\u00e1vel que o espanhol sofra mais de uma puni\u00e7\u00e3o por usar motores extras, o que deve prejudicar bastante a temporada do bicampe\u00e3o.<\/p>\n\n\n\n<figure class=\"wp-block-embed is-type-video is-provider-youtube wp-block-embed-youtube wp-embed-aspect-16-9 wp-has-aspect-ratio\"><div class=\"wp-block-embed__wrapper\">\n<iframe loading=\"lazy\" title=\"POR QUE ALBON E LATIFI COMPLICAM VIDA DA WLLIAMS NA F\u00d3RMULA 1 2022\" width=\"500\" height=\"281\" src=\"https:\/\/www.youtube.com\/embed\/8x6ceCr-g-M?feature=oembed\" frameborder=\"0\" allow=\"accelerometer; autoplay; clipboard-write; encrypted-media; gyroscope; picture-in-picture; web-share\" referrerpolicy=\"strict-origin-when-cross-origin\" allowfullscreen><\/iframe>\n<\/div><figcaption>POR QUE ALBON E LATIFI COMPLICAM VIDA DA WILLIAMS NA F1 2022<\/figcaption><\/figure>\n","protected":false},"excerpt":{"rendered":"<p>Laurent Rossi, diretor-executivo da Alpine, explicou que problema que causou abandono de Fernando Alonso em Jed\u00e1 foi por conta da bomba de \u00e1gua, e que unidade de pot\u00eancia precisar\u00e1 ser substitu\u00edda<\/p>\n","protected":false},"author":0,"featured_media":1000551213,"comment_status":"closed","ping_status":"closed","sticky":false,"template":"","format":"standard","meta":{"42wp_featured_image_caption":"","42wp_featured_image_credits":"","42wp_featured_video":"","42wp_featured_image_hidden":false,"42wp_authors_list":[],"footnotes":""},"categories":[2],"tags":[20491,147,1357,176,24837,31064,1753,31238,2305],"42wp_author":[47144],"class_list":["post-113471","post","type-post","status-publish","format-standard","has-post-thumbnail","hentry","category-f1","tag-alpine","tag-f1","tag-f1-2022","tag-fernando-alonso","tag-formula-1-2","tag-formula-1-2022-3","tag-gp-da-australia","tag-gp-da-australia-2022","tag-motor-renault","42wp_author-andre-netto"],"_links":{"self":[{"href":"https:\/\/grandepremio.com\/br\/wp-json\/wp\/v2\/posts\/113471","targetHints":{"allow":["GET"]}}],"collection":[{"href":"https:\/\/grandepremio.com\/br\/wp-json\/wp\/v2\/posts"}],"about":[{"href":"https:\/\/grandepremio.com\/br\/wp-json\/wp\/v2\/types\/post"}],"replies":[{"embeddable":true,"href":"https:\/\/grandepremio.com\/br\/wp-json\/wp\/v2\/comments?post=113471"}],"version-history":[{"count":0,"href":"https:\/\/grandepremio.com\/br\/wp-json\/wp\/v2\/posts\/113471\/revisions"}],"wp:featuredmedia":[{"embeddable":true,"href":"https:\/\/grandepremio.com\/br\/wp-json\/wp\/v2\/media\/1000551213"}],"wp:attachment":[{"href":"https:\/\/grandepremio.com\/br\/wp-json\/wp\/v2\/media?parent=113471"}],"wp:term":[{"taxonomy":"category","embeddable":true,"href":"https:\/\/grandepremio.com\/br\/wp-json\/wp\/v2\/categories?post=113471"},{"taxonomy":"post_tag","embeddable":true,"href":"https:\/\/grandepremio.com\/br\/wp-json\/wp\/v2\/tags?post=113471"},{"taxonomy":"42wp_author","embeddable":true,"href":"https:\/\/grandepremio.com\/br\/wp-json\/wp\/v2\/42wp_author?post=113471"}],"curies":[{"name":"wp","href":"https:\/\/api.w.org\/{rel}","templated":true}]}}