{"id":113474,"date":"2022-04-03T08:29:58","date_gmt":"2022-04-03T11:29:58","guid":{"rendered":"https:\/\/grandepremio.com\/br\/noticias\/daniel-ricciardo-confia-recuperacao-mclaren-nao-sera-surpresa-vencermos-gp\/"},"modified":"2022-04-03T14:06:23","modified_gmt":"2022-04-03T17:06:23","slug":"daniel-ricciardo-confia-recuperacao-mclaren-nao-sera-surpresa-vencermos-gp","status":"publish","type":"post","link":"https:\/\/grandepremio.com\/br\/f1\/daniel-ricciardo-confia-recuperacao-mclaren-nao-sera-surpresa-vencermos-gp\/","title":{"rendered":"Ricciardo confia em recupera\u00e7\u00e3o da McLaren: &#8220;N\u00e3o ser\u00e1 surpresa se vencermos um GP&#8221;"},"content":{"rendered":"\n<figure class=\"wp-block-embed is-type-video is-provider-youtube wp-block-embed-youtube wp-embed-aspect-16-9 wp-has-aspect-ratio\"><div class=\"wp-block-embed__wrapper\">\n<iframe loading=\"lazy\" title=\"ALONSO X OCON: A RIVALIDADE COLOCA ALPINE EM APUROS NA TEMPORADA 2022 DA F\u00d3RMULA 1?\" width=\"500\" height=\"281\" src=\"https:\/\/www.youtube.com\/embed\/BMJcTBt0OwE?feature=oembed\" frameborder=\"0\" allow=\"accelerometer; autoplay; clipboard-write; encrypted-media; gyroscope; picture-in-picture; web-share\" referrerpolicy=\"strict-origin-when-cross-origin\" allowfullscreen><\/iframe>\n<\/div><figcaption>ALONSO X OCON: A RIVALIDADE COLOCA ALPINE EM APUROS NA TEMPORADA 2022 DA F\u00d3RMULA 1?<\/figcaption><\/figure>\n\n\n\n<p class=\"wp-block-paragraph\">O in\u00edcio de temporada de Daniel Ricciardo pela McLaren \u00e9 longe do ideal. Com duas corridas disputadas at\u00e9 agora, o piloto australiano ainda n\u00e3o somou pontos e v\u00ea a McLaren muito mais defasada do que era em 2021, atualmente ocupando apenas a oitava coloca\u00e7\u00e3o do Mundial de Construtores.<\/p>\n\n\n\n<p class=\"wp-block-paragraph\">Com um 14\u00ba lugar no Bahrein e o abandono na Ar\u00e1bia Saudita, Ricciardo mant\u00e9m a paci\u00eancia com a equipe de Woking e acredita na capacidade de recupera\u00e7\u00e3o do time, que voltou a vencer uma corrida na F1 em 2021 justamente nas m\u00e3os de Daniel, no GP da It\u00e1lia, e terminou a temporada em quarto entre os Construtores.<\/p>\n\n\n\n<p class=\"wp-block-paragraph\">&#8220;Se em duas corridas estivermos brigando pelo top-5, est\u00e1 tudo bem. Vamos aceitar e ser\u00e1 um b\u00f4nus. Mas eu penso que precisamos nos manter calmos, tranquilos e sens\u00edveis, que precisamos entender que n\u00e3o estamos buscando 3 ou 4 d\u00e9cimos. \u00c9 mais de 1s se quisermos lutar por vit\u00f3rias&#8221;, disse o australiano em entrevista \u00e0 revista Autosport.<\/p>\n\n\n\n<p class=\"wp-block-paragraph\"><strong>LEIA MAIS:&nbsp;<\/strong><a href=\"https:\/\/www.grandepremio.com\/formula-1\/\" target=\"_blank\" rel=\"noreferrer noopener\">F\u00f3rmula 1<\/a><a href=\"https:\/\/www.grandepremio.com\/br\/f1\/noticias\/formula-1-las-vegas-calendario-2023-terceira-corrida-eua-sabado-noite\/\">&nbsp;anuncia Las Vegas no calend\u00e1rio de 2023 com corrida na noite de s\u00e1bado<\/a><\/p>\n\n\n\n<figure class=\"wp-block-image size-large\"><img decoding=\"async\" src=\"https:\/\/www.grandepremio.com\/br\/wp-content\/uploads\/2022\/03\/mclaren-danielricciardo-01-7-1024x682.jpg\" alt=\"\" class=\"wp-image-552957\"\/><figcaption>Daniel Ricciardo confia em recupera\u00e7\u00e3o (Foto: McLaren)<\/figcaption><\/figure>\n\n\n\n<p class=\"wp-block-paragraph\"><strong>\u25b6\ufe0f&nbsp;Inscreva-se nos dois canais do GRANDE PR\u00caMIO no YouTube:&nbsp;<a href=\"https:\/\/www.youtube.com\/channel\/UC9OlHEgxoaY6QY6nWPoiqQg?sub_confirmation=1\" target=\"_blank\" rel=\"noreferrer noopener\">GP<\/a>&nbsp;|&nbsp;<a href=\"https:\/\/www.youtube.com\/channel\/UC9csiS6q_C3C0FYhyr1rnFA?sub_confirmation=1\" target=\"_blank\" rel=\"noreferrer noopener\">GP2<\/a><\/strong><\/p>\n\n\n\n<p class=\"wp-block-paragraph\">&#8220;Ent\u00e3o, n\u00e3o vai vir da noite para o dia, temos de ser pacientes, e para o melhor do time, \u00e9 mais importante fazer isso. Ainda \u00e9 cedo para causar tumulto&#8221;, prosseguiu.<\/p>\n\n\n\n<p class=\"wp-block-paragraph\">Ricciardo tamb\u00e9m ousou ao comentar que, caso a McLaren ven\u00e7a alguma corrida em 2022, n\u00e3o ser\u00e1 uma surpresa pela capacidade de recupera\u00e7\u00e3o do time. O melhor resultado at\u00e9 aqui na temporada veio nas m\u00e3os do companheiro de equipe Lando Norris, que ficou com a s\u00e9tima coloca\u00e7\u00e3o em Jed\u00e1.<\/p>\n\n\n\n<p class=\"wp-block-paragraph\">&#8220;Se vier, ser\u00e1 um pouco mais tarde do que o desejado. Sem me adiantar, se ganharmos alguma corrida em algum ponto deste ano, n\u00e3o estaria surpreso porque ainda acredito na equipe e nos processos que temos em vigor&#8221;, completou.<\/p>\n\n\n\n<p class=\"wp-block-paragraph\">A pr\u00f3xima etapa da F\u00f3rmula 1 \u00e9 justamente a corrida &#8220;de casa&#8221; de Ricciardo: o GP da Austr\u00e1lia, que ser\u00e1 realizado no pr\u00f3ximo domingo (10), no circuito de Albert Park. em Melbourne.<\/p>\n\n\n\n<figure class=\"wp-block-embed is-type-video is-provider-youtube wp-block-embed-youtube wp-embed-aspect-16-9 wp-has-aspect-ratio\"><div class=\"wp-block-embed__wrapper\">\n<iframe loading=\"lazy\" title=\"MERCEDES V\u00ca DOMIN\u00c2NCIA IR PELO RALO NA F\u00d3RMULA 1. AINDA \u00c9 CEDO PARA DESESPERO?\" width=\"500\" height=\"281\" src=\"https:\/\/www.youtube.com\/embed\/m1Wef5I5_gE?feature=oembed\" frameborder=\"0\" allow=\"accelerometer; autoplay; clipboard-write; encrypted-media; gyroscope; picture-in-picture; web-share\" referrerpolicy=\"strict-origin-when-cross-origin\" allowfullscreen><\/iframe>\n<\/div><figcaption>MERCEDES V\u00ca DOMIN\u00c2NCIA IR PELO RALO NA F\u00d3RMULA 1. AINDA \u00c9 CEDO PARA DESESPERO?<\/figcaption><\/figure>\n","protected":false},"excerpt":{"rendered":"<p>Daniel Ricciardo cr\u00ea que n\u00e3o \u00e9 hora para p\u00e2nico e confia no potencial de recupera\u00e7\u00e3o da McLaren. Australiano ainda n\u00e3o somou pontos em 2022 e time \u00e9 apenas oitavo entre Construtores<\/p>\n","protected":false},"author":0,"featured_media":1000552628,"comment_status":"closed","ping_status":"closed","sticky":false,"template":"","format":"standard","meta":{"42wp_featured_image_caption":"","42wp_featured_image_credits":"","42wp_featured_video":"","42wp_featured_image_hidden":false,"42wp_authors_list":[],"footnotes":""},"categories":[2],"tags":[211,147,1357,24837,26266,25260,547,90],"42wp_author":[47119],"class_list":["post-113474","post","type-post","status-publish","format-standard","has-post-thumbnail","hentry","category-f1","tag-daniel-ricciardo","tag-f1","tag-f1-2022","tag-formula-1-2","tag-gp-da-arabia-saudita","tag-gp-da-australia-2","tag-lando-norris","tag-mclaren","42wp_author-gabriel-carvalho"],"_links":{"self":[{"href":"https:\/\/grandepremio.com\/br\/wp-json\/wp\/v2\/posts\/113474","targetHints":{"allow":["GET"]}}],"collection":[{"href":"https:\/\/grandepremio.com\/br\/wp-json\/wp\/v2\/posts"}],"about":[{"href":"https:\/\/grandepremio.com\/br\/wp-json\/wp\/v2\/types\/post"}],"replies":[{"embeddable":true,"href":"https:\/\/grandepremio.com\/br\/wp-json\/wp\/v2\/comments?post=113474"}],"version-history":[{"count":0,"href":"https:\/\/grandepremio.com\/br\/wp-json\/wp\/v2\/posts\/113474\/revisions"}],"wp:featuredmedia":[{"embeddable":true,"href":"https:\/\/grandepremio.com\/br\/wp-json\/wp\/v2\/media\/1000552628"}],"wp:attachment":[{"href":"https:\/\/grandepremio.com\/br\/wp-json\/wp\/v2\/media?parent=113474"}],"wp:term":[{"taxonomy":"category","embeddable":true,"href":"https:\/\/grandepremio.com\/br\/wp-json\/wp\/v2\/categories?post=113474"},{"taxonomy":"post_tag","embeddable":true,"href":"https:\/\/grandepremio.com\/br\/wp-json\/wp\/v2\/tags?post=113474"},{"taxonomy":"42wp_author","embeddable":true,"href":"https:\/\/grandepremio.com\/br\/wp-json\/wp\/v2\/42wp_author?post=113474"}],"curies":[{"name":"wp","href":"https:\/\/api.w.org\/{rel}","templated":true}]}}