{"id":113480,"date":"2022-04-02T19:01:19","date_gmt":"2022-04-02T22:01:19","guid":{"rendered":"https:\/\/grandepremio.com\/br\/noticias\/aleix-espargaro-comemora-pole-historica-aprilia-argentina\/"},"modified":"2022-04-02T19:01:28","modified_gmt":"2022-04-02T22:01:28","slug":"aleix-espargaro-comemora-pole-historica-aprilia-argentina","status":"publish","type":"post","link":"https:\/\/grandepremio.com\/br\/motogp\/aleix-espargaro-comemora-pole-historica-aprilia-argentina\/","title":{"rendered":"Espargar\u00f3 comemora pole hist\u00f3rica da Aprilia na Argentina: &#8220;Estamos melhorando dia a dia&#8221;"},"content":{"rendered":"\n<figure class=\"wp-block-video\"><video class=\"video-js vjs-big-play-centered\" data-gp-vjs=\"1\" controls src=\"https:\/\/www.grandepremio.com\/br\/wp-content\/uploads\/2022\/04\/Pole_Espargaro.mp4\"><\/video><figcaption>Aleix Espargar\u00f3 conquistou a pole-position neste s\u00e1bado (V\u00eddeo: MotoGP)<\/figcaption><\/figure>\n\n\n\n<p class=\"wp-block-paragraph\">A pole-position de Aleix Espargar\u00f3 para o GP da Argentina de MotoGP foi hist\u00f3rica &#8211; tanto para o piloto, quanto para a Aprilia. Enquanto o espanhol quebrou um jejum de sete anos e conquistou sua terceira pole no Mundial de Motovelocidade, foi a primeira vez que a equipe italiana alcan\u00e7ou tal feito &#8211; a \u00faltima pole do time havia sido ainda na categoria 500cc, em 29 de outubro de 2000, com o brit\u00e2nico Jeremy McWilliams.<\/p>\n\n\n\n<p class=\"wp-block-paragraph\">Ap\u00f3s a conquista do s\u00e1bado (02), o piloto de 32 anos se disse &#8220;incrivelmente feliz&#8221; e elogiou o empenho da Aprilia nos \u00faltimos anos. &#8220;Eu diria que a palavra \u00e9 &#8216;orgulhoso&#8217;, sabe? Estamos trabalhando muito, muito duro nesses \u00faltimos cinco anos. Provamos, hoje, que a RS-GP de 2022 t\u00eam sido a moto mais r\u00e1pida&#8221;, disse.<\/p>\n\n\n\n<p class=\"wp-block-paragraph\"><strong>\u25b6\ufe0f\u00a0Inscreva-se nos dois canais do GRANDE PR\u00caMIO no YouTube:\u00a0<a href=\"https:\/\/www.youtube.com\/channel\/UC9OlHEgxoaY6QY6nWPoiqQg?sub_confirmation=1\" target=\"_blank\" rel=\"noreferrer noopener\">GP<\/a>\u00a0|\u00a0<a href=\"https:\/\/www.youtube.com\/channel\/UC9csiS6q_C3C0FYhyr1rnFA?sub_confirmation=1\" target=\"_blank\" rel=\"noreferrer noopener\">GP2<\/a><\/strong><\/p>\n\n\n\n<figure class=\"wp-block-image size-large\"><img decoding=\"async\" src=\"https:\/\/www.grandepremio.com\/br\/wp-content\/uploads\/2022\/04\/Aleix-Espargaro-2-1024x683.jpg\" alt=\"\" class=\"wp-image-554594\"\/><figcaption>Aleix Espargar\u00f3 durante o fim de semana da MotoGP na Argentina (Foto: MotoGP)<\/figcaption><\/figure>\n\n\n\n<p class=\"wp-block-paragraph\"><strong>LEIA TAMB\u00c9M<br><a href=\"https:\/\/www.grandepremio.com\/br\/motogp\/noticias\/fermin-aldeguer-mantem-ritmo-impressionante-garante-pole-sessao-agitada-moto2\/\">Aldeguer mant\u00e9m ritmo impressionante e garante pole em sess\u00e3o agitada da Moto2<\/a><br><a href=\"https:\/\/www.grandepremio.com\/br\/motogp\/noticias\/sergio-garcia-voa-pole-gp-argentina-moto3-moreira-larga-10\/\">Garc\u00eda voa e sai na pole no GP da\u00a0<\/a><a href=\"https:\/\/es.grandepremio.com\/\" target=\"_blank\" rel=\"noreferrer noopener\">Argentina<\/a>\u00a0de Moto3. Moreira larga em 10\u00ba<\/strong><\/p>\n\n\n\n<p class=\"wp-block-paragraph\">&#8220;Estamos melhorando dia a dia, estamos pr\u00f3ximos do limite, das motos mais r\u00e1pidas do mundo. Estou muito feliz e orgulhoso do trabalho que, pessoalmente, tenho feito nos \u00faltimos cinco anos&#8221;, autoanalisou o piloto. <\/p>\n\n\n\n<p class=\"wp-block-paragraph\">Ainda que feliz com a performance, Espargar\u00f3 evitou o cen\u00e1rio de &#8220;j\u00e1 ganhou&#8221;. Mesmo assim, o espanhol afirmou estar &#8220;muito satisfeito&#8221; com o desempenho em Termas de R\u00edo Hondo. &#8220;\u00c9 s\u00f3 s\u00e1bado, mas te d\u00e1 um incentivo a mais para a corrida, porque o ritmo \u00e9 forte&#8221;, finalizou.<\/p>\n\n\n\n<p class=\"wp-block-paragraph\">A largada do GP da\u00a0Argentina\u00a0de\u00a0MotoGP, em\u00a0Termas de R\u00edo Hondo, acontece neste domingo (3) e est\u00e1 marcada para \u00e0s 15h (de Bras\u00edlia). O\u00a0<strong>GRANDE PR\u00caMIO<\/strong>\u00a0<a href=\"https:\/\/www.grandepremio.com\/br\/motogp\/ultimas-noticias\/\">acompanha todas as atividades<\/a>\u00a0da abertura do Mundial de\u00a0<a href=\"https:\/\/www.grandepremio.com\/motovelocidade\/\" target=\"_blank\" rel=\"noreferrer noopener\">Motovelocidade<\/a>\u00a02022.<\/p>\n\n\n\n<figure class=\"wp-block-embed is-type-video is-provider-youtube wp-block-embed-youtube wp-embed-aspect-16-9 wp-has-aspect-ratio\"><div class=\"wp-block-embed__wrapper\">\n<iframe loading=\"lazy\" title=\"BASTIANINI EST\u00c1 CERTO: LIDERAN\u00c7A DA MOTOGP AINDA N\u00c3O IMPORTA\" width=\"500\" height=\"281\" src=\"https:\/\/www.youtube.com\/embed\/gisbVA7S1pY?feature=oembed\" frameborder=\"0\" allow=\"accelerometer; autoplay; clipboard-write; encrypted-media; gyroscope; picture-in-picture; web-share\" referrerpolicy=\"strict-origin-when-cross-origin\" allowfullscreen><\/iframe>\n<\/div><figcaption>BASTIANINI EST\u00c1 CERTO: LIDERAN\u00c7A DA MOTOGP AINDA N\u00c3O IMPORTA<br><\/figcaption><\/figure>\n","protected":false},"excerpt":{"rendered":"<p>Piloto espanhol ir\u00e1 largar no comando da primeira fila em Termas de R\u00edo Hondo, neste domingo. \u00c9 a primeira vez em sete anos que Espargar\u00f3 consegue a pole<\/p>\n","protected":false},"author":0,"featured_media":1000554566,"comment_status":"closed","ping_status":"closed","sticky":false,"template":"","format":"standard","meta":{"42wp_featured_image_caption":"","42wp_featured_image_credits":"","42wp_featured_video":"","42wp_featured_image_hidden":false,"42wp_authors_list":[],"footnotes":""},"categories":[8],"tags":[133,179,79,78,2997,30733,30728,30734,25819,28345,28766,26690,368,27240],"42wp_author":[47143],"class_list":["post-113480","post","type-post","status-publish","format-standard","has-post-thumbnail","hentry","category-motogp","tag-aprilia","tag-argentina","tag-moto-gp","tag-motogp","tag-motogp-2022","tag-motogp-2022-calendario","tag-motogp-calendario-2022","tag-motogp-classificacao-2022","tag-motogp-hoje","tag-motogp-horarios","tag-motogp-standings","tag-pilotos-motogp","tag-rs-gp","tag-termas-de-rio-hondo","42wp_author-felipe-leite"],"_links":{"self":[{"href":"https:\/\/grandepremio.com\/br\/wp-json\/wp\/v2\/posts\/113480","targetHints":{"allow":["GET"]}}],"collection":[{"href":"https:\/\/grandepremio.com\/br\/wp-json\/wp\/v2\/posts"}],"about":[{"href":"https:\/\/grandepremio.com\/br\/wp-json\/wp\/v2\/types\/post"}],"replies":[{"embeddable":true,"href":"https:\/\/grandepremio.com\/br\/wp-json\/wp\/v2\/comments?post=113480"}],"version-history":[{"count":0,"href":"https:\/\/grandepremio.com\/br\/wp-json\/wp\/v2\/posts\/113480\/revisions"}],"wp:featuredmedia":[{"embeddable":true,"href":"https:\/\/grandepremio.com\/br\/wp-json\/wp\/v2\/media\/1000554566"}],"wp:attachment":[{"href":"https:\/\/grandepremio.com\/br\/wp-json\/wp\/v2\/media?parent=113480"}],"wp:term":[{"taxonomy":"category","embeddable":true,"href":"https:\/\/grandepremio.com\/br\/wp-json\/wp\/v2\/categories?post=113480"},{"taxonomy":"post_tag","embeddable":true,"href":"https:\/\/grandepremio.com\/br\/wp-json\/wp\/v2\/tags?post=113480"},{"taxonomy":"42wp_author","embeddable":true,"href":"https:\/\/grandepremio.com\/br\/wp-json\/wp\/v2\/42wp_author?post=113480"}],"curies":[{"name":"wp","href":"https:\/\/api.w.org\/{rel}","templated":true}]}}