{"id":113517,"date":"2022-04-01T04:30:00","date_gmt":"2022-04-01T07:30:00","guid":{"rendered":"https:\/\/grandepremio.com\/br\/noticias\/sergio-perez-defende-sobre-manobra-carlos-sainz-gp-arabia-saudita\/"},"modified":"2022-04-01T10:02:50","modified_gmt":"2022-04-01T13:02:50","slug":"sergio-perez-defende-sobre-manobra-carlos-sainz-gp-arabia-saudita","status":"publish","type":"post","link":"https:\/\/grandepremio.com\/br\/f1\/sergio-perez-defende-sobre-manobra-carlos-sainz-gp-arabia-saudita\/","title":{"rendered":"P\u00e9rez se defende sobre manobra em Sainz no GP da Ar\u00e1bia Saudita: &#8220;Tentei bloque\u00e1-lo&#8221;"},"content":{"rendered":"\n<figure class=\"wp-block-embed is-type-video is-provider-youtube wp-block-embed-youtube wp-embed-aspect-16-9 wp-has-aspect-ratio\"><div class=\"wp-block-embed__wrapper\">\n<iframe loading=\"lazy\" title=\"VIVA LAS VEGAS NA F\u00d3RMULA 1 + MOTOGP ATRASA NA ARGENTINA | WGP\" width=\"500\" height=\"281\" src=\"https:\/\/www.youtube.com\/embed\/4jefV9OLkAI?feature=oembed\" frameborder=\"0\" allow=\"accelerometer; autoplay; clipboard-write; encrypted-media; gyroscope; picture-in-picture; web-share\" referrerpolicy=\"strict-origin-when-cross-origin\" allowfullscreen><\/iframe>\n<\/div><figcaption>VIVA LAS VEGAS NA F\u00d3RMULA 1 + MOTOGP ATRASA NA ARGENTINA | WGP<\/figcaption><\/figure>\n\n\n\n<p class=\"wp-block-paragraph\">O incidente envolvendo Sergio P\u00e9rez e Carlos Sainz, no GP da Ar\u00e1bia Saudita, continua dando pano para manga. Ap\u00f3s o mexicano espremer o espanhol na sa\u00edda do pit-lane, enquanto o safety-car estava na pista em Jed\u00e1, os comiss\u00e1rios de prova determinaram que o piloto da Red Bull devolvesse a posi\u00e7\u00e3o para o ferrarista. <\/p>\n\n\n\n<p class=\"wp-block-paragraph\">Sobre a manobra, &#8216;Checo&#8217; se defendeu, afirmando que se manteve fiel \u00e0 linha da pista &#8211; o que, de fato, n\u00e3o deu espa\u00e7o para Sainz retornar ao circuito. Mas, segundo P\u00e9rez, o movimento feito n\u00e3o \u00e9 necessariamente ilegal. &#8220;Estava obviamente tentando bloque\u00e1-lo, o que \u00e9 permitido, em termos de voc\u00ea ser capaz de cruzar a linha do safety-car. Ent\u00e3o eu senti que tudo foi feito com toda a justi\u00e7a&#8221;, afirmou.<\/p>\n\n\n\n<p class=\"wp-block-paragraph\"><strong>\u25b6\ufe0f&nbsp;Inscreva-se nos dois canais do GRANDE PR\u00caMIO no YouTube:&nbsp;<a href=\"https:\/\/www.youtube.com\/channel\/UC9OlHEgxoaY6QY6nWPoiqQg?sub_confirmation=1\" target=\"_blank\" rel=\"noreferrer noopener\">GP<\/a>&nbsp;|&nbsp;<a href=\"https:\/\/www.youtube.com\/channel\/UC9csiS6q_C3C0FYhyr1rnFA?sub_confirmation=1\" target=\"_blank\" rel=\"noreferrer noopener\">GP2<\/a><\/strong><\/p>\n\n\n\n<figure class=\"wp-block-image size-large\"><img decoding=\"async\" src=\"https:\/\/www.grandepremio.com\/br\/wp-content\/uploads\/2022\/03\/redbull-sergioperez-05-1024x683.jpg\" alt=\"\" class=\"wp-image-552901\"\/><figcaption>Sergio P\u00e9rez conquistou uma inesperada pole em Jed\u00e1 (Foto: Red Bull Content Pool)<\/figcaption><\/figure>\n\n\n\n<p class=\"wp-block-paragraph\">P\u00e9rez largou da pole-position no GP da Ar\u00e1bia Saudita e conseguiu arrancar na lideran\u00e7a ap\u00f3s a largada. No entanto, pouco depois do mexicano realizar o primeiro pit-stop, Nicholas Latifi bateu no muro e causou a entrada do carro de seguran\u00e7a no circuito de Jed\u00e1, o que permitiu que Leclerc, Verstappen e Sainz pudessem ir aos boxes com tempo m\u00ednimo de parada.<\/p>\n\n\n\n<p class=\"wp-block-paragraph\">Foi no momento em que o espanhol estava voltando \u00e0 pista, depois do pit-stop, que o incidente com P\u00e9rez aconteceu. Sainz reclamou via r\u00e1dio e, depois, criticou a demora da FIA (Federa\u00e7\u00e3o Internacional de Automobilismo) em ordenar que &#8216;Checo&#8217; devolvesse o terceiro lugar &#8211; de acordo com o piloto da Ferrari, a troca deveria ser feita durante o per\u00edodo com o carro de seguran\u00e7a no circuito, e n\u00e3o ap\u00f3s.<\/p>\n\n\n\n<p class=\"wp-block-paragraph\"><strong>LEIA TAMB\u00c9M<br>Sainz <a href=\"https:\/\/www.grandepremio.com\/br\/f1\/noticias\/carlos-sainz-critica-demora-fia-pedir-troca-posicao-sergio-perez\/\">critica demora da FIA em pedir troca de posi\u00e7\u00e3o a P\u00e9rez: \u201cConfus\u00e3o desnecess\u00e1ria\u201d<\/a><\/strong><\/p>\n\n\n\n<p class=\"wp-block-paragraph\">&#8220;A equipe me pediu para devolver a posi\u00e7\u00e3o, ent\u00e3o eu devolvi logo ap\u00f3s o safety-car. O time tem mais informa\u00e7\u00f5es, dentro do carro voc\u00ea n\u00e3o sabe onde exatamente est\u00e1 a linha do safety-car. Ent\u00e3o sim, quanto a isso, sinto que foi a coisa certa a se fazer&#8221;, analisou o mexicano, que tamb\u00e9m mostrou seu lamento com o &#8220;momento errado&#8221; da presen\u00e7a do carro de seguran\u00e7a em Jed\u00e1.<\/p>\n\n\n\n<p class=\"wp-block-paragraph\">&#8220;M\u00e1 sorte. Senti que estava com a corrida sob controle, e ent\u00e3o veio o incidente do Latifi, o que basicamente me afetou e veio no momento errado da corrida para mim. Digo, como um piloto, n\u00e3o h\u00e1 nada o que fazer. Est\u00e1vamos com tudo no lugar, com muita margem para <em>undercuts<\/em>, mas infelizmente n\u00e3o conseguimos executar o que poder\u00edamos&#8221;, disse P\u00e9rez. &#8220;\u00c9 doloroso no carro, mas isso \u00e9 corrida. Entrando na corrida, especialmente nesse tipo de corrida, voc\u00ea sabe que essas coisas podem acontecer&#8221;, completou.<\/p>\n\n\n\n<figure class=\"wp-block-embed is-type-rich is-provider-spotify wp-block-embed-spotify wp-embed-aspect-21-9 wp-has-aspect-ratio\"><div class=\"wp-block-embed__wrapper\">\n<iframe title=\"Spotify Embed: Paddockast #141: Leclerc x Verstappen \u00e9 a rivalidade que a F1 precisa?\" style=\"border-radius: 12px\" width=\"100%\" height=\"152\" frameborder=\"0\" allowfullscreen allow=\"autoplay; clipboard-write; encrypted-media; fullscreen; picture-in-picture\" loading=\"lazy\" src=\"https:\/\/open.spotify.com\/embed\/episode\/4g8ak0L3XSj8o3LmoI0NkY?utm_source=oembed\"><\/iframe>\n<\/div><figcaption>Leclerc x Verstappen \u00e9 a rivalidade que a F1 precisa? | Paddockast #141<\/figcaption><\/figure>\n\n\n\n<p class=\"wp-block-paragraph\">Por fim, Sergio P\u00e9rez demonstrou confian\u00e7a com a evolu\u00e7\u00e3o mostrada pela Red Bull na Ar\u00e1bia Saudita &#8211; apesar de tecer cr\u00edticas ao estado do RB18 no fim da etapa saudita -, e destacou a estrat\u00e9gia adotada pelos taurinos em Jed\u00e1. &#8220;Acho que fizemos tudo perfeitamente no fim de semana&#8221;, contou. &#8220;No fim, atr\u00e1s de Carlos (Sainz), penso que o carro n\u00e3o foi t\u00e3o bom quanto na primeira sequ\u00eancia. Fizemos alguns ajustes com os pneus duros, o que provavelmente nos prejudicou um pouco. Estava at\u00e9 conseguindo alcan\u00e7ar Carlos, mas infelizmente, tivemos uma bandeira amarela e segurei o ritmo&#8221;, detalhou.<\/p>\n\n\n\n<p class=\"wp-block-paragraph\">O quarto lugar em Jed\u00e1 representou os primeiros 12 pontos de P\u00e9rez no Mundial de pilotos. Ele havia abandonado o GP do Bahrein devido a um problema no fluxo de combust\u00edvel nas voltas finais, quando ocupava a terceira posi\u00e7\u00e3o.<\/p>\n\n\n\n<p class=\"wp-block-paragraph\">&#8220;Temos que continuar aumentando o ritmo. Estou muito feliz por Max (Verstappen) e o time, depois do duplo abandono que tivemos no Bahrein. Conseguir esses resultados foi realmente bom. Para ser sincero, acho que estamos bem. Temos que continuar trabalhando e ver o que conseguimos melhorar&#8221;, finalizou.<\/p>\n\n\n\n<figure class=\"wp-block-embed is-type-video is-provider-youtube wp-block-embed-youtube wp-embed-aspect-16-9 wp-has-aspect-ratio\"><div class=\"wp-block-embed__wrapper\">\n<iframe loading=\"lazy\" title=\"NADA SOBRE O GP DA AR\u00c1BIA SAUDITA \u00c9 BOM. O QUE ISSO DIZ SOBRE A F\u00d3RMULA 1? | TT GP #46\" width=\"500\" height=\"281\" src=\"https:\/\/www.youtube.com\/embed\/3KI0DiVbBvU?feature=oembed\" frameborder=\"0\" allow=\"accelerometer; autoplay; clipboard-write; encrypted-media; gyroscope; picture-in-picture; web-share\" referrerpolicy=\"strict-origin-when-cross-origin\" allowfullscreen><\/iframe>\n<\/div><figcaption>NADA SOBRE O GP DA AR\u00c1BIA SAUDITA \u00c9 BOM. O QUE ISSO DIZ SOBRE A F\u00d3RMULA 1? | TT GP #46<\/figcaption><\/figure>\n","protected":false},"excerpt":{"rendered":"<p>Piloto mexicano falou sobre incidente na sa\u00edda do pit-lane com o espanhol da Ferrari, em Jed\u00e1, e lamentou safety-car &#8220;no momento errado&#8221; do GP da Ar\u00e1bia Saudita <\/p>\n","protected":false},"author":0,"featured_media":1000553198,"comment_status":"closed","ping_status":"closed","sticky":false,"template":"","format":"standard","meta":{"42wp_featured_image_caption":"","42wp_featured_image_credits":"","42wp_featured_video":"","42wp_featured_image_hidden":false,"42wp_authors_list":[],"footnotes":""},"categories":[2],"tags":[546,147,1357,24837,26266,31203,24836,26627,30799,204,24863],"42wp_author":[47143],"class_list":["post-113517","post","type-post","status-publish","format-standard","has-post-thumbnail","hentry","category-f1","tag-carlos-sainz","tag-f1","tag-f1-2022","tag-formula-1-2","tag-gp-da-arabia-saudita","tag-gp-da-arabia-saudita-2022","tag-grande-premio-2","tag-jeda","tag-rb18","tag-red-bull","tag-sergio-perez-2","42wp_author-felipe-leite"],"_links":{"self":[{"href":"https:\/\/grandepremio.com\/br\/wp-json\/wp\/v2\/posts\/113517","targetHints":{"allow":["GET"]}}],"collection":[{"href":"https:\/\/grandepremio.com\/br\/wp-json\/wp\/v2\/posts"}],"about":[{"href":"https:\/\/grandepremio.com\/br\/wp-json\/wp\/v2\/types\/post"}],"replies":[{"embeddable":true,"href":"https:\/\/grandepremio.com\/br\/wp-json\/wp\/v2\/comments?post=113517"}],"version-history":[{"count":0,"href":"https:\/\/grandepremio.com\/br\/wp-json\/wp\/v2\/posts\/113517\/revisions"}],"wp:featuredmedia":[{"embeddable":true,"href":"https:\/\/grandepremio.com\/br\/wp-json\/wp\/v2\/media\/1000553198"}],"wp:attachment":[{"href":"https:\/\/grandepremio.com\/br\/wp-json\/wp\/v2\/media?parent=113517"}],"wp:term":[{"taxonomy":"category","embeddable":true,"href":"https:\/\/grandepremio.com\/br\/wp-json\/wp\/v2\/categories?post=113517"},{"taxonomy":"post_tag","embeddable":true,"href":"https:\/\/grandepremio.com\/br\/wp-json\/wp\/v2\/tags?post=113517"},{"taxonomy":"42wp_author","embeddable":true,"href":"https:\/\/grandepremio.com\/br\/wp-json\/wp\/v2\/42wp_author?post=113517"}],"curies":[{"name":"wp","href":"https:\/\/api.w.org\/{rel}","templated":true}]}}