{"id":113519,"date":"2022-04-01T04:00:00","date_gmt":"2022-04-01T07:00:00","guid":{"rendered":"https:\/\/grandepremio.com\/br\/noticias\/george-russell-mostra-adaptado-mercedes-primeiros-sinais-frustracao-w13\/"},"modified":"2022-04-01T09:41:58","modified_gmt":"2022-04-01T12:41:58","slug":"george-russell-mostra-adaptado-mercedes-primeiros-sinais-frustracao-w13","status":"publish","type":"post","link":"https:\/\/grandepremio.com\/br\/f1\/george-russell-mostra-adaptado-mercedes-primeiros-sinais-frustracao-w13\/","title":{"rendered":"Russell se mostra adaptado \u00e0 Mercedes, mas d\u00e1 primeiros sinais de frustra\u00e7\u00e3o com W13"},"content":{"rendered":"\n<figure class=\"wp-block-embed is-type-video is-provider-youtube wp-block-embed-youtube wp-embed-aspect-16-9 wp-has-aspect-ratio\"><div class=\"wp-block-embed__wrapper\">\n<iframe loading=\"lazy\" title=\"F\u00d3RMULA 1 PASSA VERGONHA NA AR\u00c1BIA + RED BULL X FERRARI \u00c9 DISPUTA DE 2022 | Paddock GP #280\" width=\"500\" height=\"281\" src=\"https:\/\/www.youtube.com\/embed\/wtLkHmNOSZk?feature=oembed\" frameborder=\"0\" allow=\"accelerometer; autoplay; clipboard-write; encrypted-media; gyroscope; picture-in-picture; web-share\" referrerpolicy=\"strict-origin-when-cross-origin\" allowfullscreen><\/iframe>\n<\/div><figcaption>F\u00d3RMULA 1 PASSA VERGONHA NA AR\u00c1BIA + RED BULL X FERRARI \u00c9 DISPUTA DE 2022 | Paddock GP #280<\/figcaption><\/figure>\n\n\n\n<p class=\"wp-block-paragraph\">George Russell entrou na F\u00f3rmula 1 ainda em 2019 e passou todos os seus anos desde ent\u00e3o como piloto da Williams, apenas esperando o chamado da Mercedes que n\u00e3o era segredo que viria. O sonho do brit\u00e2nico \u2014 e de todos aqueles que conseguem alcan\u00e7ar o n\u00edvel m\u00e1ximo do automobilismo \u2014 era ter um carro competitivo que lhe possibilitasse brigar por vit\u00f3rias e o t\u00edtulo.<\/p>\n\n\n\n<p class=\"wp-block-paragraph\">Assim, nada melhor do que a equipe que venceu nada menos do que os oito \u00faltimos Mundiais de Construtores, absolutamente todos na Era H\u00edbrida, e teve tamb\u00e9m o campe\u00e3o de pilotos em sete dessas oportunidades \u2014 a exce\u00e7\u00e3o foi justamente o \u00faltimo campe\u00e3o, Max Verstappen, da Red Bull. E ap\u00f3s passar por todo esse processo, Russell enfim recebeu o t\u00e3o aguardado chamado no ano passado. E agora, ironicamente, <a href=\"https:\/\/www.grandepremio.com\/br\/f1\/noticias\/mercedes-lewis-hamilton-george-russell-ficarem-fora-top-10-pior-tl3-era-hibrida\/\" target=\"_blank\" rel=\"noreferrer noopener\">encontra a equipe na pior forma desde 2013<\/a>.<\/p>\n\n\n\n<p class=\"wp-block-paragraph\">A verdade \u00e9 que ainda n\u00e3o se sabe exatamente quais s\u00e3o os problemas da Mercedes, j\u00e1 que eles parecem surgir de todos os lados. Carro que mais sofre com o quique em todo o grid da F1, o W13 simplesmente n\u00e3o consegue se adaptar \u00e0 nova aerodin\u00e2mica da categoria como os outros. At\u00e9 uma lateral diferente foi criada, praticamente sem sidepods, em jogada que ainda n\u00e3o apresentou a efetividade esperada.<\/p>\n\n\n\n<figure class=\"wp-block-image size-large\"><img decoding=\"async\" src=\"https:\/\/www.grandepremio.com\/br\/wp-content\/uploads\/2022\/03\/mercedes-georgerussell-03-1024x683.jpg\" alt=\"\" class=\"wp-image-549621\"\/><figcaption>George Russell abriu sua caminhada na Mercedes com um quarto lugar no Bahrein (Foto: Mercedes)<\/figcaption><\/figure>\n\n\n\n<p class=\"wp-block-paragraph\"><strong>\u25b6\ufe0f&nbsp;Inscreva-se nos dois canais do GRANDE PR\u00caMIO no YouTube:&nbsp;<a href=\"https:\/\/www.youtube.com\/channel\/UC9OlHEgxoaY6QY6nWPoiqQg?sub_confirmation=1\" target=\"_blank\" rel=\"noreferrer noopener\">GP<\/a>&nbsp;|&nbsp;<a href=\"https:\/\/www.youtube.com\/channel\/UC9csiS6q_C3C0FYhyr1rnFA?sub_confirmation=1\" target=\"_blank\" rel=\"noreferrer noopener\">GP2<\/a><\/strong><\/p>\n\n\n\n<p class=\"wp-block-paragraph\">E quem dera \u2014 para a Mercedes \u2014 que o quique fosse o \u00fanico problema. A unidade de pot\u00eancia fabricada pela equipe alem\u00e3 \u2014 indiscutivelmente a mais forte da Era H\u00edbrida at\u00e9 2021 \u2014 parece n\u00e3o ter conseguido acompanhar os rivais de Ferrari e Honda: todos os seis \u00faltimos colocados na corrida de abertura, no Bahrein, utilizavam motores Mercedes.<\/p>\n\n\n\n<p class=\"wp-block-paragraph\">Na classifica\u00e7\u00e3o para o GP da Ar\u00e1bia Saudita, a hist\u00f3ria se repetiu: no grid de largada em Jed\u00e1, os \u00faltimos seis tinham a unidade de pot\u00eancia da escuderia alem\u00e3 em seus monopostos \u2014 incluindo Lewis Hamilton, que alcan\u00e7ou seu pior resultado em ritmo normal de treino nos \u00faltimos 13 anos. <a href=\"https:\/\/www.grandepremio.com\/br\/f1\/noticias\/mercedes-inocenta-motor-poe-culpa-baixo-rendimento-w13-quiques\/\" target=\"_blank\" rel=\"noreferrer noopener\">Apesar dos maus resultados, a Mercedes nega qualquer defici\u00eancia em seu motor<\/a>.<\/p>\n\n\n\n<p class=\"wp-block-paragraph\">Assim, <a href=\"https:\/\/www.grandepremio.com\/br\/f1\/noticias\/george-russell-carro-ainda-misterio-mercedes-nao-entendo-por-que-como\/\" target=\"_blank\" rel=\"noreferrer noopener\">Russell j\u00e1 come\u00e7a a dar sinais de impaci\u00eancia<\/a>. No Bahrein, <a href=\"https:\/\/www.grandepremio.com\/br\/f1\/noticias\/george-russell-cita-solidao-bahrein-pede-fim-quique-vai-beneficiar-todo-resto\/\" target=\"_blank\" rel=\"noreferrer noopener\">andou o tempo inteiro atr\u00e1s do companheiro<\/a> e se manteve no posto at\u00e9 o final: <a href=\"https:\/\/www.grandepremio.com\/br\/f1\/noticias\/charles-leclerc-puxa-dobradinha-ferrari-vence-bahrein-formula-1-red-bull-pesadelo\/\" target=\"_blank\" rel=\"noreferrer noopener\">o heptacampe\u00e3o conseguiu um inesperado p\u00f3dio<\/a>, em quarto, e George se manteve em quinto. Em Jed\u00e1, <a href=\"https:\/\/www.grandepremio.com\/br\/f1\/noticias\/max-verstappen-troca-socos-charles-leclerc-leva-melhor-vence-gp-arabia-saudita-formula-1\/\" target=\"_blank\" rel=\"noreferrer noopener\">a hist\u00f3ria foi diferente<\/a>.<\/p>\n\n\n\n<figure class=\"wp-block-image size-large\"><img decoding=\"async\" src=\"https:\/\/www.grandepremio.com\/br\/wp-content\/uploads\/2022\/03\/mercedes-georgerussell-02-7-1024x683.jpg\" alt=\"\" class=\"wp-image-553290\"\/><figcaption>George Russell demonstrou preocupa\u00e7\u00e3o com dist\u00e2ncia para rivais (Foto: Mercedes)<\/figcaption><\/figure>\n\n\n\n<p class=\"wp-block-paragraph\">Russell foi o respons\u00e1vel por carregar a Mercedes na Ar\u00e1bia Saudita, j\u00e1 que o heptacampe\u00e3o teria de largar do fundo do pelot\u00e3o \u2014 o #63 n\u00e3o apresentou a mesma dificuldade do #44 e conseguiu garantir o sexto lugar no grid de largada. George fez uma corrida sem erros e sem sustos, conseguiu a quinta coloca\u00e7\u00e3o \u2014 <a href=\"https:\/\/www.grandepremio.com\/br\/f1\/noticias\/george-russell-red-bull-ferrari-frente-da-mercedes-falta-performance\/\" target=\"_blank\" rel=\"noreferrer noopener\">m\u00e1ximo que a equipe visa atualmente<\/a>, j\u00e1 que Ferrari e Red Bull est\u00e3o claramente \u00e0 frente \u2014 <a href=\"https:\/\/www.grandepremio.com\/br\/f1\/noticias\/george-russell-celebra-5o-lugar-arabia-saudita-mas-deixa-aviso-quero-lutar-vitorias\/\" target=\"_blank\" rel=\"noreferrer noopener\">e deixou clara sua insatisfa\u00e7\u00e3o<\/a>.<\/p>\n\n\n\n<p class=\"wp-block-paragraph\">\u00c9 evidente que Russell n\u00e3o foi para a Mercedes brigar pelo quinto lugar, ou at\u00e9 mesmo pelo p\u00f3dio: ele quer vencer. E tamb\u00e9m \u00e9 naturalmente curioso que a equipe n\u00e3o possa oferecer isso pela primeira vez em nove anos \u2014 e justamente na vez dele. Assim, j\u00e1 se ouvem os primeiros pedidos para que o W13 apresente mudan\u00e7as de forma mais r\u00e1pida, pois a diferen\u00e7a de pontos constru\u00edda agora, no in\u00edcio, pode ser irrecuper\u00e1vel mais tarde.<\/p>\n\n\n\n<p class=\"wp-block-paragraph\">O brit\u00e2nico se preparou \u00fanica e exclusivamente para ocupar o posto no qual est\u00e1 agora, mas quando sua hora chegou, a equipe n\u00e3o conseguiu lhe oferecer um conjunto vencedor. Aparentemente adaptado ao carro da Mercedes, Russell n\u00e3o encontra meios de alcan\u00e7ar o objetivo que tra\u00e7ou antes de chegar ao time de Toto Wolff. E os primeiros sinais de frustra\u00e7\u00e3o j\u00e1 puderam ser vistos.<\/p>\n\n\n\n<p class=\"wp-block-paragraph\">Enquanto a Mercedes busca alguma forma de melhorar o desempenho dos carros, <a href=\"https:\/\/www.grandepremio.com\/br\/f1\/noticias\/george-russell-cre-possibilidade-lidar-quique-durante-ano-mercedes\/\" target=\"_blank\" rel=\"noreferrer noopener\">Russell cobra que essa melhoria chegue mais r\u00e1pido<\/a>. O campeonato j\u00e1 come\u00e7ou, <a href=\"https:\/\/www.grandepremio.com\/br\/f1\/noticias\/george-russell-lamenta-falta-downforce-mercedes-1s-atras-ferrari-red-bull\/\" target=\"_blank\" rel=\"noreferrer noopener\">a Mercedes ficou bem atr\u00e1s das duas principais equipes da F\u00f3rmula 1<\/a>, e George provavelmente n\u00e3o esperava por isso.<\/p>\n\n\n\n<figure class=\"wp-block-image size-large\"><img decoding=\"async\" src=\"https:\/\/www.grandepremio.com\/br\/wp-content\/uploads\/2022\/03\/mercedes-georgerussell-02-5-1024x683.jpg\" alt=\"\" class=\"wp-image-552633\"\/><figcaption>Os quiques do W13 est\u00e3o tirando o sono de George Russell e de toda a Mercedes (Foto: Mercedes)<\/figcaption><\/figure>\n","protected":false},"excerpt":{"rendered":"<p>Em duas corridas como titular da Mercedes, George Russell demonstrou adapta\u00e7\u00e3o ao carro da equipe. Entretanto, cada vez mais exp\u00f5e seu inc\u00f4modo com os quiques e o n\u00edvel do W13 em geral<\/p>\n","protected":false},"author":0,"featured_media":1000553010,"comment_status":"closed","ping_status":"closed","sticky":false,"template":"","format":"standard","meta":{"42wp_featured_image_caption":"","42wp_featured_image_credits":"","42wp_featured_video":"","42wp_featured_image_hidden":false,"42wp_authors_list":[],"footnotes":""},"categories":[2],"tags":[147,156,1357,24837,800,31243,1754,24836,28285,26627,87,82,1756,150,30389],"42wp_author":[47142],"class_list":["post-113519","post","type-post","status-publish","format-standard","has-post-thumbnail","hentry","category-f1","tag-f1","tag-f1-2021","tag-f1-2022","tag-formula-1-2","tag-george-russell","tag-gp-da-arabia-saudita-3","tag-gp-do-bahrein","tag-grande-premio-2","tag-grandepremio","tag-jeda","tag-lewis-hamilton","tag-mercedes","tag-sakhir","tag-toto-wolff","tag-w13","42wp_author-jp-nascimento"],"_links":{"self":[{"href":"https:\/\/grandepremio.com\/br\/wp-json\/wp\/v2\/posts\/113519","targetHints":{"allow":["GET"]}}],"collection":[{"href":"https:\/\/grandepremio.com\/br\/wp-json\/wp\/v2\/posts"}],"about":[{"href":"https:\/\/grandepremio.com\/br\/wp-json\/wp\/v2\/types\/post"}],"replies":[{"embeddable":true,"href":"https:\/\/grandepremio.com\/br\/wp-json\/wp\/v2\/comments?post=113519"}],"version-history":[{"count":0,"href":"https:\/\/grandepremio.com\/br\/wp-json\/wp\/v2\/posts\/113519\/revisions"}],"wp:featuredmedia":[{"embeddable":true,"href":"https:\/\/grandepremio.com\/br\/wp-json\/wp\/v2\/media\/1000553010"}],"wp:attachment":[{"href":"https:\/\/grandepremio.com\/br\/wp-json\/wp\/v2\/media?parent=113519"}],"wp:term":[{"taxonomy":"category","embeddable":true,"href":"https:\/\/grandepremio.com\/br\/wp-json\/wp\/v2\/categories?post=113519"},{"taxonomy":"post_tag","embeddable":true,"href":"https:\/\/grandepremio.com\/br\/wp-json\/wp\/v2\/tags?post=113519"},{"taxonomy":"42wp_author","embeddable":true,"href":"https:\/\/grandepremio.com\/br\/wp-json\/wp\/v2\/42wp_author?post=113519"}],"curies":[{"name":"wp","href":"https:\/\/api.w.org\/{rel}","templated":true}]}}