{"id":113530,"date":"2022-03-31T12:32:06","date_gmt":"2022-03-31T15:32:06","guid":{"rendered":"https:\/\/grandepremio.com\/br\/noticias\/fernando-alonso-elogia-inicio-formula-1-2022-lamenta-apenas-dois-pontos-duas-otimas-corridas\/"},"modified":"2022-03-31T12:43:40","modified_gmt":"2022-03-31T15:43:40","slug":"fernando-alonso-elogia-inicio-formula-1-2022-lamenta-apenas-dois-pontos-duas-otimas-corridas","status":"publish","type":"post","link":"https:\/\/grandepremio.com\/br\/f1\/fernando-alonso-elogia-inicio-formula-1-2022-lamenta-apenas-dois-pontos-duas-otimas-corridas\/","title":{"rendered":"Alonso elogia in\u00edcio na F1 2022, mas lamenta &#8220;apenas dois pontos em duas \u00f3timas corridas&#8221;"},"content":{"rendered":"\n<figure class=\"wp-block-embed is-type-video is-provider-youtube wp-block-embed-youtube wp-embed-aspect-16-9 wp-has-aspect-ratio\"><div class=\"wp-block-embed__wrapper\">\n<iframe loading=\"lazy\" title=\"NADA SOBRE O GP DA AR\u00c1BIA SAUDITA \u00c9 BOM. O QUE ISSO DIZ SOBRE A F\u00d3RMULA 1? | TT GP #46\" width=\"500\" height=\"281\" src=\"https:\/\/www.youtube.com\/embed\/3KI0DiVbBvU?feature=oembed\" frameborder=\"0\" allow=\"accelerometer; autoplay; clipboard-write; encrypted-media; gyroscope; picture-in-picture; web-share\" referrerpolicy=\"strict-origin-when-cross-origin\" allowfullscreen><\/iframe>\n<\/div><figcaption>NADA SOBRE O GP DA AR\u00c1BIA SAUDITA \u00c9 BOM. O QUE ISSO DIZ SOBRE A F\u00d3RMULA 1? | TT GP #46<\/figcaption><\/figure>\n\n\n\n<p class=\"wp-block-paragraph\">Ap\u00f3s duas etapas do calend\u00e1rio de 2022 da F\u00f3rmula 1, Fernando Alonso foi s\u00f3 elogios \u00e0 sua pr\u00f3pria performance e da Alpine, ainda que o desempenho n\u00e3o necessariamente esteja resultando em pontos. De acordo com o espanhol, as corridas no Bahrein e na Ar\u00e1bia Saudita provaram o veloz ritmo da equipe francesa &#8211; mas erros estrat\u00e9gicos e mec\u00e2nicos apresentaram-se como obst\u00e1culos.<\/p>\n\n\n\n<p class=\"wp-block-paragraph\">&#8220;Tive duas grandes corridas. No Bahrein, infelizmente talvez come\u00e7amos com a estrat\u00e9gia errada de pneus iniciais, o que comprometeu toda a minha corrida. O motor tamb\u00e9m n\u00e3o estava \u00f3timo&#8221;, come\u00e7ou a analisar o bicampe\u00e3o mundial. &#8220;E, agora, fui muito r\u00e1pido na classifica\u00e7\u00e3o na Ar\u00e1bia Saudita. Muita m\u00e1 sorte tamb\u00e9m, porque outros pilotos n\u00e3o tinham pneus novos no Q3, e os compostos usados eram os mais r\u00e1pidos &#8211; ent\u00e3o, tivemos que ultrapassar alguns carros e voltar \u00e0 nossa posi\u00e7\u00e3o natural neste fim de semana, que era quinto ou sexto. Mas, ent\u00e3o, outro abandono&#8221;, lamentou.<\/p>\n\n\n\n<p class=\"wp-block-paragraph\"><strong>\u25b6\ufe0f\u00a0Inscreva-se nos dois canais do GRANDE PR\u00caMIO no YouTube:\u00a0<a href=\"https:\/\/www.youtube.com\/channel\/UC9OlHEgxoaY6QY6nWPoiqQg?sub_confirmation=1\" target=\"_blank\" rel=\"noreferrer noopener\">GP<\/a>\u00a0|\u00a0<a href=\"https:\/\/www.youtube.com\/channel\/UC9csiS6q_C3C0FYhyr1rnFA?sub_confirmation=1\" target=\"_blank\" rel=\"noreferrer noopener\">GP2<\/a><\/strong><\/p>\n\n\n\n<figure class=\"wp-block-image size-large\"><img decoding=\"async\" src=\"https:\/\/www.grandepremio.com\/br\/wp-content\/uploads\/2022\/03\/alpine-fernandoalonso-01-6-1024x683.jpg\" alt=\"\" class=\"wp-image-552945\"\/><figcaption>Fernando Alonso na A522, na Ar\u00e1bia Saudita (Foto: Alpine)<\/figcaption><\/figure>\n\n\n\n<p class=\"wp-block-paragraph\">Alonso tamb\u00e9m declarou como &#8220;desapontador&#8221; o fato de ter &#8220;apenas dois pontos depois de dois \u00f3timos finais de semana&#8221; &#8211; o piloto cruzou a linha de chegada somente na nona coloca\u00e7\u00e3o no circuito de Sakhir -, mas externou confian\u00e7a em uma recupera\u00e7\u00e3o da Alpine.<\/p>\n\n\n\n<p class=\"wp-block-paragraph\">&#8220;A velocidade me parece melhor do que os resultados dizem. E presenteamos alguns pontos para pilotos e equipes que est\u00e3o atr\u00e1s de n\u00f3s. Vamos dar a volta por cima e, tomara, receber alguns desses presentes de volta no futuro&#8221;, afirmou. &#8220;Eu poderia estar em sexto ou s\u00e9timo no campeonato, e n\u00e3o estou nessa posi\u00e7\u00e3o. E n\u00e3o \u00e9 porque n\u00e3o merecemos. \u00c9 somente porque n\u00e3o maximizamos os nossos pontos&#8221;, completou.<\/p>\n\n\n\n<p class=\"wp-block-paragraph\"><strong>LEIA TAMB\u00c9M<br><a href=\"https:\/\/www.grandepremio.com\/br\/f1\/noticias\/chefe-formula-1-defende-horario-perfeito-largada-las-vegas\/\">Chefe da F1 defende hor\u00e1rio \u201cperfeito\u201d de largada em Las Vegas: \u201cN\u00e3o vejo problema\u201d<\/a><\/strong><\/p>\n\n\n\n<figure class=\"wp-block-image size-large\"><img decoding=\"async\" src=\"https:\/\/www.grandepremio.com\/br\/wp-content\/uploads\/2022\/03\/GPF1-12-1024x576.jpg\" alt=\"\" class=\"wp-image-553188\"\/><figcaption>Fernando Alonso abandonou e parou o carro na entrada do pit-lane (Foto: Reprodu\u00e7\u00e3o\/F1)<\/figcaption><\/figure>\n\n\n\n<p class=\"wp-block-paragraph\">Por fim, o espanhol de 40 anos fez sua an\u00e1lise das rivais da equipe francesa. &#8220;A Alfa Romeo parece um pouco mais r\u00e1pida em alguns circuitos. A Haas foi muito r\u00e1pida no Bahrein e (George) Russell foi ok na Ar\u00e1bia Saudita, mas n\u00e3o espetacular. Estamos por ali. E agora cabe a n\u00f3s progredir&#8221;, disse.<\/p>\n\n\n\n<p class=\"wp-block-paragraph\"><strong><strong>Siga o GRANDE PR\u00caMIO nas redes sociais:<br><a href=\"https:\/\/youtube.com\/GrandePremioTV\" target=\"_blank\" rel=\"noreferrer noopener\">YouTube<\/a>\u00a0|\u00a0<a href=\"https:\/\/facebook.com\/grandepremio\" target=\"_blank\" rel=\"noreferrer noopener\">Facebook<\/a>\u00a0|\u00a0<a rel=\"noreferrer noopener\" href=\"https:\/\/twitter.com\/grandepremio\" target=\"_blank\">Twitter\u00a0<\/a>|\u00a0<a rel=\"noreferrer noopener\" href=\"https:\/\/instagram.com\/grandepremio\" target=\"_blank\">Instagram<\/a>\u00a0|\u00a0<a href=\"https:\/\/pinterest.com\/grandepremio\" target=\"_blank\" rel=\"noreferrer noopener\">Pinterest<\/a>\u00a0|\u00a0<a href=\"http:\/\/twitch.com\/grandepremio\" target=\"_blank\" rel=\"noreferrer noopener\">Twitch<\/a>\u00a0|\u00a0<a href=\"https:\/\/dailymotion.com\/grandepremio\" target=\"_blank\" rel=\"noreferrer noopener\">DailyMotion<\/a><\/strong><\/strong><\/p>\n\n\n\n<p class=\"wp-block-paragraph\">&#8220;Talvez n\u00e3o sejamos a terceira equipe mais r\u00e1pida, mas parece que podemos ser consistentes e, sem o abandono, eu poderia estar em sexto ou s\u00e9timo. Isso nos colocaria em um bom n\u00edvel de pontos. H\u00e1 muito por vir, mas me senti veloz na pista&#8221;, finalizou Alonso.<\/p>\n\n\n\n<p class=\"wp-block-paragraph\">Depois das corridas no Bahrein e na Ar\u00e1bia Saudita, a\u00a0<a href=\"https:\/\/www.grandepremio.com\/formula-1\/\" target=\"_blank\" rel=\"noreferrer noopener\">F\u00f3rmula 1<\/a>\u00a0volta \u00e0s a\u00e7\u00f5es\u00a0em\u00a0<a href=\"https:\/\/www.grandepremio.com\/br\/etapa\/uncategorized\/gp-da-australia-formula-1-2021\/\" target=\"_blank\" rel=\"noreferrer noopener\">Melbourne<\/a>, para o GP da Austr\u00e1lia. A corrida, marcada para o dia 10 de abril, ser\u00e1 a primeira na madrugada brasileira desde a temporada 2019. O\u00a0<strong>GRANDE PR\u00caMIO<\/strong>\u00a0realizar\u00e1 a cobertura\u00a0<a href=\"https:\/\/formula1aovivo.com\/\" target=\"_blank\" rel=\"noreferrer noopener\">ao vivo<\/a>\u00a0e em tempo real.<\/p>\n\n\n\n<figure class=\"wp-block-embed is-type-video is-provider-youtube wp-block-embed-youtube wp-embed-aspect-16-9 wp-has-aspect-ratio\"><div class=\"wp-block-embed__wrapper\">\n<iframe loading=\"lazy\" title=\"DUELO VERSTAPPEN-LECLERC NA F\u00d3RMULA 1 2O22 \u00c9 LINDO, MAS SE CONTINUAR O PAU VAI COMER\" width=\"500\" height=\"281\" src=\"https:\/\/www.youtube.com\/embed\/zdMzNG5hhaM?feature=oembed\" frameborder=\"0\" allow=\"accelerometer; autoplay; clipboard-write; encrypted-media; gyroscope; picture-in-picture; web-share\" referrerpolicy=\"strict-origin-when-cross-origin\" allowfullscreen><\/iframe>\n<\/div><figcaption>DUELO VERSTAPPEN-LECLERC NA F\u00d3RMULA 1 2O22 \u00c9 LINDO, MAS SE CONTINUAR O PAU VAI COMER<\/figcaption><\/figure>\n","protected":false},"excerpt":{"rendered":"<p>Piloto espanhol mostrou apre\u00e7o por sua pr\u00f3pria performance e de sua equipe, a Alpine, no come\u00e7o da temporada da F\u00f3rmula 1. No entanto, baixo aproveitamento de pontos preocupa o bicampe\u00e3o mundial<\/p>\n","protected":false},"author":0,"featured_media":1000554118,"comment_status":"closed","ping_status":"closed","sticky":false,"template":"","format":"standard","meta":{"42wp_featured_image_caption":"","42wp_featured_image_credits":"","42wp_featured_video":"","42wp_featured_image_hidden":false,"42wp_authors_list":[],"footnotes":""},"categories":[2],"tags":[20491,147,1357,176,24837,24836,29224],"42wp_author":[47143],"class_list":["post-113530","post","type-post","status-publish","format-standard","has-post-thumbnail","hentry","category-f1","tag-alpine","tag-f1","tag-f1-2022","tag-fernando-alonso","tag-formula-1-2","tag-grande-premio-2","tag-temporada-f1-2022","42wp_author-felipe-leite"],"_links":{"self":[{"href":"https:\/\/grandepremio.com\/br\/wp-json\/wp\/v2\/posts\/113530","targetHints":{"allow":["GET"]}}],"collection":[{"href":"https:\/\/grandepremio.com\/br\/wp-json\/wp\/v2\/posts"}],"about":[{"href":"https:\/\/grandepremio.com\/br\/wp-json\/wp\/v2\/types\/post"}],"replies":[{"embeddable":true,"href":"https:\/\/grandepremio.com\/br\/wp-json\/wp\/v2\/comments?post=113530"}],"version-history":[{"count":0,"href":"https:\/\/grandepremio.com\/br\/wp-json\/wp\/v2\/posts\/113530\/revisions"}],"wp:featuredmedia":[{"embeddable":true,"href":"https:\/\/grandepremio.com\/br\/wp-json\/wp\/v2\/media\/1000554118"}],"wp:attachment":[{"href":"https:\/\/grandepremio.com\/br\/wp-json\/wp\/v2\/media?parent=113530"}],"wp:term":[{"taxonomy":"category","embeddable":true,"href":"https:\/\/grandepremio.com\/br\/wp-json\/wp\/v2\/categories?post=113530"},{"taxonomy":"post_tag","embeddable":true,"href":"https:\/\/grandepremio.com\/br\/wp-json\/wp\/v2\/tags?post=113530"},{"taxonomy":"42wp_author","embeddable":true,"href":"https:\/\/grandepremio.com\/br\/wp-json\/wp\/v2\/42wp_author?post=113530"}],"curies":[{"name":"wp","href":"https:\/\/api.w.org\/{rel}","templated":true}]}}