{"id":113533,"date":"2022-03-31T11:00:25","date_gmt":"2022-03-31T14:00:25","guid":{"rendered":"https:\/\/grandepremio.com\/br\/noticias\/arabia-saudita-planeja-serie-garantias-permanecer-formula-1\/"},"modified":"2022-03-31T11:00:38","modified_gmt":"2022-03-31T14:00:38","slug":"arabia-saudita-planeja-serie-garantias-permanecer-formula-1","status":"publish","type":"post","link":"https:\/\/grandepremio.com\/br\/f1\/arabia-saudita-planeja-serie-garantias-permanecer-formula-1\/","title":{"rendered":"Ar\u00e1bia Saudita planeja s\u00e9rie de garantias para permanecer na F\u00f3rmula 1"},"content":{"rendered":"\n<figure class=\"wp-block-embed is-type-video is-provider-youtube wp-block-embed-youtube wp-embed-aspect-16-9 wp-has-aspect-ratio\"><div class=\"wp-block-embed__wrapper\">\n<iframe loading=\"lazy\" title=\"NADA SOBRE O GP DA AR\u00c1BIA SAUDITA \u00c9 BOM. O QUE ISSO DIZ SOBRE A F\u00d3RMULA 1? | TT GP #46\" width=\"500\" height=\"281\" src=\"https:\/\/www.youtube.com\/embed\/3KI0DiVbBvU?feature=oembed\" frameborder=\"0\" allow=\"accelerometer; autoplay; clipboard-write; encrypted-media; gyroscope; picture-in-picture; web-share\" referrerpolicy=\"strict-origin-when-cross-origin\" allowfullscreen><\/iframe>\n<\/div><figcaption>NADA SOBRE O GP DA AR\u00c1BIA SAUDITA \u00c9 BOM. O QUE ISSO DIZ SOBRE A F\u00d3RMULA 1? | TT GP #46<\/figcaption><\/figure>\n\n\n\n<p class=\"wp-block-paragraph\">O clima tenso instaurado durante todo o final de semana do GP da Ar\u00e1bia Saudita gerou discuss\u00f5es sobre a continuidade da corrida no calend\u00e1rio da F\u00f3rmula 1, principalmente ap\u00f3s o atentado que causou uma explos\u00e3o em uma refinaria petrol\u00edfera da Amanco, localizada a poucos quil\u00f4metros da pista de rua de Jed\u00e1. Mas, segundo o pr\u00edncipe do reino saudita, Abdulaziz Bin Turki Al-Faisal, o pa\u00eds planeja apresentar garantias de seguran\u00e7a e mudan\u00e7as no regime ditatorial para melhor receber os turistas, com objetivo de prosseguir na categoria nos pr\u00f3ximos anos.<\/p>\n\n\n\n<p class=\"wp-block-paragraph\">\u201cEstamos abertos para sentar, ver onde est\u00e3o os problemas, quais s\u00e3o as garantias que eles precisam\u201d, afirmou em entrevista \u00e0 revista brit\u00e2nica Autosport e tamb\u00e9m ao site \u2018Motorsport\u2019. \u201cO que eles quiserem, estamos aqui para receber a F1 da melhor maneira poss\u00edvel, assim como em qualquer lugar do mundo. Teremos uma discuss\u00e3o aberta com eles para ver qual \u00e9 o feedback deles, para discutir e ver quais s\u00e3o suas preocupa\u00e7\u00f5es. Vamos mostrar tudo a eles\u201d, prosseguiu.<\/p>\n\n\n\n<p class=\"wp-block-paragraph\">Na sexta-feira, durante o TL1, uma refinaria da petrol\u00edfera estatal, localizada a 10 km do circuito, foi atingida por um m\u00edssil em um atentado reivindicado pelo grupo Houthi. Apesar de um atraso de 15 minutos no in\u00edcio do segundo treino livre, as atividades seguiram normalmente em Jed\u00e1. O abalo causado na seguran\u00e7a nacional, aliado ao regime autorit\u00e1rio do reinado saudita, acumulou mais cr\u00edticas sobre a perman\u00eancia do GP no calend\u00e1rio da F1. <\/p>\n\n\n\n<p class=\"wp-block-paragraph\"><strong>\u25b6\ufe0f Inscreva-se nos dois canais do GRANDE PR\u00caMIO no YouTube:&nbsp;<a href=\"https:\/\/www.youtube.com\/channel\/UC9OlHEgxoaY6QY6nWPoiqQg?sub_confirmation=1\">GP<\/a>&nbsp;|&nbsp;<a href=\"https:\/\/www.youtube.com\/channel\/UC9csiS6q_C3C0FYhyr1rnFA?sub_confirmation=1\">GP2<\/a><\/strong><\/p>\n\n\n\n<figure class=\"wp-block-image size-large\"><img decoding=\"async\" src=\"https:\/\/www.grandepremio.com\/br\/wp-content\/uploads\/2022\/03\/Aramco-1024x521.jpg\" alt=\"\" class=\"wp-image-552469\"\/><figcaption>Explos\u00e3o na refinaria da Aramco abalou Jed\u00e1 (Foto: Reprodu\u00e7\u00e3o\/Twitter\/Waheed0819)<\/figcaption><\/figure>\n\n\n\n<p class=\"wp-block-paragraph\">Ainda de acordo com Abdulaziz Bin Turki Al-Faisal, a Ar\u00e1bia Saudita passa por um momento de transforma\u00e7\u00e3o na cultura do regime, pois mais de 200 leis civis locais foram modificadas para receber a F\u00f3rmula 1 em Jed\u00e1, e tamb\u00e9m a F\u00f3rmula E, em Diriyah. \u201cA mudan\u00e7a est\u00e1 sendo feita. Hoje, podemos ver mulheres e homens trabalhando de forma coesa em todos os lugares do reino, at\u00e9 mesmo em minist\u00e9rios, quando antes n\u00e3o tinham permiss\u00e3o para ir a \u00e1reas p\u00fablicas\u201d, disse.<\/p>\n\n\n\n<p class=\"wp-block-paragraph\">O pr\u00edncipe Abdulaziz acrescentou que as mudan\u00e7as no regime &#8211; para sediar os eventos do esporte a motor &#8211; tamb\u00e9m impactam no turismo local, devido \u00e0 maior facilidade aos visitantes em conseguir a libera\u00e7\u00e3o do visto de entrada na regi\u00e3o.<\/p>\n\n\n\n<p class=\"wp-block-paragraph\">\u201cO primeiro visto de turista aconteceu por causa da F\u00f3rmula E. Foi a primeira vez que emitimos vistos de turista por causa desse evento. A partir da\u00ed, de repente, passamos de um dos vistos mais dif\u00edceis de obter para um dos mais f\u00e1ceis de adquirir, com [libera\u00e7\u00e3o de] vistos para mais de 50 pa\u00edses na chegada e assim por diante\u201d, continuou.<\/p>\n\n\n\n<p class=\"wp-block-paragraph\">Essas modifica\u00e7\u00f5es e maior abertura aos turistas receberam o apoio da maior parte da popula\u00e7\u00e3o saudita. \u201cNo final das contas, h\u00e1 uma movimenta\u00e7\u00e3o por causa disso. O povo quer isso. Se as pessoas n\u00e3o quisessem isso, n\u00e3o teria acontecido. Mas as pessoas querem isso. Elas est\u00e3o todas engajadas nas m\u00eddias sociais, acompanham o que outros pa\u00edses fazem\u201d, revelou Al-Faisal.<\/p>\n\n\n\n<figure class=\"wp-block-image size-large\"><img decoding=\"async\" src=\"https:\/\/www.grandepremio.com\/br\/wp-content\/uploads\/2022\/03\/SI202203270395_hires_jpeg_24bit_rgb_news-1024x683.jpg\" alt=\"\" class=\"wp-image-553199\"\/><figcaption>Reinado saudita passa por mudan\u00e7as para garantir melhor seguran\u00e7a e recep\u00e7\u00e3o aos f\u00e3s (Foto: Red Bull Content Pool)<\/figcaption><\/figure>\n\n\n\n<p class=\"wp-block-paragraph\">No entanto, o pr\u00edncipe reconheceu que o processo de mudan\u00e7a cultural em compara\u00e7\u00e3o com as outras na\u00e7\u00f5es ainda \u00e9 lento, por conta da resist\u00eancia de alguns membros do reinado.<\/p>\n\n\n\n<p class=\"wp-block-paragraph\">\u201cSomos uma na\u00e7\u00e3o jovem. Estamos aprendendo, avan\u00e7ando e temos muito a desenvolver, muito a prosperar e consertar. Todas essas coisas s\u00e3o parte da mudan\u00e7a. Algumas delas podemos mud\u00e1-las muito rapidamente. Algumas levam tempo. Mas estamos aqui para ouvir, conversar e discutir\u201d, declarou.<\/p>\n\n\n\n<p class=\"wp-block-paragraph\">Utilizando o automobilismo como ferramenta, o pr\u00edncipe Abdulaziz desejou que mais pessoas possam ter a oportunidade de conhecer e entender a cultura saudita, principalmente neste momento de transforma\u00e7\u00f5es no regime. \u201cNingu\u00e9m entende o que \u00e9 a Ar\u00e1bia Saudita. Estamos dizendo para o mundo vir e entender o que \u00e9 a Ar\u00e1bia Saudita, mas agora estamos sendo acusados \u200b\u200bde sermos muito abertos. Estamos fazendo as coisas muito rapidamente\u201d, salientou.<\/p>\n\n\n\n<p class=\"wp-block-paragraph\">Com a possibilidade de mais mudan\u00e7as no futuro e maior n\u00famero de turistas durante a realiza\u00e7\u00e3o das provas na F1 e F\u00f3rmula E, o pr\u00edncipe Abdulaziz revelou que tem como objetivo tornar o pa\u00eds um ambiente mais acolhedor ao povo saudita e tamb\u00e9m aos visitantes de todos os cantos do mundo. &#8220;Tenho certeza de que muitos pol\u00edticos visitaram o reino nas \u00faltimas semanas e discutiram todas essas quest\u00f5es. Portanto, estamos aqui para seguir em frente e tornar a Ar\u00e1bia Saudita um lugar melhor para viver no futuro\u201d, concluiu.<\/p>\n\n\n\n<p class=\"wp-block-paragraph\"><strong>LEIA TAMB\u00c9M<\/strong><br><strong><a href=\"https:\/\/www.grandepremio.com\/br\/f1\/noticias\/formula-1-las-vegas-calendario-2023-terceira-corrida-eua-sabado-noite\/\" target=\"_blank\" rel=\"noreferrer noopener\">+F\u00f3rmula 1 anuncia Las Vegas no calend\u00e1rio de 2023 com corrida na noite de s\u00e1bado<\/a><\/strong><br><strong><a href=\"https:\/\/www.grandepremio.com\/br\/f1\/noticias\/sebastian-vettel-recupera-covid-19-volta-aston-martin-australia-formula-1\/\" target=\"_blank\" rel=\"noreferrer noopener\">+Vettel se recupera da Covid-19 e volta \u00e0 Aston Martin no GP da Austr\u00e1lia de F\u00f3rmula 1<\/a><\/strong><\/p>\n\n\n\n<figure class=\"wp-block-embed is-type-video is-provider-youtube wp-block-embed-youtube wp-embed-aspect-16-9 wp-has-aspect-ratio\"><div class=\"wp-block-embed__wrapper\">\n<iframe loading=\"lazy\" title=\"DUELO VERSTAPPEN-LECLERC NA F\u00d3RMULA 1 2O22 \u00c9 LINDO, MAS SE CONTINUAR O PAU VAI COMER\" width=\"500\" height=\"281\" src=\"https:\/\/www.youtube.com\/embed\/zdMzNG5hhaM?start=2&amp;feature=oembed\" frameborder=\"0\" allow=\"accelerometer; autoplay; clipboard-write; encrypted-media; gyroscope; picture-in-picture; web-share\" referrerpolicy=\"strict-origin-when-cross-origin\" allowfullscreen><\/iframe>\n<\/div><figcaption>DUELO VERSTAPPEN-LECLERC NA F\u00d3RMULA 1 2O22 \u00c9 LINDO, MAS SE CONTINUAR O PAU VAI COMER<\/figcaption><\/figure>\n","protected":false},"excerpt":{"rendered":"<p>Segundo o pr\u00edncipe e ministro do esporte, Abdulaziz Bin Turki Al-Faisal, a Ar\u00e1bia Saudita passa por uma grande mudan\u00e7a cultural no autorit\u00e1rio regime<\/p>\n","protected":false},"author":0,"featured_media":1000552817,"comment_status":"closed","ping_status":"closed","sticky":false,"template":"","format":"standard","meta":{"42wp_featured_image_caption":"","42wp_featured_image_credits":"","42wp_featured_video":"","42wp_featured_image_hidden":false,"42wp_authors_list":[],"footnotes":""},"categories":[2],"tags":[103,24837,26841,26266,28285,30400],"42wp_author":[47145],"class_list":["post-113533","post","type-post","status-publish","format-standard","has-post-thumbnail","hentry","category-f1","tag-fia","tag-formula-1-2","tag-formula-1-2022","tag-gp-da-arabia-saudita","tag-grandepremio","tag-temporada-formula-1-2022","42wp_author-alessandro-pinheiro"],"_links":{"self":[{"href":"https:\/\/grandepremio.com\/br\/wp-json\/wp\/v2\/posts\/113533","targetHints":{"allow":["GET"]}}],"collection":[{"href":"https:\/\/grandepremio.com\/br\/wp-json\/wp\/v2\/posts"}],"about":[{"href":"https:\/\/grandepremio.com\/br\/wp-json\/wp\/v2\/types\/post"}],"replies":[{"embeddable":true,"href":"https:\/\/grandepremio.com\/br\/wp-json\/wp\/v2\/comments?post=113533"}],"version-history":[{"count":0,"href":"https:\/\/grandepremio.com\/br\/wp-json\/wp\/v2\/posts\/113533\/revisions"}],"wp:featuredmedia":[{"embeddable":true,"href":"https:\/\/grandepremio.com\/br\/wp-json\/wp\/v2\/media\/1000552817"}],"wp:attachment":[{"href":"https:\/\/grandepremio.com\/br\/wp-json\/wp\/v2\/media?parent=113533"}],"wp:term":[{"taxonomy":"category","embeddable":true,"href":"https:\/\/grandepremio.com\/br\/wp-json\/wp\/v2\/categories?post=113533"},{"taxonomy":"post_tag","embeddable":true,"href":"https:\/\/grandepremio.com\/br\/wp-json\/wp\/v2\/tags?post=113533"},{"taxonomy":"42wp_author","embeddable":true,"href":"https:\/\/grandepremio.com\/br\/wp-json\/wp\/v2\/42wp_author?post=113533"}],"curies":[{"name":"wp","href":"https:\/\/api.w.org\/{rel}","templated":true}]}}