{"id":113536,"date":"2022-03-31T09:43:03","date_gmt":"2022-03-31T12:43:03","guid":{"rendered":"https:\/\/grandepremio.com\/br\/noticias\/carlos-sainz-melhor-adaptado-carro-ferrari-apos-gp-jeda\/"},"modified":"2022-03-31T10:04:13","modified_gmt":"2022-03-31T13:04:13","slug":"carlos-sainz-melhor-adaptado-carro-ferrari-apos-gp-jeda","status":"publish","type":"post","link":"https:\/\/grandepremio.com\/br\/f1\/carlos-sainz-melhor-adaptado-carro-ferrari-apos-gp-jeda\/","title":{"rendered":"Sainz se v\u00ea melhor adaptado ao carro da Ferrari ap\u00f3s GP em Jed\u00e1: \u201cNa dire\u00e7\u00e3o certa\u201d"},"content":{"rendered":"\n<figure class=\"wp-block-embed is-type-video is-provider-youtube wp-block-embed-youtube wp-embed-aspect-16-9 wp-has-aspect-ratio\"><div class=\"wp-block-embed__wrapper\">\n<iframe loading=\"lazy\" title=\"NADA SOBRE O GP DA AR\u00c1BIA SAUDITA \u00c9 BOM. O QUE ISSO DIZ SOBRE A F\u00d3RMULA 1? | TT GP #46\" width=\"500\" height=\"281\" src=\"https:\/\/www.youtube.com\/embed\/3KI0DiVbBvU?feature=oembed\" frameborder=\"0\" allow=\"accelerometer; autoplay; clipboard-write; encrypted-media; gyroscope; picture-in-picture; web-share\" referrerpolicy=\"strict-origin-when-cross-origin\" allowfullscreen><\/iframe>\n<\/div><figcaption>NADA SOBRE O GP DA AR\u00c1BIA SAUDITA \u00c9 BOM. O QUE ISSO DIZ SOBRE A F\u00d3RMULA 1? | TT GP #46<\/figcaption><\/figure>\n\n\n\n<p class=\"wp-block-paragraph\">Depois de quase conquistar a pole-position em Jed\u00e1, Carlos Sainz apresentou uma performance t\u00edmida na corrida e finalizou o GP da Ar\u00e1bia Saudita na terceira posi\u00e7\u00e3o. Por\u00e9m, mesmo distante da briga pela vit\u00f3ria com Max Verstappen e Charles Leclerc, o espanhol afirmou que se sentiu melhor adaptado ao carro da Ferrari em compara\u00e7\u00e3o com a estreia no Bahrein e acredita que logo estar\u00e1 mais pr\u00f3ximo de conquistar o primeiro triunfo na F\u00f3rmula 1.<\/p>\n\n\n\n<p class=\"wp-block-paragraph\">Logo em seu primeiro ano na escuderia italiana, Sainz fez o dever de casa ao superar Leclerc na disputa interna. O hist\u00f3rico recente posicionou o piloto de 27 anos entre os favoritos ao t\u00edtulo, ap\u00f3s a Ferrari desenvolver um carro competitivo nos testes de pr\u00e9-temporada em Barcelona e Sakhir.<\/p>\n\n\n\n<p class=\"wp-block-paragraph\">Mas Sainz ainda n\u00e3o conseguiu andar no mesmo ritmo de Leclerc e Verstappen neste in\u00edcio de temporada e, apesar de completar a dobradinha da equipe com o segundo lugar no GP do Bahrein, foi um mero espectador da ferrenha batalha de vit\u00f3ria protagonizada pelo companheiro de equipe e o atual campe\u00e3o do mundo no circuito barenita. O mesmo aconteceu na corrida da Ar\u00e1bia Saudita, quando cruzou a linha de chegada com pouco mais de 8s de desvantagem para os carros #1 da Red Bull e #16 da Ferrari.<\/p>\n\n\n\n<p class=\"wp-block-paragraph\"><strong>\u25b6\ufe0f Inscreva-se nos dois canais do GRANDE PR\u00caMIO no YouTube:&nbsp;<a href=\"https:\/\/www.youtube.com\/channel\/UC9OlHEgxoaY6QY6nWPoiqQg?sub_confirmation=1\">GP<\/a>&nbsp;|&nbsp;<a href=\"https:\/\/www.youtube.com\/channel\/UC9csiS6q_C3C0FYhyr1rnFA?sub_confirmation=1\">GP2<\/a><\/strong><\/p>\n\n\n\n<figure class=\"wp-block-image size-large\"><img decoding=\"async\" src=\"https:\/\/www.grandepremio.com\/br\/wp-content\/uploads\/2022\/03\/ferrari-carlossainz-02-7-1024x683.jpg\" alt=\"\" class=\"wp-image-552879\"\/><figcaption>Carlos Sainz terminou o GP da Ar\u00e1bia Saudita na terceira posi\u00e7\u00e3o (Foto: Ferrari)<\/figcaption><\/figure>\n\n\n\n<p class=\"wp-block-paragraph\">Logo, mesmo na segunda coloca\u00e7\u00e3o no Campeonato de Pilotos, o desempenho nas duas primeiras provas da temporada 2022 posiciona o piloto como a terceira for\u00e7a na disputa pelo t\u00edtulo.<\/p>\n\n\n\n<p class=\"wp-block-paragraph\">Mesmo ainda distante de Leclerc e Verstappen, Sainz v\u00ea a performance em Jed\u00e1 como positiva e cr\u00ea que houve um avan\u00e7o na busca pela adapta\u00e7\u00e3o com a F1-75. \u201cFiquei mais feliz do que no Bahrein, definitivamente. Houve um pouco de melhora do meu lado da garagem com a sensa\u00e7\u00e3o do carro\u201d, revelou em entrevista coletiva ap\u00f3s a segunda etapa da temporada.<\/p>\n\n\n\n<p class=\"wp-block-paragraph\">Com uma abordagem mais adequada ao novo carro da Ferrari, Sainz j\u00e1 definiu alguns aspectos que precisa melhorar para se aproximar da disputa pela vit\u00f3ria. \u201cTer a oportunidade de voltar nessa pista, apenas 100 dias depois de estarmos aqui com o carro do ano passado, me deu uma vis\u00e3o muito mais clara do tipo de curvas [de evolu\u00e7\u00e3o] que ainda me faltam com este carro\u201d, apontou.<\/p>\n\n\n\n<p class=\"wp-block-paragraph\">\u201cEst\u00e1 bem claro para mim agora. Isso me deu uma grande oportunidade de entender completamente a magnitude do quanto preciso me adaptar e o quanto preciso deixar o carro um pouco mais ao meu estilo. Senti que foi dado um pequeno passo na dire\u00e7\u00e3o certa\u201d, acrescentou.<\/p>\n\n\n\n<p class=\"wp-block-paragraph\">Ao entender onde precisa melhorar para se aproximar de Leclerc e Verstappen, o piloto espanhol exaltou a necessidade de continuar somando o m\u00e1ximo poss\u00edvel de pontos antes de criar uma maior sintonia com a F1-75. \u201cEmbora eu ainda n\u00e3o esteja 100% com o carro, continuar trazendo os pontos e os p\u00f3dios \u00e9 importante at\u00e9 eu chegar a 100%, que \u00e9 quando ser\u00e1 hora de me aproximar aos caras que est\u00e3o no topo\u201d.<\/p>\n\n\n\n<p class=\"wp-block-paragraph\">No GP da Austr\u00e1lia, que acontece no pr\u00f3ximo dia 10 de mar\u00e7o, Sainz ter\u00e1 mais uma chance de ficar mais pr\u00f3ximo de Leclerc e Verstappen e, caso isso aconte\u00e7a, aumentar as chances de conquistar a sua primeira vit\u00f3ria na F1.<\/p>\n\n\n\n<p class=\"wp-block-paragraph\"><strong>LEIA TAMB\u00c9M<\/strong><br><strong><a href=\"https:\/\/www.grandepremio.com\/br\/f1\/noticias\/sebastian-vettel-recupera-covid-19-volta-aston-martin-australia-formula-1\/\" target=\"_blank\" rel=\"noreferrer noopener\">+Vettel se recupera da Covid-19 e volta \u00e0 Aston Martin no GP da Austr\u00e1lia de F\u00f3rmula 1<\/a><\/strong><br><strong><a href=\"https:\/\/www.grandepremio.com\/br\/f1\/noticias\/formula-1-las-vegas-calendario-2023-terceira-corrida-eua-sabado-noite\/\" target=\"_blank\" rel=\"noreferrer noopener\">+F\u00f3rmula 1 anuncia Las Vegas no calend\u00e1rio de 2023 com corrida na noite de s\u00e1bado<\/a><\/strong><\/p>\n\n\n\n<figure class=\"wp-block-embed is-type-video is-provider-youtube wp-block-embed-youtube wp-embed-aspect-16-9 wp-has-aspect-ratio\"><div class=\"wp-block-embed__wrapper\">\n<iframe loading=\"lazy\" title=\"DUELO VERSTAPPEN-LECLERC NA F\u00d3RMULA 1 2O22 \u00c9 LINDO, MAS SE CONTINUAR O PAU VAI COMER\" width=\"500\" height=\"281\" src=\"https:\/\/www.youtube.com\/embed\/zdMzNG5hhaM?feature=oembed\" frameborder=\"0\" allow=\"accelerometer; autoplay; clipboard-write; encrypted-media; gyroscope; picture-in-picture; web-share\" referrerpolicy=\"strict-origin-when-cross-origin\" allowfullscreen><\/iframe>\n<\/div><figcaption>DUELO VERSTAPPEN-LECLERC NA F\u00d3RMULA 1 2O22 \u00c9 LINDO, MAS SE CONTINUAR O PAU VAI COMER<\/figcaption><\/figure>\n","protected":false},"excerpt":{"rendered":"<p>Sainz afirmou que est\u00e1 mais confort\u00e1vel na F1-75 e identificou o que precisa melhorar para se aproximar dos rivais na busca pela primeira vit\u00f3ria na F1 <\/p>\n","protected":false},"author":0,"featured_media":1000554002,"comment_status":"closed","ping_status":"closed","sticky":false,"template":"","format":"standard","meta":{"42wp_featured_image_caption":"","42wp_featured_image_credits":"","42wp_featured_video":"","42wp_featured_image_hidden":false,"42wp_authors_list":[],"footnotes":""},"categories":[2],"tags":[546,209,207,24837,26841,28285,203,204,30509],"42wp_author":[47145],"class_list":["post-113536","post","type-post","status-publish","format-standard","has-post-thumbnail","hentry","category-f1","tag-carlos-sainz","tag-charles-leclerc","tag-ferrari","tag-formula-1-2","tag-formula-1-2022","tag-grandepremio","tag-max-verstappen","tag-red-bull","tag-temporada-2022-formula-1","42wp_author-alessandro-pinheiro"],"_links":{"self":[{"href":"https:\/\/grandepremio.com\/br\/wp-json\/wp\/v2\/posts\/113536","targetHints":{"allow":["GET"]}}],"collection":[{"href":"https:\/\/grandepremio.com\/br\/wp-json\/wp\/v2\/posts"}],"about":[{"href":"https:\/\/grandepremio.com\/br\/wp-json\/wp\/v2\/types\/post"}],"replies":[{"embeddable":true,"href":"https:\/\/grandepremio.com\/br\/wp-json\/wp\/v2\/comments?post=113536"}],"version-history":[{"count":0,"href":"https:\/\/grandepremio.com\/br\/wp-json\/wp\/v2\/posts\/113536\/revisions"}],"wp:featuredmedia":[{"embeddable":true,"href":"https:\/\/grandepremio.com\/br\/wp-json\/wp\/v2\/media\/1000554002"}],"wp:attachment":[{"href":"https:\/\/grandepremio.com\/br\/wp-json\/wp\/v2\/media?parent=113536"}],"wp:term":[{"taxonomy":"category","embeddable":true,"href":"https:\/\/grandepremio.com\/br\/wp-json\/wp\/v2\/categories?post=113536"},{"taxonomy":"post_tag","embeddable":true,"href":"https:\/\/grandepremio.com\/br\/wp-json\/wp\/v2\/tags?post=113536"},{"taxonomy":"42wp_author","embeddable":true,"href":"https:\/\/grandepremio.com\/br\/wp-json\/wp\/v2\/42wp_author?post=113536"}],"curies":[{"name":"wp","href":"https:\/\/api.w.org\/{rel}","templated":true}]}}