{"id":113538,"date":"2022-03-31T06:45:16","date_gmt":"2022-03-31T09:45:16","guid":{"rendered":"https:\/\/grandepremio.com\/br\/noticias\/sebastian-vettel-recupera-covid-19-volta-aston-martin-australia-formula-1\/"},"modified":"2022-03-31T07:51:31","modified_gmt":"2022-03-31T10:51:31","slug":"sebastian-vettel-recupera-covid-19-volta-aston-martin-australia-formula-1","status":"publish","type":"post","link":"https:\/\/grandepremio.com\/br\/f1\/sebastian-vettel-recupera-covid-19-volta-aston-martin-australia-formula-1\/","title":{"rendered":"Vettel se recupera da Covid-19 e volta \u00e0 Aston Martin no GP da Austr\u00e1lia de F\u00f3rmula 1"},"content":{"rendered":"\n<figure class=\"wp-block-embed is-type-video is-provider-youtube wp-block-embed-youtube wp-embed-aspect-16-9 wp-has-aspect-ratio\"><div class=\"wp-block-embed__wrapper\">\n<iframe loading=\"lazy\" title=\"POR QUE DRUGOVICH \u00c9 CANDIDATO REAL AO T\u00cdTULO DA F\u00d3RMULA 2?\" width=\"500\" height=\"281\" src=\"https:\/\/www.youtube.com\/embed\/nQcZehBcdU4?feature=oembed\" frameborder=\"0\" allow=\"accelerometer; autoplay; clipboard-write; encrypted-media; gyroscope; picture-in-picture; web-share\" referrerpolicy=\"strict-origin-when-cross-origin\" allowfullscreen><\/iframe>\n<\/div><figcaption>POR QUE DRUGOVICH \u00c9 CANDIDATO REAL AO T\u00cdTULO DA F\u00d3RMULA 2?<\/figcaption><\/figure>\n\n\n\n<p class=\"wp-block-paragraph\">Sebastian Vettel est\u00e1 recuperado da Covid-19. A Aston Martin anunciou nesta quinta-feira (31) que o tetracampe\u00e3o da F\u00f3rmula 1 poder\u00e1 reassumir o cockpit no GP da Austr\u00e1lia, agendado para 10 de abril.<\/p>\n\n\n\n<p class=\"wp-block-paragraph\">Em um comunicado feito nas redes sociais, a equipe confirmou que Vettel reassumir\u00e1 a posi\u00e7\u00e3o ao lado de Lance Stroll em Melbourne ap\u00f3s ser substitu\u00eddo por Nico H\u00fclkenberg nos GPs do Bahrein e da Ar\u00e1bia Saudita.<\/p>\n\n\n\n<p class=\"wp-block-paragraph\"><strong>LEIA TAMB\u00c9M<\/strong><br># <strong><a href=\"https:\/\/www.grandepremio.com\/br\/f1\/noticias\/formula-1-las-vegas-calendario-2023-terceira-corrida-eua-sabado-noite\/\">F\u00f3rmula 1 anuncia Las Vegas no calend\u00e1rio de 2023 com corrida na noite de s\u00e1bado<\/a><\/strong><\/p>\n\n\n\n<figure class=\"wp-block-image size-large\"><img decoding=\"async\" src=\"https:\/\/www.grandepremio.com\/br\/wp-content\/uploads\/2022\/03\/Vettel-Testes-Bahrein-1024x683.jpg\" alt=\"\" class=\"wp-image-548655\"\/><figcaption>Sebastian Vettel vai retornar \u00e0 F\u00f3rmula 1 na Austr\u00e1lia ap\u00f3s se recuperar da Covid-19 (Foto: AFP)<\/figcaption><\/figure>\n\n\n\n<p class=\"wp-block-paragraph\"><strong>\u25b6\ufe0f&nbsp;Inscreva-se nos dois canais do GRANDE PR\u00caMIO no YouTube:&nbsp;<a href=\"https:\/\/www.youtube.com\/channel\/UC9OlHEgxoaY6QY6nWPoiqQg?sub_confirmation=1\" target=\"_blank\" rel=\"noreferrer noopener\">GP<\/a>&nbsp;|&nbsp;<a href=\"https:\/\/www.youtube.com\/channel\/UC9csiS6q_C3C0FYhyr1rnFA?sub_confirmation=1\" target=\"_blank\" rel=\"noreferrer noopener\">GP2<\/a><\/strong><\/p>\n\n\n\n<p class=\"wp-block-paragraph\">\u201cEstamos felizes em confirmar que Sebastian Vettel agora est\u00e1 apto para correr e, portanto, estar\u00e1 ao lado de Lance Stroll em Melbourne para iniciar a temporada 2022 dele na F\u00f3rmula 1 no GP da Austr\u00e1lia\u201d, anunciou a equipe.<\/p>\n\n\n\n<p class=\"wp-block-paragraph\">Vettel testou positivo para o novo coronav\u00edrus dias antes da corrida em Sakhir e precisou ser substitu\u00eddo por H\u00fclkenberg. Antes da corrida em Jed\u00e1, por\u00e9m, o alem\u00e3o n\u00e3o conseguiu um teste negativo e, assim, precisou seguir afastado.<\/p>\n\n\n\n<p class=\"wp-block-paragraph\">A Aston Martin teve um in\u00edcio dif\u00edcil de temporada e ainda n\u00e3o conseguiu pontuar em 2022. Apenas o time de Lawrence Stroll e a Williams est\u00e3o zerados no placar do Mundial de Construtores.<\/p>\n\n\n\n<figure class=\"wp-block-embed is-type-video is-provider-youtube wp-block-embed-youtube wp-embed-aspect-16-9 wp-has-aspect-ratio\"><div class=\"wp-block-embed__wrapper\">\n<iframe loading=\"lazy\" title=\"NADA SOBRE O GP DA AR\u00c1BIA SAUDITA \u00c9 BOM. O QUE ISSO DIZ SOBRE A F\u00d3RMULA 1? | TT GP #46\" width=\"500\" height=\"281\" src=\"https:\/\/www.youtube.com\/embed\/3KI0DiVbBvU?feature=oembed\" frameborder=\"0\" allow=\"accelerometer; autoplay; clipboard-write; encrypted-media; gyroscope; picture-in-picture; web-share\" referrerpolicy=\"strict-origin-when-cross-origin\" allowfullscreen><\/iframe>\n<\/div><figcaption>NADA SOBRE O GP DA AR\u00c1BIA SAUDITA \u00c9 BOM. O QUE ISSO DIZ SOBRE A F\u00d3RMULA 1? | TT GP #46<\/figcaption><\/figure>\n","protected":false},"excerpt":{"rendered":"<p>A Aston Martin anunciou nesta quinta-feira (31) que o tetracampe\u00e3o est\u00e1 recuperado da infec\u00e7\u00e3o e, assim, poder\u00e1 reassumir o cockpit em Melbourne. Alem\u00e3o perdeu os GPs do Bahrein e da Ar\u00e1bia Saudita<\/p>\n","protected":false},"author":0,"featured_media":1000547992,"comment_status":"closed","ping_status":"closed","sticky":false,"template":"","format":"standard","meta":{"42wp_featured_image_caption":"","42wp_featured_image_credits":"","42wp_featured_video":"","42wp_featured_image_hidden":false,"42wp_authors_list":[],"footnotes":""},"categories":[2],"tags":[309,29394,147,1357,24837,26841,30732,210],"42wp_author":[47113],"class_list":["post-113538","post","type-post","status-publish","format-standard","has-post-thumbnail","hentry","category-f1","tag-aston-martin","tag-calendario-formula-1-2022","tag-f1","tag-f1-2022","tag-formula-1-2","tag-formula-1-2022","tag-formula-1-classificacao-2022","tag-sebastian-vettel","42wp_author-juliana-tesser"],"_links":{"self":[{"href":"https:\/\/grandepremio.com\/br\/wp-json\/wp\/v2\/posts\/113538","targetHints":{"allow":["GET"]}}],"collection":[{"href":"https:\/\/grandepremio.com\/br\/wp-json\/wp\/v2\/posts"}],"about":[{"href":"https:\/\/grandepremio.com\/br\/wp-json\/wp\/v2\/types\/post"}],"replies":[{"embeddable":true,"href":"https:\/\/grandepremio.com\/br\/wp-json\/wp\/v2\/comments?post=113538"}],"version-history":[{"count":0,"href":"https:\/\/grandepremio.com\/br\/wp-json\/wp\/v2\/posts\/113538\/revisions"}],"wp:featuredmedia":[{"embeddable":true,"href":"https:\/\/grandepremio.com\/br\/wp-json\/wp\/v2\/media\/1000547992"}],"wp:attachment":[{"href":"https:\/\/grandepremio.com\/br\/wp-json\/wp\/v2\/media?parent=113538"}],"wp:term":[{"taxonomy":"category","embeddable":true,"href":"https:\/\/grandepremio.com\/br\/wp-json\/wp\/v2\/categories?post=113538"},{"taxonomy":"post_tag","embeddable":true,"href":"https:\/\/grandepremio.com\/br\/wp-json\/wp\/v2\/tags?post=113538"},{"taxonomy":"42wp_author","embeddable":true,"href":"https:\/\/grandepremio.com\/br\/wp-json\/wp\/v2\/42wp_author?post=113538"}],"curies":[{"name":"wp","href":"https:\/\/api.w.org\/{rel}","templated":true}]}}