{"id":113545,"date":"2022-03-31T04:15:00","date_gmt":"2022-03-31T07:15:00","guid":{"rendered":"https:\/\/grandepremio.com\/br\/noticias\/michael-schumacher-segura-irmao-ralf-schumacher-vence-gp-do-brasil-pele-perde-bandeirada\/"},"modified":"2022-03-30T02:07:32","modified_gmt":"2022-03-30T05:07:32","slug":"michael-schumacher-segura-irmao-ralf-schumacher-vence-gp-do-brasil-pele-perde-bandeirada","status":"publish","type":"post","link":"https:\/\/grandepremio.com\/br\/f1\/michael-schumacher-segura-irmao-ralf-schumacher-vence-gp-do-brasil-pele-perde-bandeirada\/","title":{"rendered":"Na Garagem: Schumacher segura irm\u00e3o Ralf e vence no Brasil. E Pel\u00e9 perde bandeirada"},"content":{"rendered":"\n<figure class=\"wp-block-embed is-type-video is-provider-youtube wp-block-embed-youtube wp-embed-aspect-16-9 wp-has-aspect-ratio\"><div class=\"wp-block-embed__wrapper\">\n<iframe loading=\"lazy\" title=\"F\u00d3RMULA 1 PASSA VERGONHA NA AR\u00c1BIA + RED BULL X FERRARI \u00c9 DISPUTA DE 2022 | Paddock GP #280\" width=\"500\" height=\"281\" src=\"https:\/\/www.youtube.com\/embed\/wtLkHmNOSZk?feature=oembed\" frameborder=\"0\" allow=\"accelerometer; autoplay; clipboard-write; encrypted-media; gyroscope; picture-in-picture; web-share\" referrerpolicy=\"strict-origin-when-cross-origin\" allowfullscreen><\/iframe>\n<\/div><\/figure>\n\n\n\n<p class=\"wp-block-paragraph\">&#8220;Olha a\u00ed o Pel\u00e9 pra dar a bandeirada! Vai passar, Pel\u00e9! Olha l\u00e1 que ele vai passar! Passaram t\u00e3o r\u00e1pido que o Pel\u00e9 n\u00e3o viu!&#8221;, descreveu Galv\u00e3o Bueno na transmiss\u00e3o da TV Globo em um momento que voc\u00ea, leitor do <strong>GRANDE PR\u00caMIO<\/strong>, certamente j\u00e1 sabe qual foi.<\/p>\n\n\n\n<p class=\"wp-block-paragraph\">O dia era 31 de mar\u00e7o de 2002, GP do Brasil, em Interlagos, precisamente 20 anos atr\u00e1s. Em uma F\u00f3rmula 1 que come\u00e7ava com promessa <a href=\"https:\/\/www.grandepremio.com\/br\/f1\/noticias\/duelo-max-verstappen-charles-leclerc-formula-1-2022-lindo-continuar-pau-vai-comer\/\">at\u00e9 de equil\u00edbrio entre Ferrari <\/a>e Williams, a pista paulistana recebia a terceira etapa do campeonato, que mais para frente mostraria que de parelho n\u00e3o teve nada.<\/p>\n\n\n\n<p class=\"wp-block-paragraph\">A corrida em si n\u00e3o foi das mais maravilhosas ou marcantes tecnicamente em Interlagos, assim como a temporada, que foi controlada pela Ferrari e por Michael Schumacher. N\u00e3o de gra\u00e7a, o alem\u00e3o se sagrou campe\u00e3o depois de apenas 11 das 17 etapas.<\/p>\n\n\n\n<figure class=\"wp-block-image size-large\"><img decoding=\"async\" src=\"https:\/\/www.grandepremio.com\/br\/wp-content\/uploads\/2022\/03\/DZpGzVUWkAMHo1--1024x668.jpg\" alt=\"\" class=\"wp-image-553752\"\/><figcaption>Juan Pablo Montoya saiu na pole, mas pouco ficou por l\u00e1 (Foto: Reprodu\u00e7\u00e3o)<\/figcaption><\/figure>\n\n\n\n<p class=\"wp-block-paragraph\">No GP do Brasil, o fim de semana come\u00e7ava com empolga\u00e7\u00e3o de boa parte do p\u00fablico brasileiro. Mas n\u00e3o era com Rubens Barrichello, que largaria apenas em oitavo, era com Juan Pablo Montoya. Cada vez mais querido pelo torcedor local, o colombiano deu show na classifica\u00e7\u00e3o, virou 1min13s114 e bateu Schumacher para ficar com a pole.<\/p>\n\n\n\n<p class=\"wp-block-paragraph\">No domingo, as esperan\u00e7as de Montoya duraram pouco. Em um toque com o pr\u00f3prio Schumacher, o colombiano perdeu a asa dianteira e teve a corrida completamente comprometida. Dali para frente, Michael passou a controlar a prova, mas quase perdeu no fim, tomando um calor consider\u00e1vel do irm\u00e3o mais novo, Ralf, companheiro de Montoya na Williams. Deu o mais velho, da Ferrari, por s\u00f3 0s588.<\/p>\n\n\n\n<p class=\"wp-block-paragraph\">No fim, o que importava era que Michael havia vencido, ainda que tenha recebido uma press\u00e3o consider\u00e1vel de Ralf, que j\u00e1 tinha triunfo em 2002, na Mal\u00e1sia. David Coulthard foi quem fechou o p\u00f3dio, de McLaren. E a briga at\u00e9 foi boa, mas acabou completamente em segundo plano. Tudo isso por causa da hora da bandeirada e, claro, por quem estava encarregado de dar o comando final da prova.<\/p>\n\n\n\n<figure class=\"wp-block-image size-large\"><img decoding=\"async\" src=\"https:\/\/www.grandepremio.com\/br\/wp-content\/uploads\/2022\/03\/DZpG0dqX0AAtE4e-1024x668.jpg\" alt=\"\" class=\"wp-image-553754\"\/><figcaption>Michael Schumacher venceu o irm\u00e3o, Ralf (Foto: Reprodu\u00e7\u00e3o)<\/figcaption><\/figure>\n\n\n\n<p class=\"wp-block-paragraph\">Edson Arantes do Nascimento era quem estava l\u00e1 no alto da torre, preparado para sinalizar o fim da prova para os irm\u00e3os Schumacher. At\u00e9 a\u00ed, tudo bem, tudo perfeito, grandes celebridades sempre aparecem nas bandeiradas mundo afora. S\u00f3 que Pel\u00e9 acabou sendo tra\u00eddo pela velocidade da F1.<\/p>\n\n\n\n<p class=\"wp-block-paragraph\">&#8220;Olha ali que voc\u00ea v\u00ea que o diretor de pista me chamou para dar a not\u00edcia, porque ele estava com o r\u00e1dio dele ali. A\u00ed, quando eu voltei, o [Michael] Schumacher j\u00e1 tinha passado. Ele era muito r\u00e1pido&#8221;, comentou o Rei do Futebol \u00e0 TV Globo, resumindo da melhor forma poss\u00edvel o que aconteceu ali.<\/p>\n\n\n\n<figure class=\"wp-block-image size-large\"><img decoding=\"async\" src=\"https:\/\/www.grandepremio.com\/br\/wp-content\/uploads\/2022\/03\/9-Pele-GP-do-Brasil-2002-1024x576.jpg\" alt=\"\" class=\"wp-image-553755\"\/><figcaption>Pel\u00e9 foi cutucado justo na hora errada (Foto: Reprodu\u00e7\u00e3o)<\/figcaption><\/figure>\n\n\n\n<p class=\"wp-block-paragraph\">No fim das contas, foi justamente o relatado pelo Rei do Futebol. Pel\u00e9 estava pronto para dar a quadriculada, mas acabou sendo cutucado na pior hora poss\u00edvel. Quando se virou de costas, em fra\u00e7\u00e3o de segundos, perdeu os primeiros colocados. Virou meme hist\u00f3rico, ainda isso n\u00e3o fosse moda na \u00e9poca. Pel\u00e9 simplesmente deu a bandeirada para Takuma Sato, nono lugar na prova e retardat\u00e1rio de duas voltas de atraso. Uma cena hist\u00f3rica.<\/p>\n\n\n\n<p class=\"wp-block-paragraph\">Se o futebol eternizou a express\u00e3o &#8220;gol que Pel\u00e9 n\u00e3o fez&#8221; para os tentos marcados com chutes do meio de campo, a F1 pode dizer que ficou com a &#8220;bandeirada que Pel\u00e9 n\u00e3o deu&#8221;, no que foi talvez a participa\u00e7\u00e3o mais lembrada do craque no esporte a motor.<\/p>\n\n\n\n<p class=\"wp-block-paragraph\"><strong>\u25b6\ufe0f\u00a0Inscreva-se nos dois canais do GRANDE PR\u00caMIO no YouTube:\u00a0<a href=\"https:\/\/www.youtube.com\/channel\/UC9OlHEgxoaY6QY6nWPoiqQg?sub_confirmation=1\" target=\"_blank\" rel=\"noreferrer noopener\">GP<\/a>\u00a0|\u00a0<a href=\"https:\/\/www.youtube.com\/channel\/UC9csiS6q_C3C0FYhyr1rnFA?sub_confirmation=1\" target=\"_blank\" rel=\"noreferrer noopener\">GP2<\/a><\/strong><\/p>\n","protected":false},"excerpt":{"rendered":"<p>O GP do Brasil de 2002 teve uma boa disputa pela vit\u00f3ria, com Michael Schumacher suportando a press\u00e3o do irm\u00e3o, Ralf. Mas pouca gente lembra disso quando o assunto \u00e9 esse dia. Isso porque Pel\u00e9, o Rei do Futebol, perdeu a bandeirada<\/p>\n","protected":false},"author":0,"featured_media":1000553756,"comment_status":"closed","ping_status":"closed","sticky":false,"template":"","format":"standard","meta":{"42wp_featured_image_caption":"","42wp_featured_image_credits":"","42wp_featured_video":"","42wp_featured_image_hidden":false,"42wp_authors_list":[],"footnotes":""},"categories":[2],"tags":[147,207,24837,502,124,346,90,758,794,30960,2423,215],"42wp_author":[47117],"class_list":["post-113545","post","type-post","status-publish","format-standard","has-post-thumbnail","hentry","category-f1","tag-f1","tag-ferrari","tag-formula-1-2","tag-gp-do-brasil","tag-interlagos","tag-juan-pablo-montoya","tag-mclaren","tag-michael-schumacher","tag-na-garagem","tag-pele","tag-ralf-schumacher","tag-williams","42wp_author-gabriel-curty"],"_links":{"self":[{"href":"https:\/\/grandepremio.com\/br\/wp-json\/wp\/v2\/posts\/113545","targetHints":{"allow":["GET"]}}],"collection":[{"href":"https:\/\/grandepremio.com\/br\/wp-json\/wp\/v2\/posts"}],"about":[{"href":"https:\/\/grandepremio.com\/br\/wp-json\/wp\/v2\/types\/post"}],"replies":[{"embeddable":true,"href":"https:\/\/grandepremio.com\/br\/wp-json\/wp\/v2\/comments?post=113545"}],"version-history":[{"count":0,"href":"https:\/\/grandepremio.com\/br\/wp-json\/wp\/v2\/posts\/113545\/revisions"}],"wp:featuredmedia":[{"embeddable":true,"href":"https:\/\/grandepremio.com\/br\/wp-json\/wp\/v2\/media\/1000553756"}],"wp:attachment":[{"href":"https:\/\/grandepremio.com\/br\/wp-json\/wp\/v2\/media?parent=113545"}],"wp:term":[{"taxonomy":"category","embeddable":true,"href":"https:\/\/grandepremio.com\/br\/wp-json\/wp\/v2\/categories?post=113545"},{"taxonomy":"post_tag","embeddable":true,"href":"https:\/\/grandepremio.com\/br\/wp-json\/wp\/v2\/tags?post=113545"},{"taxonomy":"42wp_author","embeddable":true,"href":"https:\/\/grandepremio.com\/br\/wp-json\/wp\/v2\/42wp_author?post=113545"}],"curies":[{"name":"wp","href":"https:\/\/api.w.org\/{rel}","templated":true}]}}