{"id":113602,"date":"2022-03-28T10:30:19","date_gmt":"2022-03-28T13:30:19","guid":{"rendered":"https:\/\/grandepremio.com\/br\/noticias\/f1-ignora-iemen-defende-gp-saudita-ninguem-julgar-moralidade\/"},"modified":"2022-03-28T10:30:28","modified_gmt":"2022-03-28T13:30:28","slug":"f1-ignora-iemen-defende-gp-saudita-ninguem-julgar-moralidade","status":"publish","type":"post","link":"https:\/\/grandepremio.com\/br\/f1\/f1-ignora-iemen-defende-gp-saudita-ninguem-julgar-moralidade\/","title":{"rendered":"F1 ignora I\u00eamen e defende GP saudita: \u201cNingu\u00e9m pode julgar nossa moralidade\u201d"},"content":{"rendered":"\n<figure class=\"wp-block-embed is-type-video is-provider-youtube wp-block-embed-youtube wp-embed-aspect-16-9 wp-has-aspect-ratio\"><div class=\"wp-block-embed__wrapper\">\n<iframe loading=\"lazy\" title=\"F\u00d3RMULA 1 2022: TUDO SOBRE O GP DA AR\u00c1BIA SAUDITA DE F1 | Briefing\" width=\"500\" height=\"281\" src=\"https:\/\/www.youtube.com\/embed\/Y8byAY8CT5s?feature=oembed\" frameborder=\"0\" allow=\"accelerometer; autoplay; clipboard-write; encrypted-media; gyroscope; picture-in-picture; web-share\" referrerpolicy=\"strict-origin-when-cross-origin\" allowfullscreen><\/iframe>\n<\/div><\/figure>\n\n\n\n<p class=\"wp-block-paragraph\">Stefano Domenicali afirmou que a moralidade da F\u00f3rmula 1 n\u00e3o pode ser julgada mesmo com a decis\u00e3o de correr na Ar\u00e1bia Saudita. O dirigente defendeu a op\u00e7\u00e3o de disputar a corrida em Jed\u00e1 mesmo ap\u00f3s o ataque Houthi a m\u00edssil a poucos quil\u00f4metros da pista e insistiu que o campeonato pode ter um impacto positivo na cultura local.<\/p>\n\n\n\n<p class=\"wp-block-paragraph\">Na sexta-feira, ainda durante o TL1, uma refinaria da petrol\u00edfera estatal Aramco, localizada a 10 km do circuito, foi atingida por um m\u00edssil em um atentado reivindicado pelo grupo Houthi. Apesar de um atraso de 15 minutos no in\u00edcio do segundo treino livre, as atividades seguiram normalmente em Jed\u00e1.<\/p>\n\n\n\n<p class=\"wp-block-paragraph\"><strong>OPINI\u00c3O GP<\/strong><br>#\u00a0<strong><a href=\"https:\/\/www.grandepremio.com\/br\/f1\/calendario\" target=\"_blank\" rel=\"noreferrer noopener\">F1 2022<\/a><a href=\"https:\/\/www.grandepremio.com\/br\/f1\/noticias\/esteban-ocon-briga-justa-fernando-alonso-jeda-celebra-inicio-2022-muitos-pontos\/\">\u00a0est\u00e1 bem servida: Leclerc se mostra rival mais duro para Verstappen<\/a><\/strong><\/p>\n\n\n\n<figure class=\"wp-block-image size-large\"><img decoding=\"async\" src=\"https:\/\/www.grandepremio.com\/br\/wp-content\/uploads\/2022\/01\/SI202105220191_news-1024x683.jpg\" alt=\"MAX VERSTAPPEN; STEFANO DOMENICALI;\" class=\"wp-image-535288\"\/><figcaption>Stefano Domenicali defendeu o GP da Ar\u00e1bia Saudita (Foto: Mark Thompson\/Getty Images\/Red Bull Content Pool)<\/figcaption><\/figure>\n\n\n\n<p class=\"wp-block-paragraph\"><strong>\u25b6\ufe0f\u00a0Inscreva-se nos dois canais do GRANDE PR\u00caMIO no YouTube:\u00a0<a href=\"https:\/\/www.youtube.com\/channel\/UC9OlHEgxoaY6QY6nWPoiqQg?sub_confirmation=1\" target=\"_blank\" rel=\"noreferrer noopener\">GP<\/a>\u00a0|\u00a0<a href=\"https:\/\/www.youtube.com\/channel\/UC9csiS6q_C3C0FYhyr1rnFA?sub_confirmation=1\" target=\"_blank\" rel=\"noreferrer noopener\">GP2<\/a><\/strong><\/p>\n\n\n\n<p class=\"wp-block-paragraph\">No fim do dia, por\u00e9m, os pilotos se reuniram por horas, mas ap\u00f3s um entra e sai de dirigente, a op\u00e7\u00e3o foi por seguir adiante com a corrida, que terminou com uma vit\u00f3ria de Max Verstappen em cima de Charles Leclerc.<\/p>\n\n\n\n<p class=\"wp-block-paragraph\">Em meio a muitas cr\u00edticas de que priorizou o dinheiro saudita ao inv\u00e9s da seguran\u00e7a dos integrantes do paddock, o chef\u00e3o da F\u00f3rmula 1 ressaltou que a integridade de todos \u00e9 vital para o esporte e que o GP s\u00f3 seguiu adiante ap\u00f3s a garantia das autoridades locais.<\/p>\n\n\n\n<p class=\"wp-block-paragraph\">\u201cTemos de permanecer racionais, colocar as emo\u00e7\u00f5es de lado e reunir o m\u00e1ximo de informa\u00e7\u00f5es poss\u00edvel. Fizemos isso na sexta-feira\u201d, respondeu Domenicali ao ser questionado sobre as cr\u00edticas. \u201cNossa primeira prioridade \u00e9 a seguran\u00e7a das nossas pessoas. Quando recebemos a garantia das autoridades locais de que estava sob controle, informamos as equipes e os pilotos\u201d, seguiu.<\/p>\n\n\n\n<p class=\"wp-block-paragraph\">O chef\u00e3o da F1 tamb\u00e9m rejeitou as acusa\u00e7\u00f5es de hipocrisia e avaliou que n\u00e3o \u00e9 v\u00e1lido comprar a situa\u00e7\u00e3o da Ar\u00e1bia Saudita com a R\u00fassia, que provocou uma guerra com a Ucr\u00e2nia. Domenicali ignora, contudo, que o regime saudita tamb\u00e9m vive em guerra com o I\u00eamen, que, de acordo com a ONU (Organiza\u00e7\u00e3o das Na\u00e7\u00f5es Unidas), tem a pior situa\u00e7\u00e3o humanit\u00e1ria do mundo. Segundo a rede brit\u00e2nica BBC, o conflito j\u00e1 gerou mais de 233 mil mortes, incluindo 131 mil por causas indiretas, como falta de alimentos, servi\u00e7os de sa\u00fade e infraestrutura. Mais de 10 mil crian\u00e7as j\u00e1 morreram em consequ\u00eancia dos combates.<\/p>\n\n\n\n<p class=\"wp-block-paragraph\">Uma coaliz\u00e3o sunita liderada pela Ar\u00e1bia Saudita apoia as for\u00e7as do governo de Abd-Rabbu Mansour Hadi, presidente do I\u00eamen desde 2012. A mil\u00edcia rebelde Houthi, de xiitas, tem o apoio do Ir\u00e3. Nos \u00faltimos meses, o confronto ficou ainda mais violento. S\u00f3 no m\u00eas passado, foram registrados mais de 700 ataques a\u00e9reos. Os dois lados s\u00e3o acusados de crimes de guerra, mas negam.<\/p>\n\n\n\n<p class=\"wp-block-paragraph\">\u201cUm ataque terrorista significa que um pa\u00eds est\u00e1 em guerra?\u201d questionou Stefano. \u201cN\u00e3o somos cegos, mas n\u00e3o acho que este seja o ponto de vista correto. Honestamente, ningu\u00e9m pode julgar nossa moralidade. Onde est\u00e1 a linha, esta \u00e9 a quest\u00e3o\u201d, defendeu.<\/p>\n\n\n\n<p class=\"wp-block-paragraph\">Stefano acredita, ainda, que a presen\u00e7a da F\u00f3rmula 1 pode ajudar a Ar\u00e1bia Saudita a se modernizar culturalmente. A ditadura saudita \u00e9 um dos pa\u00edses mais fechados do mundo e constantemente acusada de violar direitos humanos.<\/p>\n\n\n\n<p class=\"wp-block-paragraph\">No in\u00edcio de mar\u00e7o, o alto comissariado da ONU para os Direitos Humanos condenou a \u201cexecu\u00e7\u00e3o em massa\u201d de 81 condenados na Ar\u00e1bia Saudita. \u201cEntre os executados em 12 de mar\u00e7o, 41 pertenciam \u00e0 minoria xiita e haviam participado de manifesta\u00e7\u00f5es contra o governo em 2011-2012 pedindo para participar mais do processo pol\u00edtico, outros sete eram iemitas e um s\u00edrio\u201d, disse Michelle Bachelet.<\/p>\n\n\n\n<p class=\"wp-block-paragraph\">\u201cNossa posi\u00e7\u00e3o \u00e9, e sempre ser\u00e1, que acreditamos que temos um impacto positivo na situa\u00e7\u00e3o pol\u00edtica como um todo. Mas n\u00e3o podemos mudar a cultura em um piscar de olhos\u201d, declarou. \u201cEnt\u00e3o, sim, enquanto claramente tem coisas que precisam melhorar, acho que desempenhamos um papel importante na moderniza\u00e7\u00e3o do pa\u00eds\u201d, defendeu.<\/p>\n\n\n\n<p class=\"wp-block-paragraph\">Questionado se agora existem d\u00favidas em rela\u00e7\u00e3o ao longo e lucrativo acordo entre a F\u00f3rmula 1 e a Ar\u00e1bia Saudita, Domenicali respondeu: \u201cD\u00favida n\u00e3o \u00e9 a palavra certa. Mas precisamos investigar e entender a situa\u00e7\u00e3o da melhor maneira que pudermos\u201d.<\/p>\n\n\n\n<p class=\"wp-block-paragraph\">Ainda, Stefano falou sobre a amea\u00e7a de boicote por parte dos pilotos e a alega\u00e7\u00e3o de que eles foram coagidos a correr em Jed\u00e1, j\u00e1 que alguns ve\u00edculos da imprensa internacional apontaram para questionamentos em rela\u00e7\u00e3o a facilidade com que eles teriam para deixar o pa\u00eds caso optassem por n\u00e3o disputar o GP.<\/p>\n\n\n\n<p class=\"wp-block-paragraph\">\u201cN\u00f3s discutimos tudo de uma maneira transparente e foi tomada a decis\u00e3o de correr\u201d, defendeu o dirigente.<\/p>\n\n\n\n<p class=\"wp-block-paragraph\">Chefe da Mercedes, Toto Wolff saiu em defesa de Domenicali e manifestou o desejo de, por exemplo, correr em Tel Aviv, a segunda maior cidade de Israel, uma regi\u00e3o que vive em conflito h\u00e1 muitos anos, tamb\u00e9m por causa da divis\u00e3o de Jerusal\u00e9m em duas partes: o lado oriental, palestino, e o lado ocidental, israelense.<\/p>\n\n\n\n<p class=\"wp-block-paragraph\">\u201cEu gosto de ir a Tel Aviv. Quando voc\u00ea fica l\u00e1 por muito tempo, voc\u00ea rapidamente se acostuma com situa\u00e7\u00f5es em que drones voam por todas as \u00e1reas \u2015 e isso acontece em todas as dire\u00e7\u00f5es\u201d, disse Wolff. \u201cNo melhor do meu conhecimento, faz muito tempo que n\u00e3o acontecem ataques \u00e0 Ar\u00e1bia Saudita que resultem na morte de civis, ent\u00e3o s\u00f3 precisamos entender que isso \u00e9 culturalmente muito diferente do que estamos acostumados em termos dos nossos valores culturais ocidentais\u201d, ponderou.<\/p>\n\n\n\n<p class=\"wp-block-paragraph\">\u201c\u00c9 aceit\u00e1vel para n\u00f3s correr a dez milhas de um ataque de m\u00edssil? Claro que n\u00e3o. Mas aqui, na cultura deles, isso acontece com frequ\u00eancia. Podemos mudar a situa\u00e7\u00e3o desse pa\u00eds para melhor? Ainda acho que sim\u201d, concluiu.<\/p>\n\n\n\n<figure class=\"wp-block-embed is-type-video is-provider-youtube wp-block-embed-youtube wp-embed-aspect-16-9 wp-has-aspect-ratio\"><div class=\"wp-block-embed__wrapper\">\n<iframe loading=\"lazy\" title=\"GAMEPLAY GP DA AR\u00c1BIA SAUDITA DE F\u00d3RMULA 1 | F1 2021 NO PS5 | GP Gameplay - Temporada 2022\" width=\"500\" height=\"281\" src=\"https:\/\/www.youtube.com\/embed\/EuR-GgdBJrg?feature=oembed\" frameborder=\"0\" allow=\"accelerometer; autoplay; clipboard-write; encrypted-media; gyroscope; picture-in-picture; web-share\" referrerpolicy=\"strict-origin-when-cross-origin\" allowfullscreen><\/iframe>\n<\/div><figcaption>GAMEPLAY GP DA AR\u00c1BIA SAUDITA DE F\u00d3RMULA 1 | F1 2021 NO PS5 | GP Gameplay \u2013 Temporada 2022<\/figcaption><\/figure>\n","protected":false},"excerpt":{"rendered":"<p>Stefano Domenicali avaliou que um atentado terrorista n\u00e3o significa que o pa\u00eds est\u00e1 em guerra e considerou que a F\u00f3rmula 1 pode ter um impacto positivo na cultura local<\/p>\n","protected":false},"author":0,"featured_media":1000552542,"comment_status":"closed","ping_status":"closed","sticky":false,"template":"","format":"standard","meta":{"42wp_featured_image_caption":"","42wp_featured_image_credits":"","42wp_featured_video":"","42wp_featured_image_hidden":false,"42wp_authors_list":[],"footnotes":""},"categories":[2],"tags":[29394,147,1357,24837,26841,30732],"42wp_author":[47113],"class_list":["post-113602","post","type-post","status-publish","format-standard","has-post-thumbnail","hentry","category-f1","tag-calendario-formula-1-2022","tag-f1","tag-f1-2022","tag-formula-1-2","tag-formula-1-2022","tag-formula-1-classificacao-2022","42wp_author-juliana-tesser"],"_links":{"self":[{"href":"https:\/\/grandepremio.com\/br\/wp-json\/wp\/v2\/posts\/113602","targetHints":{"allow":["GET"]}}],"collection":[{"href":"https:\/\/grandepremio.com\/br\/wp-json\/wp\/v2\/posts"}],"about":[{"href":"https:\/\/grandepremio.com\/br\/wp-json\/wp\/v2\/types\/post"}],"replies":[{"embeddable":true,"href":"https:\/\/grandepremio.com\/br\/wp-json\/wp\/v2\/comments?post=113602"}],"version-history":[{"count":0,"href":"https:\/\/grandepremio.com\/br\/wp-json\/wp\/v2\/posts\/113602\/revisions"}],"wp:featuredmedia":[{"embeddable":true,"href":"https:\/\/grandepremio.com\/br\/wp-json\/wp\/v2\/media\/1000552542"}],"wp:attachment":[{"href":"https:\/\/grandepremio.com\/br\/wp-json\/wp\/v2\/media?parent=113602"}],"wp:term":[{"taxonomy":"category","embeddable":true,"href":"https:\/\/grandepremio.com\/br\/wp-json\/wp\/v2\/categories?post=113602"},{"taxonomy":"post_tag","embeddable":true,"href":"https:\/\/grandepremio.com\/br\/wp-json\/wp\/v2\/tags?post=113602"},{"taxonomy":"42wp_author","embeddable":true,"href":"https:\/\/grandepremio.com\/br\/wp-json\/wp\/v2\/42wp_author?post=113602"}],"curies":[{"name":"wp","href":"https:\/\/api.w.org\/{rel}","templated":true}]}}