{"id":113609,"date":"2022-03-27T20:03:57","date_gmt":"2022-03-27T23:03:57","guid":{"rendered":"https:\/\/grandepremio.com\/br\/noticias\/felipe-drugovich-assume-lideranca-f2-vitoria-jeda-confira-classificacao\/"},"modified":"2022-03-27T20:17:41","modified_gmt":"2022-03-27T23:17:41","slug":"felipe-drugovich-assume-lideranca-f2-vitoria-jeda-confira-classificacao","status":"publish","type":"post","link":"https:\/\/grandepremio.com\/br\/f2\/felipe-drugovich-assume-lideranca-f2-vitoria-jeda-confira-classificacao\/","title":{"rendered":"Drugovich assume lideran\u00e7a da F2 com vit\u00f3ria em Jed\u00e1. Confira classifica\u00e7\u00e3o"},"content":{"rendered":"\n<figure class=\"wp-block-embed is-type-video is-provider-youtube wp-block-embed-youtube wp-embed-aspect-16-9 wp-has-aspect-ratio\"><div class=\"wp-block-embed__wrapper\">\n<iframe loading=\"lazy\" title=\"F\u00d3RMULA 1 2022: TUDO SOBRE O GP DA AR\u00c1BIA SAUDITA DE F1 | Briefing\" width=\"500\" height=\"281\" src=\"https:\/\/www.youtube.com\/embed\/Y8byAY8CT5s?feature=oembed\" frameborder=\"0\" allow=\"accelerometer; autoplay; clipboard-write; encrypted-media; gyroscope; picture-in-picture; web-share\" referrerpolicy=\"strict-origin-when-cross-origin\" allowfullscreen><\/iframe>\n<\/div><\/figure>\n\n\n\n<p class=\"wp-block-paragraph\">Felipe Drugovich saltou para a lideran\u00e7a da temporada 2022 da F2 <a href=\"https:\/\/www.grandepremio.com\/br\/f2\/noticias\/felipe-drugovich-domina-vence-corrida-principal-formula-2-arabia-saudita\/\">com a vit\u00f3ria conquistada na corrida 2<\/a> da Ar\u00e1bia Saudita. Neste domingo (27), o brasileiro da equipe MP controlou a prova principal da etapa ap\u00f3s sair da pole e, assim, triunfando, saltou para 45 pontos, 11 a mais que o vice-l\u00edder, Liam Lawson.<\/p>\n\n\n\n<p class=\"wp-block-paragraph\">Lawson, ali\u00e1s, abandonou a segunda prova, mas venceu a corrida sprint, entrando mais no bolo que disputa a ta\u00e7a at\u00e9 aqui. Richard Verschoor, que foi segundo na prova de domingo, subiu para terceiro no geral.<\/p>\n\n\n\n<figure class=\"wp-block-image size-large\"><img decoding=\"async\" src=\"https:\/\/www.grandepremio.com\/br\/wp-content\/uploads\/2020\/05\/404778_1006886_felipe_drugovich700___dutch_photo_agency-1024x683.jpg\" alt=\"\" class=\"wp-image-553419\"\/><figcaption>Felipe Drugovich \u00e9 o novo l\u00edder da F2 2022 (Foto: Dutch Photo Agency)<\/figcaption><\/figure>\n\n\n\n<p class=\"wp-block-paragraph\">Na sequ\u00eancia aparece J\u00fcri Vips, que teve atua\u00e7\u00e3o brilhante no s\u00e1bado, chegando em segundo na sprint. Th\u00e9o Pourchaire, que venceu no Bahrein, mas zerou em Jed\u00e1, ainda aparece no top-5. Enzo Fittipaldi vem em 17\u00ba, ainda sem ter conseguido pontuar em 2022.<\/p>\n\n\n\n<p class=\"wp-block-paragraph\">A F\u00f3rmula 2 para por 1 m\u00eas, voltando apenas no fim de semana de 23 de abril, com a rodada dupla em \u00cdmola, em paralelo \u00e0 quarta etapa da F1 2022, o GP da Em\u00edlia-Romanha.<\/p>\n\n\n\n<p class=\"wp-block-paragraph\"><strong>\u25b6\ufe0f&nbsp;Inscreva-se nos dois canais do GRANDE PR\u00caMIO no YouTube:&nbsp;<a href=\"https:\/\/www.youtube.com\/channel\/UC9OlHEgxoaY6QY6nWPoiqQg?sub_confirmation=1\" target=\"_blank\" rel=\"noreferrer noopener\">GP<\/a>&nbsp;|&nbsp;<a href=\"https:\/\/www.youtube.com\/channel\/UC9csiS6q_C3C0FYhyr1rnFA?sub_confirmation=1\" target=\"_blank\" rel=\"noreferrer noopener\">GP2<\/a><\/strong><\/p>\n\n\n\n<p class=\"wp-block-paragraph\"><strong>Confira classifica\u00e7\u00e3o da F2 ap\u00f3s duas etapas:<\/strong><\/p>\n\n\n\n<figure class=\"wp-block-table\"><table><tbody><tr><td>&nbsp;<\/td><td>Piloto<\/td><td>Equipe<\/td><td>Pontos<\/td><\/tr><tr><td>1<\/td><td>Felipe Drugovich<\/td><td>MP Motorsport<\/td><td>45<\/td><\/tr><tr><td>2<\/td><td>Liam Lawson<\/td><td>Carlin<\/td><td>34<\/td><\/tr><tr><td>3<\/td><td>Richard Verschoor<\/td><td>Trident<\/td><td>32<\/td><\/tr><tr><td>4<\/td><td>Juri Vips<\/td><td>Hitech<\/td><td>28<\/td><\/tr><tr><td>5<\/td><td>Th\u00e9o Pourchaire<\/td><td>ART Grand Prix<\/td><td>25<\/td><\/tr><tr><td>6<\/td><td>Jehan Daruvala<\/td><td>Prema<\/td><td>25<\/td><\/tr><tr><td>7<\/td><td>Marcus Armstrong<\/td><td>Hitech<\/td><td>20<\/td><\/tr><tr><td>8<\/td><td>Ralph Boschung<\/td><td>Campos<\/td><td>17<\/td><\/tr><tr><td>9<\/td><td>Jake Hughes<\/td><td>Van Amersfoot<\/td><td>14<\/td><\/tr><tr><td>10<\/td><td>Ayumu Iwasa<\/td><td>DAMS<\/td><td>10<\/td><\/tr><tr><td>11<\/td><td>Logan Sargeant<\/td><td>Carlin<\/td><td>9<\/td><\/tr><tr><td>12<\/td><td>Dennis Hauger<\/td><td>Prema<\/td><td>8<\/td><\/tr><tr><td>13<\/td><td>Roy Nissany<\/td><td>DAMS<\/td><td>8<\/td><\/tr><tr><td>14<\/td><td>Jack Doohan<\/td><td>Virtuosi<\/td><td>6<\/td><\/tr><tr><td>15<\/td><td>Calan Williams<\/td><td>Trident<\/td><td>5<\/td><\/tr><tr><td>16<\/td><td>Marino Sato<\/td><td>Virtuosi<\/td><td>1<\/td><\/tr><tr><td>17<\/td><td>Enzo Fittipaldi<\/td><td>Charouz<\/td><td>0<\/td><\/tr><tr><td>18<\/td><td>Cl\u00e9ment Novalak<\/td><td>MP Motorsport<\/td><td>0<\/td><\/tr><tr><td>19<\/td><td>Frederik Vesti<\/td><td>ART Grand Prix<\/td><td>0<\/td><\/tr><tr><td>20<\/td><td>Cem B\u00f6l\u00fckba\u015f\u0131<\/td><td>Charouz<\/td><td>0<\/td><\/tr><tr><td>21<\/td><td>Olli Caldwell<\/td><td>Campos<\/td><td>0<\/td><\/tr><tr><td>22<\/td><td>Amaury Cordeel<\/td><td>Van Amersfoort<\/td><td>0<\/td><\/tr><\/tbody><\/table><\/figure>\n","protected":false},"excerpt":{"rendered":"<p>A vit\u00f3ria na corrida principal da F2 fez Felipe Drugovich saltar para a dianteira na tabela de pontos da F2 2022. O brasileiro tem 45 pontos, 11 a mais que o vice, Liam Lawson<\/p>\n","protected":false},"author":0,"featured_media":1000553418,"comment_status":"closed","ping_status":"closed","sticky":false,"template":"","format":"standard","meta":{"42wp_featured_image_caption":"","42wp_featured_image_credits":"","42wp_featured_video":"","42wp_featured_image_hidden":false,"42wp_authors_list":[],"footnotes":""},"categories":[9],"tags":[111,29651,1024,25933,29650,2958,595,4606,2261],"42wp_author":[47117],"class_list":["post-113609","post","type-post","status-publish","format-standard","has-post-thumbnail","hentry","category-f2","tag-f2","tag-f2-2022","tag-felipe-drugovich","tag-formula-2-3","tag-formula-2-2022","tag-juri-vips","tag-liam-lawson","tag-mp","tag-richard-verschoor","42wp_author-gabriel-curty"],"_links":{"self":[{"href":"https:\/\/grandepremio.com\/br\/wp-json\/wp\/v2\/posts\/113609","targetHints":{"allow":["GET"]}}],"collection":[{"href":"https:\/\/grandepremio.com\/br\/wp-json\/wp\/v2\/posts"}],"about":[{"href":"https:\/\/grandepremio.com\/br\/wp-json\/wp\/v2\/types\/post"}],"replies":[{"embeddable":true,"href":"https:\/\/grandepremio.com\/br\/wp-json\/wp\/v2\/comments?post=113609"}],"version-history":[{"count":0,"href":"https:\/\/grandepremio.com\/br\/wp-json\/wp\/v2\/posts\/113609\/revisions"}],"wp:featuredmedia":[{"embeddable":true,"href":"https:\/\/grandepremio.com\/br\/wp-json\/wp\/v2\/media\/1000553418"}],"wp:attachment":[{"href":"https:\/\/grandepremio.com\/br\/wp-json\/wp\/v2\/media?parent=113609"}],"wp:term":[{"taxonomy":"category","embeddable":true,"href":"https:\/\/grandepremio.com\/br\/wp-json\/wp\/v2\/categories?post=113609"},{"taxonomy":"post_tag","embeddable":true,"href":"https:\/\/grandepremio.com\/br\/wp-json\/wp\/v2\/tags?post=113609"},{"taxonomy":"42wp_author","embeddable":true,"href":"https:\/\/grandepremio.com\/br\/wp-json\/wp\/v2\/42wp_author?post=113609"}],"curies":[{"name":"wp","href":"https:\/\/api.w.org\/{rel}","templated":true}]}}