{"id":113615,"date":"2022-03-27T18:50:17","date_gmt":"2022-03-27T21:50:17","guid":{"rendered":"https:\/\/grandepremio.com\/br\/noticias\/mercedes-admite-distancia-rivais-f1-reflexo-onde-estamos\/"},"modified":"2022-03-27T18:50:27","modified_gmt":"2022-03-27T21:50:27","slug":"mercedes-admite-distancia-rivais-f1-reflexo-onde-estamos","status":"publish","type":"post","link":"https:\/\/grandepremio.com\/br\/f1\/mercedes-admite-distancia-rivais-f1-reflexo-onde-estamos\/","title":{"rendered":"Mercedes admite dist\u00e2ncia para rivais na F1: \u201cReflexo de onde estamos\u201d"},"content":{"rendered":"\n<figure class=\"wp-block-embed is-type-video is-provider-youtube wp-block-embed-youtube wp-embed-aspect-16-9 wp-has-aspect-ratio\"><div class=\"wp-block-embed__wrapper\">\n<iframe loading=\"lazy\" title=\"F\u00d3RMULA 1 2022: TUDO SOBRE O GP DA AR\u00c1BIA SAUDITA DE F1 | Briefing\" width=\"500\" height=\"281\" src=\"https:\/\/www.youtube.com\/embed\/Y8byAY8CT5s?feature=oembed\" frameborder=\"0\" allow=\"accelerometer; autoplay; clipboard-write; encrypted-media; gyroscope; picture-in-picture; web-share\" referrerpolicy=\"strict-origin-when-cross-origin\" allowfullscreen><\/iframe>\n<\/div><figcaption>F\u00d3RMULA 1 2022 AO VIVO: TUDO SOBRE O GP DA AR\u00c1BIA SAUDITA DE F1 | Briefing<\/figcaption><\/figure>\n\n\n\n<p class=\"wp-block-paragraph\">A Mercedes teve outro desempenho abaixo da m\u00e9dia na Ar\u00e1bia Saudita. Na prova vencida por Max Verstappen, da Red Bull, George Russell foi quinto, enquanto Lewis Hamilton amargou o 10\u00ba lugar. O time ainda \u00e9 segundo no Mundial de Construtores, mas 40 pontos atr\u00e1s da Ferrari e sem a mesma competitividade dos rivais taurinos.<\/p>\n\n\n\n<p class=\"wp-block-paragraph\">Chefe de equipe, Toto Wolff viu a falta de competitividade do W13 como um reflexo da Mercedes, e lamentou o erro na estrat\u00e9gia de Lewis Hamilton, que n\u00e3o aproveitou o per\u00edodo de safety-car virtual corretamente para realizar o pit-stop obrigat\u00f3rio e amargou apenas o 10\u00ba lugar.<\/p>\n\n\n\n<p class=\"wp-block-paragraph\">\u201cA corrida de hoje foi o reflexo de onde estamos atualmente. Claramente h\u00e1 muito trabalho a fazer para entrar na luta na frente. Perdemos a oportunidade de ir aos boxes pouco antes do pit-lane fechar enquanto o VSC estava acionado\u201d, lamentou.<\/p>\n\n\n\n<figure class=\"wp-block-image size-large\"><img decoding=\"async\" src=\"https:\/\/www.grandepremio.com\/br\/wp-content\/uploads\/2022\/03\/mercedes-georgerussell-02-7-1024x683.jpg\" alt=\"\" class=\"wp-image-553290\"\/><figcaption>George Russell ficou na quinta coloca\u00e7\u00e3o (Foto: Mercedes)<\/figcaption><\/figure>\n\n\n\n<p class=\"wp-block-paragraph\">Sobre os pilotos, Wolff elogiou o feito de Russell, que com dois top-5 conquistados no campeonato at\u00e9 aqui, se coloca na quarta coloca\u00e7\u00e3o no Mundial. E citou que Lewis Hamilton teria dia complicado ap\u00f3s cair no Q1 no s\u00e1bado. <\/p>\n\n\n\n<p class=\"wp-block-paragraph\">\u201cGeorge administrou bem sua corrida e marcou o m\u00e1ximo que poder\u00edamos esperar hoje sem nenhum incidente pela frente. Para Lewis, sab\u00edamos que seria uma tarde dif\u00edcil largando de 15\u00ba\u201d, completou.<\/p>\n\n\n\n<p class=\"wp-block-paragraph\"><strong>\u25b6\ufe0f\u00a0Inscreva-se nos dois canais do GRANDE PR\u00caMIO no YouTube:\u00a0<a href=\"https:\/\/www.youtube.com\/channel\/UC9OlHEgxoaY6QY6nWPoiqQg?sub_confirmation=1\" target=\"_blank\" rel=\"noreferrer noopener\">GP<\/a>\u00a0|\u00a0<a href=\"https:\/\/www.youtube.com\/channel\/UC9csiS6q_C3C0FYhyr1rnFA?sub_confirmation=1\" target=\"_blank\" rel=\"noreferrer noopener\">GP2<\/a><\/strong><\/p>\n\n\n\n<p class=\"wp-block-paragraph\">A F\u00f3rmula 1 volta no dia 10 de abril para realizar o GP da Austr\u00e1lia, no circuito de Albert Park, em Melbourne. \u00c9 a volta da categoria ao pa\u00eds ap\u00f3s o hiato de duas temporadas.<\/p>\n\n\n\n<figure class=\"wp-block-video\"><video class=\"video-js vjs-big-play-centered\" data-gp-vjs=\"1\" controls src=\"https:\/\/www.grandepremio.com\/br\/wp-content\/uploads\/2022\/03\/Verstappen-Leclerc-1.mp4\"><\/video><\/figure>\n","protected":false},"excerpt":{"rendered":"<p>Toto Wolff admitiu que h\u00e1 muito o que fazer para a Mercedes recuperar terreno e ser mais competitiva na temporada 2022<\/p>\n","protected":false},"author":0,"featured_media":1000553292,"comment_status":"closed","ping_status":"closed","sticky":false,"template":"","format":"standard","meta":{"42wp_featured_image_caption":"","42wp_featured_image_credits":"","42wp_featured_video":"","42wp_featured_image_hidden":false,"42wp_authors_list":[],"footnotes":""},"categories":[2],"tags":[1357,800,31203,87,203,82,150],"42wp_author":[47128],"class_list":["post-113615","post","type-post","status-publish","format-standard","has-post-thumbnail","hentry","category-f1","tag-f1-2022","tag-george-russell","tag-gp-da-arabia-saudita-2022","tag-lewis-hamilton","tag-max-verstappen","tag-mercedes","tag-toto-wolff","42wp_author-guilherme-bloisi"],"_links":{"self":[{"href":"https:\/\/grandepremio.com\/br\/wp-json\/wp\/v2\/posts\/113615","targetHints":{"allow":["GET"]}}],"collection":[{"href":"https:\/\/grandepremio.com\/br\/wp-json\/wp\/v2\/posts"}],"about":[{"href":"https:\/\/grandepremio.com\/br\/wp-json\/wp\/v2\/types\/post"}],"replies":[{"embeddable":true,"href":"https:\/\/grandepremio.com\/br\/wp-json\/wp\/v2\/comments?post=113615"}],"version-history":[{"count":0,"href":"https:\/\/grandepremio.com\/br\/wp-json\/wp\/v2\/posts\/113615\/revisions"}],"wp:featuredmedia":[{"embeddable":true,"href":"https:\/\/grandepremio.com\/br\/wp-json\/wp\/v2\/media\/1000553292"}],"wp:attachment":[{"href":"https:\/\/grandepremio.com\/br\/wp-json\/wp\/v2\/media?parent=113615"}],"wp:term":[{"taxonomy":"category","embeddable":true,"href":"https:\/\/grandepremio.com\/br\/wp-json\/wp\/v2\/categories?post=113615"},{"taxonomy":"post_tag","embeddable":true,"href":"https:\/\/grandepremio.com\/br\/wp-json\/wp\/v2\/tags?post=113615"},{"taxonomy":"42wp_author","embeddable":true,"href":"https:\/\/grandepremio.com\/br\/wp-json\/wp\/v2\/42wp_author?post=113615"}],"curies":[{"name":"wp","href":"https:\/\/api.w.org\/{rel}","templated":true}]}}