{"id":113618,"date":"2022-03-27T18:04:36","date_gmt":"2022-03-27T21:04:36","guid":{"rendered":"https:\/\/grandepremio.com\/br\/noticias\/pierre-gasly-reclama-dores-intestino-corrida-jeda-estava-morrendo\/"},"modified":"2022-03-27T18:04:48","modified_gmt":"2022-03-27T21:04:48","slug":"pierre-gasly-reclama-dores-intestino-corrida-jeda-estava-morrendo","status":"publish","type":"post","link":"https:\/\/grandepremio.com\/br\/f1\/pierre-gasly-reclama-dores-intestino-corrida-jeda-estava-morrendo\/","title":{"rendered":"Gasly reclama de dores no intestino durante corrida em Jed\u00e1: &#8220;Estava morrendo no carro&#8221;"},"content":{"rendered":"\n<figure class=\"wp-block-embed is-type-video is-provider-youtube wp-block-embed-youtube wp-embed-aspect-16-9 wp-has-aspect-ratio\"><div class=\"wp-block-embed__wrapper\">\n<iframe loading=\"lazy\" title=\"F\u00d3RMULA 1 2022: TUDO SOBRE O GP DA AR\u00c1BIA SAUDITA DE F1 | Briefing\" width=\"500\" height=\"281\" src=\"https:\/\/www.youtube.com\/embed\/Y8byAY8CT5s?feature=oembed\" frameborder=\"0\" allow=\"accelerometer; autoplay; clipboard-write; encrypted-media; gyroscope; picture-in-picture; web-share\" referrerpolicy=\"strict-origin-when-cross-origin\" allowfullscreen><\/iframe>\n<\/div><figcaption>F\u00d3RMULA 1 2022 AO VIVO: TUDO SOBRE O GP DA AR\u00c1BIA SAUDITA DE F1 | Briefing<\/figcaption><\/figure>\n\n\n\n<p class=\"wp-block-paragraph\">Pierre Gasly sofreu com fortes dores no intestino durante o GP da Ar\u00e1bia Saudita de F\u00f3rmula 1, vencido por Max Verstappen neste domingo (27). De acordo com o piloto da AlphaTauri, que terminou a corrida em Jed\u00e1 na oitava posi\u00e7\u00e3o, as \u00faltimas 15 voltas da disputa foram &#8220;as mais doloridas&#8221; de sua carreira.<\/p>\n\n\n\n<p class=\"wp-block-paragraph\">&#8220;N\u00e3o sei o que aconteceu com o meu intestino, mas eu estava morrendo dentro do carro. Estava gritando de dor e estou feliz que a corrida acabou. Sentia que, em cada curva para esquerda, algu\u00e9m me esfaqueava no intestino, ent\u00e3o n\u00e3o foi legal&#8221;, detalhou o piloto franc\u00eas. &#8220;J\u00e1 fui ver o m\u00e9dico, vamos ver depois. N\u00e3o sei o que \u00e9. Vamos analisar o que aconteceu. Eu estava mais sobrevivendo do que competindo&#8221;, revelou.<\/p>\n\n\n\n<p class=\"wp-block-paragraph\"><strong>\u25b6\ufe0f\u00a0Inscreva-se nos dois canais do GRANDE PR\u00caMIO no YouTube:\u00a0<a href=\"https:\/\/www.youtube.com\/channel\/UC9OlHEgxoaY6QY6nWPoiqQg?sub_confirmation=1\" target=\"_blank\" rel=\"noreferrer noopener\">GP<\/a>\u00a0|\u00a0<a href=\"https:\/\/www.youtube.com\/channel\/UC9csiS6q_C3C0FYhyr1rnFA?sub_confirmation=1\" target=\"_blank\" rel=\"noreferrer noopener\">GP2<\/a><\/strong><\/p>\n\n\n\n<figure class=\"wp-block-image size-large\"><img decoding=\"async\" src=\"https:\/\/www.grandepremio.com\/br\/wp-content\/uploads\/2022\/03\/SI202203270544_hires_jpeg_24bit_rgb-1024x683.jpg\" alt=\"\" class=\"wp-image-553358\"\/><figcaption>Pierre Gasly terminou corrida em Jed\u00e1 na oitava posi\u00e7\u00e3o (Foto: Red Bull Content Pool)<\/figcaption><\/figure>\n\n\n\n<p class=\"wp-block-paragraph\">Apesar das dores, Gasly conseguiu se recuperar na corrida. O piloto da AlphaTauri chegou a cair para a 14\u00aa posi\u00e7\u00e3o no GP, mas cruzou a linha de chegada em oitavo &#8211; algo a ser comemorado devido \u00e0s circunst\u00e2ncias da disputa, de acordo com o pr\u00f3prio franc\u00eas de 26 anos. <\/p>\n\n\n\n<p class=\"wp-block-paragraph\">&#8220;Estou muito feliz de estar no top-10. Terminar em oitavo, nos pontos, foi bom porque tivemos m\u00e1 sorte com o &#8216;timing&#8217; do pit-stop. Realizamos a parada 30 segundos antes do safety-car, ca\u00edmos para 14\u00ba e conseguimos voltar para oitavo. Foi uma corrida agitada, mas em geral, estou muito feliz&#8221;, contou.<\/p>\n\n\n\n<p class=\"wp-block-paragraph\"><strong>LEIA TAMB\u00c9M<br><a href=\"https:\/\/www.grandepremio.com\/br\/f1\/noticias\/red-bull-corrida-paciente-max-verstappen-sergio-perez-muito-azar\/\">Red Bull elogia corrida \u201cpaciente\u201d de Verstappen e lamenta por P\u00e9rez: \u201cMuito azar\u201d<\/a><\/strong><\/p>\n\n\n\n<figure class=\"wp-block-image size-large\"><img decoding=\"async\" src=\"https:\/\/www.grandepremio.com\/br\/wp-content\/uploads\/2022\/03\/SI202203270545_hires_jpeg_24bit_rgb-1024x683.jpg\" alt=\"\" class=\"wp-image-553361\"\/><figcaption>Pierre Gasly (Foto: Red Bull Content Pool)<\/figcaption><\/figure>\n\n\n\n<p class=\"wp-block-paragraph\">Por fim, Gasly evitou classificar as quest\u00f5es de confiabilidade da AlphaTauri como maior preocupa\u00e7\u00e3o da equipe neste in\u00edcio de temporada da F\u00f3rmula 1. O pr\u00f3prio franc\u00eas <a href=\"https:\/\/www.grandepremio.com\/br\/f1\/noticias\/alphatauri-aponta-falha-ers-como-causa-incendio-pierre-gasly-gp-bahrein\/\">j\u00e1 sofreu com um inc\u00eandio em seu carro no Bahrein<\/a>, mas, neste domingo, foi a vez de Yuki Tsunoda ter que lidar com problemas e <a href=\"https:\/\/www.grandepremio.com\/br\/f1\/noticias\/yuki-tsunoda-ve-alphatauri-apagar-caminho-grid-fica-fora-gp-arabia-saudita\/\">sequer se alinhar ao grid de largada na Ar\u00e1bia Saudita<\/a>.<\/p>\n\n\n\n<p class=\"wp-block-paragraph\">&#8220;(Confiabilidade) n\u00e3o \u00e9 uma grande preocupa\u00e7\u00e3o, mas est\u00e1 claro que precisamos melhorar. Confio no time para achar as solu\u00e7\u00f5es. Precisamos resolver juntos, mas tenho certeza que o time vai achar a solu\u00e7\u00e3o correta para o restante do ano&#8221;, finalizou o piloto.<\/p>\n\n\n\n<figure class=\"wp-block-video\"><video class=\"video-js vjs-big-play-centered\" data-gp-vjs=\"1\" controls src=\"https:\/\/www.grandepremio.com\/br\/wp-content\/uploads\/2022\/03\/Verstappen-Leclerc-1.mp4\"><\/video><figcaption>Max Verstappen e Charles Leclerc brigam pela vit\u00f3ria em Jed\u00e1 (V\u00eddeo: F1 TV)<\/figcaption><\/figure>\n","protected":false},"excerpt":{"rendered":"<p>Piloto da AlphaTauri revelou &#8220;gritos de dor&#8221; na reta final da prova na Ar\u00e1bia Saudita. Franc\u00eas tamb\u00e9m analisou resultado da disputa e falou sobre os problemas da equipe neste in\u00edcio de temporada<\/p>\n","protected":false},"author":0,"featured_media":1000553364,"comment_status":"closed","ping_status":"closed","sticky":false,"template":"","format":"standard","meta":{"42wp_featured_image_caption":"","42wp_featured_image_credits":"","42wp_featured_video":"","42wp_featured_image_hidden":false,"42wp_authors_list":[],"footnotes":""},"categories":[2],"tags":[524,147,1357,24837,1390,26266,31203,24836,26627,676],"42wp_author":[47143],"class_list":["post-113618","post","type-post","status-publish","format-standard","has-post-thumbnail","hentry","category-f1","tag-alphatauri","tag-f1","tag-f1-2022","tag-formula-1-2","tag-gasly","tag-gp-da-arabia-saudita","tag-gp-da-arabia-saudita-2022","tag-grande-premio-2","tag-jeda","tag-pierre-gasly","42wp_author-felipe-leite"],"_links":{"self":[{"href":"https:\/\/grandepremio.com\/br\/wp-json\/wp\/v2\/posts\/113618","targetHints":{"allow":["GET"]}}],"collection":[{"href":"https:\/\/grandepremio.com\/br\/wp-json\/wp\/v2\/posts"}],"about":[{"href":"https:\/\/grandepremio.com\/br\/wp-json\/wp\/v2\/types\/post"}],"replies":[{"embeddable":true,"href":"https:\/\/grandepremio.com\/br\/wp-json\/wp\/v2\/comments?post=113618"}],"version-history":[{"count":0,"href":"https:\/\/grandepremio.com\/br\/wp-json\/wp\/v2\/posts\/113618\/revisions"}],"wp:featuredmedia":[{"embeddable":true,"href":"https:\/\/grandepremio.com\/br\/wp-json\/wp\/v2\/media\/1000553364"}],"wp:attachment":[{"href":"https:\/\/grandepremio.com\/br\/wp-json\/wp\/v2\/media?parent=113618"}],"wp:term":[{"taxonomy":"category","embeddable":true,"href":"https:\/\/grandepremio.com\/br\/wp-json\/wp\/v2\/categories?post=113618"},{"taxonomy":"post_tag","embeddable":true,"href":"https:\/\/grandepremio.com\/br\/wp-json\/wp\/v2\/tags?post=113618"},{"taxonomy":"42wp_author","embeddable":true,"href":"https:\/\/grandepremio.com\/br\/wp-json\/wp\/v2\/42wp_author?post=113618"}],"curies":[{"name":"wp","href":"https:\/\/api.w.org\/{rel}","templated":true}]}}