{"id":113644,"date":"2022-03-26T20:01:58","date_gmt":"2022-03-26T23:01:58","guid":{"rendered":"https:\/\/grandepremio.com\/br\/noticias\/mercedes-resultado-inaceitavel-classificacao-jeda-hora-de-acordar\/"},"modified":"2022-03-26T20:02:09","modified_gmt":"2022-03-26T23:02:09","slug":"mercedes-resultado-inaceitavel-classificacao-jeda-hora-de-acordar","status":"publish","type":"post","link":"https:\/\/grandepremio.com\/br\/f1\/mercedes-resultado-inaceitavel-classificacao-jeda-hora-de-acordar\/","title":{"rendered":"Mercedes v\u00ea resultado inaceit\u00e1vel na classifica\u00e7\u00e3o em Jed\u00e1: &#8220;\u00c9 hora de acordar&#8221;"},"content":{"rendered":"\n<figure class=\"wp-block-embed is-type-video is-provider-youtube wp-block-embed-youtube wp-embed-aspect-16-9 wp-has-aspect-ratio\"><div class=\"wp-block-embed__wrapper\">\n<iframe loading=\"lazy\" title=\"F\u00d3RMULA 1 2022: A CLASSIFICA\u00c7\u00c3O DO GP DA AR\u00c1BIA SAUDITA DE F1 | Briefing\" width=\"500\" height=\"281\" src=\"https:\/\/www.youtube.com\/embed\/2LQTwqe0lm0?feature=oembed\" frameborder=\"0\" allow=\"accelerometer; autoplay; clipboard-write; encrypted-media; gyroscope; picture-in-picture; web-share\" referrerpolicy=\"strict-origin-when-cross-origin\" allowfullscreen><\/iframe>\n<\/div><figcaption>F\u00d3RMULA 1 AO VIVO 2022: A CLASSIFICA\u00c7\u00c3O DO GP DA AR\u00c1BIA SAUDITA DE F1 | Briefing<\/figcaption><\/figure>\n\n\n\n<p class=\"wp-block-paragraph\">A Mercedes n\u00e3o teve a classifica\u00e7\u00e3o que esperava neste s\u00e1bado (26) para o GP da Ar\u00e1bia Saudita. Lewis Hamilton foi o <a href=\"https:\/\/www.grandepremio.com\/br\/f1\/noticias\/lewis-hamilton-eliminado-q1-arabia-saudita-pior-classificacao-ritmo-normal-em-13-anos\/\">destaque negativo da sess\u00e3o ao ser eliminado no Q1<\/a>, algo que n\u00e3o acontecia desde o GP do Brasil de 2017, quando bateu durante a classifica\u00e7\u00e3o. J\u00e1 George Russell teve um desempenho melhor e vai largar na sexta coloca\u00e7\u00e3o, atr\u00e1s das duas Ferrari, das duas Red Bull e da Alpine de Esteban Ocon.<\/p>\n\n\n\n<p class=\"wp-block-paragraph\">Hamilton reclamou bastante da falta de ader\u00eancia na traseira de seu W13, e <a href=\"https:\/\/www.grandepremio.com\/br\/f1\/noticias\/lewis-hamilton-cogita-largar-boxes-arabia-saudita\/\">chegou a cogitar uma mudan\u00e7a radical no carro, mesmo que tenha de sair dos boxes<\/a>. Toto Wolff, chefe da Mercedes, n\u00e3o ficou nada contente com o resultado do time alem\u00e3o, e explicou o porqu\u00ea do desempenho t\u00e3o abaixo do heptacampe\u00e3o.<\/p>\n\n\n\n<p class=\"wp-block-paragraph\">&#8220;N\u00f3s tentamos algo no carro do Lewis [Hamilton] que claramente n\u00e3o funcionou. Ele n\u00e3o tinha ader\u00eancia na traseira. \u00c9 hora de acordar&#8221;, disse \u00e0 afiliada alem\u00e3 da emissora brit\u00e2nica <em>Sky.<\/em> &#8220;Essa \u00e9 a segunda corrida da temporada e \u00e9 outra confirma\u00e7\u00e3o de que n\u00e3o estamos onde queremos e precisamos estar&#8221;, prosseguiu Wolff.<\/p>\n\n\n\n<p class=\"wp-block-paragraph\"><strong>\u25b6\ufe0f&nbsp;Inscreva-se nos dois canais do GRANDE PR\u00caMIO no YouTube:&nbsp;<a href=\"https:\/\/www.youtube.com\/channel\/UC9OlHEgxoaY6QY6nWPoiqQg?sub_confirmation=1\" target=\"_blank\" rel=\"noreferrer noopener\">GP<\/a>&nbsp;|&nbsp;<a href=\"https:\/\/www.youtube.com\/channel\/UC9csiS6q_C3C0FYhyr1rnFA?sub_confirmation=1\" target=\"_blank\" rel=\"noreferrer noopener\">GP2<\/a><\/strong><\/p>\n\n\n\n<figure class=\"wp-block-image size-large\"><img decoding=\"async\" src=\"https:\/\/www.grandepremio.com\/br\/wp-content\/uploads\/2022\/03\/mercedes-georgerussell-04-1-1024x683.jpg\" alt=\"\" class=\"wp-image-552962\"\/><figcaption>George Russell vai largar na sexta coloca\u00e7\u00e3o para o GP da Ar\u00e1bia Saudita (Foto: Mercedes)<\/figcaption><\/figure>\n\n\n\n<p class=\"wp-block-paragraph\">&#8220;Sobre o George [Russell], acho que hoje foi um bom esfor\u00e7o considerando que s\u00f3 t\u00ednhamos um jogo de pneus macios para o Q3, ent\u00e3o foi um trabalho s\u00f3lido da parte dele. Ainda assim, o melhor cen\u00e1rio para n\u00f3s hoje era terminar na terra de ningu\u00e9m que fica entre a Red Bull e a Alpine, e isso \u00e9 inaceit\u00e1vel&#8221;, criticou Toto.<\/p>\n\n\n\n<p class=\"wp-block-paragraph\">A situa\u00e7\u00e3o complicada da Mercedes j\u00e1 havia aparecido nos testes de pr\u00e9-temporada, ainda que com d\u00favidas dos rivais que acreditavam que a equipe alem\u00e3 poderia estar escondendo o jogo. Para Wolff, a nova ordem de for\u00e7as do grid lembra uma situa\u00e7\u00e3o de quase dez anos atr\u00e1s.<\/p>\n\n\n\n<p class=\"wp-block-paragraph\">&#8220;Eu amo a competi\u00e7\u00e3o, sempre amei. N\u00f3s tivemos uma sequ\u00eancia muito forte de oito anos liderando o grid, achamos uma maneira de chegar na frente. Mas agora lembra um pouco 2013, quando n\u00e3o t\u00ednhamos a mesma velocidade da Red Bull e das Ferrari. N\u00f3s vamos continuar brigando, e \u00e9 isso que sinto no momento, que precisamos lutar&#8221;, afirmou o chefe da Mercedes.<\/p>\n\n\n\n<p class=\"wp-block-paragraph\">Hamilton deve largar na 15\u00ba coloca\u00e7\u00e3o, com Russell \u00e0 frente na sexta posi\u00e7\u00e3o. Sergio P\u00e9rez <a href=\"https:\/\/www.grandepremio.com\/br\/f1\/noticias\/sergio-perez-promove-surpresa-geral-conquista-pole-gp-arabia-saudita-formula-1\/\">surpreendeu e vai largar na pole position<\/a>. A largada do GP da Ar\u00e1bia Saudita est\u00e1 marcada para \u00e0s 14h, e o O\u00a0<strong>GRANDE PR\u00caMIO<\/strong>\u00a0acompanha todas as atividades\u00a0<a href=\"https:\/\/www.grandepremio.com\/br\/f1\/ao-vivo\"><strong>AO VIVO<\/strong>\u00a0e\u00a0<strong>EM\u00a0<\/strong><\/a><strong><a href=\"https:\/\/www.grandepremio.com\/br\/ao-vivo\/\" target=\"_blank\" rel=\"noreferrer noopener\">TEMPO REAL<\/a><\/strong>.<\/p>\n\n\n\n<figure class=\"wp-block-embed is-type-video is-provider-youtube wp-block-embed-youtube wp-embed-aspect-16-9 wp-has-aspect-ratio\"><div class=\"wp-block-embed__wrapper\">\n<iframe loading=\"lazy\" title=\"HAAS SURPREENDE E MOSTRA QUE N\u00c3O TEM NADA A PERDER NA F\u00d3RMULA 1 2022\" width=\"500\" height=\"281\" src=\"https:\/\/www.youtube.com\/embed\/k-UZ3QdfSw0?feature=oembed\" frameborder=\"0\" allow=\"accelerometer; autoplay; clipboard-write; encrypted-media; gyroscope; picture-in-picture; web-share\" referrerpolicy=\"strict-origin-when-cross-origin\" allowfullscreen><\/iframe>\n<\/div><figcaption>HAAS SURPREENDE E MOSTRA QUE N\u00c3O TEM NADA A PERDER NA F\u00d3RMULA 1 2022<\/figcaption><\/figure>\n","protected":false},"excerpt":{"rendered":"<p>Toto Wolff, chefe da Mercedes, n\u00e3o ficou nada contente com o resultado de sua equipe na classifica\u00e7\u00e3o para o GP da Ar\u00e1bia Saudita, e comparou a situa\u00e7\u00e3o atual da equipe com a de 2013<\/p>\n","protected":false},"author":0,"featured_media":1000552778,"comment_status":"closed","ping_status":"closed","sticky":false,"template":"","format":"standard","meta":{"42wp_featured_image_caption":"","42wp_featured_image_credits":"","42wp_featured_video":"","42wp_featured_image_hidden":false,"42wp_authors_list":[],"footnotes":""},"categories":[2],"tags":[147,1357,24837,180,26841,800,26266,31203,87,82,150],"42wp_author":[47144],"class_list":["post-113644","post","type-post","status-publish","format-standard","has-post-thumbnail","hentry","category-f1","tag-f1","tag-f1-2022","tag-formula-1-2","tag-formula-1","tag-formula-1-2022","tag-george-russell","tag-gp-da-arabia-saudita","tag-gp-da-arabia-saudita-2022","tag-lewis-hamilton","tag-mercedes","tag-toto-wolff","42wp_author-andre-netto"],"_links":{"self":[{"href":"https:\/\/grandepremio.com\/br\/wp-json\/wp\/v2\/posts\/113644","targetHints":{"allow":["GET"]}}],"collection":[{"href":"https:\/\/grandepremio.com\/br\/wp-json\/wp\/v2\/posts"}],"about":[{"href":"https:\/\/grandepremio.com\/br\/wp-json\/wp\/v2\/types\/post"}],"replies":[{"embeddable":true,"href":"https:\/\/grandepremio.com\/br\/wp-json\/wp\/v2\/comments?post=113644"}],"version-history":[{"count":0,"href":"https:\/\/grandepremio.com\/br\/wp-json\/wp\/v2\/posts\/113644\/revisions"}],"wp:featuredmedia":[{"embeddable":true,"href":"https:\/\/grandepremio.com\/br\/wp-json\/wp\/v2\/media\/1000552778"}],"wp:attachment":[{"href":"https:\/\/grandepremio.com\/br\/wp-json\/wp\/v2\/media?parent=113644"}],"wp:term":[{"taxonomy":"category","embeddable":true,"href":"https:\/\/grandepremio.com\/br\/wp-json\/wp\/v2\/categories?post=113644"},{"taxonomy":"post_tag","embeddable":true,"href":"https:\/\/grandepremio.com\/br\/wp-json\/wp\/v2\/tags?post=113644"},{"taxonomy":"42wp_author","embeddable":true,"href":"https:\/\/grandepremio.com\/br\/wp-json\/wp\/v2\/42wp_author?post=113644"}],"curies":[{"name":"wp","href":"https:\/\/api.w.org\/{rel}","templated":true}]}}