{"id":113647,"date":"2022-03-26T19:37:59","date_gmt":"2022-03-26T22:37:59","guid":{"rendered":"https:\/\/grandepremio.com\/br\/noticias\/esteban-ocon-valoriza-trabalho-alpine-jeda-carro-melhorando-muito\/"},"modified":"2022-03-26T19:38:11","modified_gmt":"2022-03-26T22:38:11","slug":"esteban-ocon-valoriza-trabalho-alpine-jeda-carro-melhorando-muito","status":"publish","type":"post","link":"https:\/\/grandepremio.com\/br\/f1\/esteban-ocon-valoriza-trabalho-alpine-jeda-carro-melhorando-muito\/","title":{"rendered":"5\u00ba, Ocon valoriza trabalho da Alpine em Jed\u00e1: &#8220;Carro vem melhorando muito&#8221;"},"content":{"rendered":"\n<figure class=\"wp-block-embed is-type-video is-provider-youtube wp-block-embed-youtube wp-embed-aspect-16-9 wp-has-aspect-ratio\"><div class=\"wp-block-embed__wrapper\">\n<iframe loading=\"lazy\" title=\"F\u00d3RMULA 1 2022: A CLASSIFICA\u00c7\u00c3O DO GP DA AR\u00c1BIA SAUDITA DE F1 | Briefing\" width=\"500\" height=\"281\" src=\"https:\/\/www.youtube.com\/embed\/2LQTwqe0lm0?feature=oembed\" frameborder=\"0\" allow=\"accelerometer; autoplay; clipboard-write; encrypted-media; gyroscope; picture-in-picture; web-share\" referrerpolicy=\"strict-origin-when-cross-origin\" allowfullscreen><\/iframe>\n<\/div><figcaption>F\u00d3RMULA 1 AO VIVO 2022: A CLASSIFICA\u00c7\u00c3O DO GP DA AR\u00c1BIA SAUDITA DE F1 | Briefing<\/figcaption><\/figure>\n\n\n\n<p class=\"wp-block-paragraph\">Esteban Ocon levou o t\u00edtulo de &#8220;melhor do resto&#8221; no treino classificat\u00f3rio para o GP da Ar\u00e1bia Saudita. Com Ferrari e Red Bull \u00e0 frente das demais equipes, o franc\u00eas voou no circuito de Jed\u00e1 para colocar sua Alpine na quinta coloca\u00e7\u00e3o, atr\u00e1s do atual campe\u00e3o Max Verstappen. Sergio P\u00e9rez <a href=\"https:\/\/www.grandepremio.com\/br\/f1\/noticias\/sergio-perez-promove-surpresa-geral-conquista-pole-gp-arabia-saudita-formula-1\/\">surpreendeu e vai largar na pole position pela primeira vez<\/a>, seguido de Charles Leclerc e Carlos Sainz.<\/p>\n\n\n\n<p class=\"wp-block-paragraph\">Ocon tamb\u00e9m venceu uma briga importante contra o companheiro de equipe Fernando Alonso. O bicampe\u00e3o da F\u00f3rmula 1 vai largar na s\u00e9tima posi\u00e7\u00e3o. A sess\u00e3o ficou marcada pelo <a href=\"https:\/\/www.grandepremio.com\/br\/f1\/noticias\/mick-schumacher-bate-forte-classificacao-atendimento-medico-pista\/\">forte acidente de Mick Schumacher<\/a>, que recebeu atendimento m\u00e9dico na pista e passou ileso pela pancada. Esteban se disse aliviado pelo companheiro, e revelou que quase passou por uma situa\u00e7\u00e3o parecida.<\/p>\n\n\n\n<p class=\"wp-block-paragraph\">&#8220;Antes de tudo, o mais importante \u00e9 que o Mick [Schumacher] est\u00e1 bem. Foi uma batida muito forte, e fico feliz de saber que aparentemente est\u00e1 tudo bem com ele. No nosso lado, o carro estava muito bom e foi bom ver que somos r\u00e1pidos nesta pista. \u00c9 um circuito muito r\u00e1pido e t\u00e9cnico, no qual voc\u00ea tem que correr alguns riscos. Eu quase bati no Q3 mas consegui salvar por pouco&#8221;, comentou Ocon em comunicado divulgado pela Alpine. <\/p>\n\n\n\n<p class=\"wp-block-paragraph\"><strong>\u25b6\ufe0f&nbsp;Inscreva-se nos dois canais do GRANDE PR\u00caMIO no YouTube:&nbsp;<a href=\"https:\/\/www.youtube.com\/channel\/UC9OlHEgxoaY6QY6nWPoiqQg?sub_confirmation=1\" target=\"_blank\" rel=\"noreferrer noopener\">GP<\/a>&nbsp;|&nbsp;<a href=\"https:\/\/www.youtube.com\/channel\/UC9csiS6q_C3C0FYhyr1rnFA?sub_confirmation=1\" target=\"_blank\" rel=\"noreferrer noopener\">GP2<\/a><\/strong><\/p>\n\n\n\n<figure class=\"wp-block-image size-large\"><img decoding=\"async\" src=\"https:\/\/www.grandepremio.com\/br\/wp-content\/uploads\/2022\/03\/2022-Saudi-Arabian-Grand-Prix-Saturday-1024x683.jpg\" alt=\"\" class=\"wp-image-553047\"\/><figcaption>Esteban Ocon elogiou o trabalho feito pela Alpine em Jed\u00e1 (Foto: Alpine)<\/figcaption><\/figure>\n\n\n\n<p class=\"wp-block-paragraph\">O franc\u00eas n\u00e3o poupou elogios para sua equipe, explicando que o carro evoluiu bastante durante os treinos livres, o que possibilitou o bom resultado no treino classificat\u00f3rio.<\/p>\n\n\n\n<p class=\"wp-block-paragraph\">&#8220;\u00c9 s\u00f3 a segunda corrida com esse novo carro, e classificar em quinto e s\u00e9timo \u00e9 \u00f3timo, \u00e9 algo que temos que ficar muito felizes hoje. N\u00f3s trabalhamos bem durante todo o final de semana, e estou feliz com o quanto o carro melhorou durante os treinos. Estamos bem colocados para brigar por um resultado s\u00f3lido amanh\u00e3&#8221;, celebrou Ocon.<\/p>\n\n\n\n<p class=\"wp-block-paragraph\">Depois de terminar o GP do Bahrein em s\u00e9timo, Ocon vai em busca de mais pontos importantes para a Alpine. A largada para o GP da Ar\u00e1bia Saudita est\u00e1 marcada para \u00e0s 14h, e o&nbsp;<strong>GRANDE PR\u00caMIO<\/strong>&nbsp;acompanha todas as atividades&nbsp;<a href=\"https:\/\/www.grandepremio.com\/br\/f1\/ao-vivo\"><strong>AO VIVO<\/strong>&nbsp;e&nbsp;<strong>EM&nbsp;<\/strong><\/a><strong><a href=\"https:\/\/www.grandepremio.com\/br\/ao-vivo\/\" target=\"_blank\" rel=\"noreferrer noopener\">TEMPO REAL<\/a><\/strong>.<\/p>\n\n\n\n<figure class=\"wp-block-embed is-type-video is-provider-youtube wp-block-embed-youtube wp-embed-aspect-16-9 wp-has-aspect-ratio\"><div class=\"wp-block-embed__wrapper\">\n<iframe loading=\"lazy\" title=\"HAAS SURPREENDE E MOSTRA QUE N\u00c3O TEM NADA A PERDER NA F\u00d3RMULA 1 2022\" width=\"500\" height=\"281\" src=\"https:\/\/www.youtube.com\/embed\/k-UZ3QdfSw0?feature=oembed\" frameborder=\"0\" allow=\"accelerometer; autoplay; clipboard-write; encrypted-media; gyroscope; picture-in-picture; web-share\" referrerpolicy=\"strict-origin-when-cross-origin\" allowfullscreen><\/iframe>\n<\/div><figcaption>HAAS SURPREENDE E MOSTRA QUE N\u00c3O TEM NADA A PERDER NA F\u00d3RMULA 1 2022<\/figcaption><\/figure>\n","protected":false},"excerpt":{"rendered":"<p>Esteban Ocon conquistou mais um \u00f3timo resultado pela Alpine e vai largar na quinta coloca\u00e7\u00e3o para o GP da Ar\u00e1bia Saudita, atr\u00e1s apenas das Ferraris e Red Bulls<\/p>\n","protected":false},"author":0,"featured_media":1000552944,"comment_status":"closed","ping_status":"closed","sticky":false,"template":"","format":"standard","meta":{"42wp_featured_image_caption":"","42wp_featured_image_credits":"","42wp_featured_video":"","42wp_featured_image_hidden":false,"42wp_authors_list":[],"footnotes":""},"categories":[2],"tags":[20491,302,147,1357,24837,180,26841,26266,31203,12829],"42wp_author":[47144],"class_list":["post-113647","post","type-post","status-publish","format-standard","has-post-thumbnail","hentry","category-f1","tag-alpine","tag-esteban-ocon","tag-f1","tag-f1-2022","tag-formula-1-2","tag-formula-1","tag-formula-1-2022","tag-gp-da-arabia-saudita","tag-gp-da-arabia-saudita-2022","tag-ocon","42wp_author-andre-netto"],"_links":{"self":[{"href":"https:\/\/grandepremio.com\/br\/wp-json\/wp\/v2\/posts\/113647","targetHints":{"allow":["GET"]}}],"collection":[{"href":"https:\/\/grandepremio.com\/br\/wp-json\/wp\/v2\/posts"}],"about":[{"href":"https:\/\/grandepremio.com\/br\/wp-json\/wp\/v2\/types\/post"}],"replies":[{"embeddable":true,"href":"https:\/\/grandepremio.com\/br\/wp-json\/wp\/v2\/comments?post=113647"}],"version-history":[{"count":0,"href":"https:\/\/grandepremio.com\/br\/wp-json\/wp\/v2\/posts\/113647\/revisions"}],"wp:featuredmedia":[{"embeddable":true,"href":"https:\/\/grandepremio.com\/br\/wp-json\/wp\/v2\/media\/1000552944"}],"wp:attachment":[{"href":"https:\/\/grandepremio.com\/br\/wp-json\/wp\/v2\/media?parent=113647"}],"wp:term":[{"taxonomy":"category","embeddable":true,"href":"https:\/\/grandepremio.com\/br\/wp-json\/wp\/v2\/categories?post=113647"},{"taxonomy":"post_tag","embeddable":true,"href":"https:\/\/grandepremio.com\/br\/wp-json\/wp\/v2\/tags?post=113647"},{"taxonomy":"42wp_author","embeddable":true,"href":"https:\/\/grandepremio.com\/br\/wp-json\/wp\/v2\/42wp_author?post=113647"}],"curies":[{"name":"wp","href":"https:\/\/api.w.org\/{rel}","templated":true}]}}