{"id":113654,"date":"2022-03-26T18:24:15","date_gmt":"2022-03-26T21:24:15","guid":{"rendered":"https:\/\/grandepremio.com\/br\/noticias\/fernando-alonso-celebra-boa-classificacao-alpine-setimo-lugar-maximo\/"},"modified":"2022-03-26T18:24:24","modified_gmt":"2022-03-26T21:24:24","slug":"fernando-alonso-celebra-boa-classificacao-alpine-setimo-lugar-maximo","status":"publish","type":"post","link":"https:\/\/grandepremio.com\/br\/f1\/fernando-alonso-celebra-boa-classificacao-alpine-setimo-lugar-maximo\/","title":{"rendered":"Alonso celebra &#8220;muito boa classifica\u00e7\u00e3o&#8221; da Alpine em Jed\u00e1: &#8220;Era o m\u00e1ximo para hoje&#8221;"},"content":{"rendered":"\n<figure class=\"wp-block-embed is-type-video is-provider-youtube wp-block-embed-youtube wp-embed-aspect-16-9 wp-has-aspect-ratio\"><div class=\"wp-block-embed__wrapper\">\n<iframe loading=\"lazy\" title=\"F\u00d3RMULA 1 2022: A CLASSIFICA\u00c7\u00c3O DO GP DA AR\u00c1BIA SAUDITA DE F1 | Briefing\" width=\"500\" height=\"281\" src=\"https:\/\/www.youtube.com\/embed\/2LQTwqe0lm0?feature=oembed\" frameborder=\"0\" allow=\"accelerometer; autoplay; clipboard-write; encrypted-media; gyroscope; picture-in-picture; web-share\" referrerpolicy=\"strict-origin-when-cross-origin\" allowfullscreen><\/iframe>\n<\/div><figcaption>F\u00d3RMULA 1 AO VIVO 2022: A CLASSIFICA\u00c7\u00c3O DO GP DA AR\u00c1BIA SAUDITA DE F1 | Briefing<\/figcaption><\/figure>\n\n\n\n<p class=\"wp-block-paragraph\">Fernando Alonso e a Alpine conquistaram um resultado s\u00f3lido na classifica\u00e7\u00e3o para o GP da Ar\u00e1bia Saudita neste s\u00e1bado (26). O espanhol vai largar na s\u00e9tima posi\u00e7\u00e3o, enquanto seu companheiro de equipe, Esteban Ocon, sai da quinta coloca\u00e7\u00e3o, atr\u00e1s apenas da Red Bull e da Ferrari.<\/p>\n\n\n\n<p class=\"wp-block-paragraph\">&#8220;A classifica\u00e7\u00e3o foi muito boa, estou muito contente. No Q1, me senti bem e o Q2 n\u00e3o foi nada tranquilo depois de uma bandeira vermelha como aquela. S\u00e9timo era o m\u00e1ximo para hoje e, tanto no Bahrein, como aqui, estar entre os sete melhores \u00e9 \u00f3timo para a Alpine&#8221;, disse o bicampe\u00e3o \u00e0 DAZN.<\/p>\n\n\n\n<p class=\"wp-block-paragraph\"><strong>\u25b6\ufe0f&nbsp;Inscreva-se nos dois canais do GRANDE PR\u00caMIO no YouTube:&nbsp;<a href=\"https:\/\/www.youtube.com\/channel\/UC9OlHEgxoaY6QY6nWPoiqQg?sub_confirmation=1\" target=\"_blank\" rel=\"noreferrer noopener\">GP<\/a>&nbsp;|&nbsp;<a href=\"https:\/\/www.youtube.com\/channel\/UC9csiS6q_C3C0FYhyr1rnFA?sub_confirmation=1\" target=\"_blank\" rel=\"noreferrer noopener\">GP2<\/a><\/strong><\/p>\n\n\n\n<figure class=\"wp-block-image size-large\"><img decoding=\"async\" src=\"https:\/\/www.grandepremio.com\/br\/wp-content\/uploads\/2022\/03\/alpine-fernandoalonso-02-4-1024x683.jpg\" alt=\"\" class=\"wp-image-552762\"\/><figcaption>Fernando Alonso v\u00ea Alpine melhor em Jed\u00e1 do que no Bahrein (Foto: Alpine)<\/figcaption><\/figure>\n\n\n\n<p class=\"wp-block-paragraph\">O espanhol melhorou uma posi\u00e7\u00e3o em rela\u00e7\u00e3o a seu posto de largada na semana passada, em Sakhir. Na Ar\u00e1bia Saudita, a equipe francesa foi a \u00fanica outra esquadra al\u00e9m de Red Bull e Ferrari a colocar os dois carros no Q3, e espera conseguir mais uma vez pontuar com os dois pilotos. <\/p>\n\n\n\n<p class=\"wp-block-paragraph\">&#8220;Veremos agora que estrat\u00e9gia utilizar amanh\u00e3, vamos ter de escolher entre o pneu m\u00e9dio e o duro. O bom \u00e9 que creio que estamos em uma posi\u00e7\u00e3o melhor do que h\u00e1 uma semana no Bahrein&#8221;, revelou Fernando.<\/p>\n\n\n\n<p class=\"wp-block-paragraph\">Sergio P\u00e9rez <a href=\"https:\/\/www.grandepremio.com\/br\/f1\/noticias\/sergio-perez-promove-surpresa-geral-conquista-pole-gp-arabia-saudita-formula-1\/\">surpreendeu e vai largar na pole position neste domingo<\/a> (27), seguido das Ferraris de Charles Leclerc e Carlos Sainz. A largada para o GP de Jed\u00e1, na Ar\u00e1bia Saudita, est\u00e1 marcada para \u00e0s 14h. O&nbsp;<strong>GRANDE PR\u00caMIO<\/strong>&nbsp;acompanha todas as atividades do GP da Ar\u00e1bia Saudita&nbsp;<a href=\"https:\/\/www.grandepremio.com\/br\/f1\/ao-vivo\"><strong>AO VIVO<\/strong>&nbsp;e&nbsp;<strong>EM&nbsp;<\/strong><\/a><strong><a href=\"https:\/\/www.grandepremio.com\/br\/ao-vivo\/\" target=\"_blank\" rel=\"noreferrer noopener\">TEMPO REAL<\/a><\/strong>.<\/p>\n\n\n\n<figure class=\"wp-block-embed is-type-video is-provider-youtube wp-block-embed-youtube wp-embed-aspect-16-9 wp-has-aspect-ratio\"><div class=\"wp-block-embed__wrapper\">\n<iframe loading=\"lazy\" title=\"HAAS SURPREENDE E MOSTRA QUE N\u00c3O TEM NADA A PERDER NA F\u00d3RMULA 1 2022\" width=\"500\" height=\"281\" src=\"https:\/\/www.youtube.com\/embed\/k-UZ3QdfSw0?feature=oembed\" frameborder=\"0\" allow=\"accelerometer; autoplay; clipboard-write; encrypted-media; gyroscope; picture-in-picture; web-share\" referrerpolicy=\"strict-origin-when-cross-origin\" allowfullscreen><\/iframe>\n<\/div><figcaption>HAAS SURPREENDE E MOSTRA QUE N\u00c3O TEM NADA A PERDER NA F\u00d3RMULA 1 2022<\/figcaption><\/figure>\n","protected":false},"excerpt":{"rendered":"<p>Fernando Alonso afirmou que a quarta fila era o m\u00e1ximo que conseguiria tirar do carro da Alpine na classifica\u00e7\u00e3o para o GP da Ar\u00e1bia Saudita e v\u00ea melhora da equipe em rela\u00e7\u00e3o ao Bahrein<\/p>\n","protected":false},"author":0,"featured_media":1000552973,"comment_status":"closed","ping_status":"closed","sticky":false,"template":"","format":"standard","meta":{"42wp_featured_image_caption":"","42wp_featured_image_credits":"","42wp_featured_video":"","42wp_featured_image_hidden":false,"42wp_authors_list":[],"footnotes":""},"categories":[2],"tags":[20491,147,1357,176,24837,180,26841,26266,31203],"42wp_author":[47144],"class_list":["post-113654","post","type-post","status-publish","format-standard","has-post-thumbnail","hentry","category-f1","tag-alpine","tag-f1","tag-f1-2022","tag-fernando-alonso","tag-formula-1-2","tag-formula-1","tag-formula-1-2022","tag-gp-da-arabia-saudita","tag-gp-da-arabia-saudita-2022","42wp_author-andre-netto"],"_links":{"self":[{"href":"https:\/\/grandepremio.com\/br\/wp-json\/wp\/v2\/posts\/113654","targetHints":{"allow":["GET"]}}],"collection":[{"href":"https:\/\/grandepremio.com\/br\/wp-json\/wp\/v2\/posts"}],"about":[{"href":"https:\/\/grandepremio.com\/br\/wp-json\/wp\/v2\/types\/post"}],"replies":[{"embeddable":true,"href":"https:\/\/grandepremio.com\/br\/wp-json\/wp\/v2\/comments?post=113654"}],"version-history":[{"count":0,"href":"https:\/\/grandepremio.com\/br\/wp-json\/wp\/v2\/posts\/113654\/revisions"}],"wp:featuredmedia":[{"embeddable":true,"href":"https:\/\/grandepremio.com\/br\/wp-json\/wp\/v2\/media\/1000552973"}],"wp:attachment":[{"href":"https:\/\/grandepremio.com\/br\/wp-json\/wp\/v2\/media?parent=113654"}],"wp:term":[{"taxonomy":"category","embeddable":true,"href":"https:\/\/grandepremio.com\/br\/wp-json\/wp\/v2\/categories?post=113654"},{"taxonomy":"post_tag","embeddable":true,"href":"https:\/\/grandepremio.com\/br\/wp-json\/wp\/v2\/tags?post=113654"},{"taxonomy":"42wp_author","embeddable":true,"href":"https:\/\/grandepremio.com\/br\/wp-json\/wp\/v2\/42wp_author?post=113654"}],"curies":[{"name":"wp","href":"https:\/\/api.w.org\/{rel}","templated":true}]}}