{"id":113690,"date":"2022-03-25T12:57:35","date_gmt":"2022-03-25T15:57:35","guid":{"rendered":"https:\/\/grandepremio.com\/br\/noticias\/explosao-atinge-refinaria-petroleo-perto-pista-treino-f1-jeda\/"},"modified":"2022-03-26T12:29:47","modified_gmt":"2022-03-26T15:29:47","slug":"explosao-atinge-refinaria-petroleo-perto-pista-treino-f1-jeda","status":"publish","type":"post","link":"https:\/\/grandepremio.com\/br\/f1\/explosao-atinge-refinaria-petroleo-perto-pista-treino-f1-jeda\/","title":{"rendered":"Explos\u00e3o atinge refinaria de petr\u00f3leo perto da pista durante treino da F1 em Jed\u00e1"},"content":{"rendered":"\n<figure class=\"wp-block-embed is-type-video is-provider-youtube wp-block-embed-youtube wp-embed-aspect-16-9 wp-has-aspect-ratio\"><div class=\"wp-block-embed__wrapper\">\n<iframe loading=\"lazy\" title=\"ASTON MARTIN SEGUE CALV\u00c1RIO NA F\u00d3RMULA 1 NO IN\u00cdCIO DE 2022\" width=\"500\" height=\"281\" src=\"https:\/\/www.youtube.com\/embed\/AsJ6qTfHImA?feature=oembed\" frameborder=\"0\" allow=\"accelerometer; autoplay; clipboard-write; encrypted-media; gyroscope; picture-in-picture; web-share\" referrerpolicy=\"strict-origin-when-cross-origin\" allowfullscreen><\/iframe>\n<\/div><figcaption>ASTON MARTIN SEGUE CALV\u00c1RIO NA F\u00d3RMULA 1 NO IN\u00cdCIO DE 2022<\/figcaption><\/figure>\n\n\n\n<p class=\"wp-block-paragraph\">A sede da Aramco, uma das maiores \u2014 se n\u00e3o a maior \u2014 companhias petrol\u00edferas do mundo e patrocinadora do Mundial de F\u00f3rmula 1, sofreu com uma explos\u00e3o ainda n\u00e3o explicada nesta sexta-feira (25), na Ar\u00e1bia Saudita, conforme divulgado por ag\u00eancias de not\u00edcias ao redor do mundo. <a href=\"https:\/\/www.grandepremio.com\/br\/f1\/noticias\/charles-leclerc-bate-max-verstappen-fim-lidera-tl1-gp-arabia-saudita-formula-1\/\" target=\"_blank\" rel=\"noreferrer noopener\">Enquanto o TL1 da F\u00f3rmula 1 acontecia normalmente em Jed\u00e1<\/a>, era poss\u00edvel ver uma nuvem de fuma\u00e7a se alastrando pelo c\u00e9u ao fundo.<\/p>\n\n\n\n<p class=\"wp-block-paragraph\">O ataque foi relacionado aos terroristas Houthi, da etnia xiita, que disputam o controle pol\u00edtico do I\u00eamen apoiados por for\u00e7as do Ir\u00e3. Do outro lado, uma coaliz\u00e3o sunita fortalecida por Ar\u00e1bia Saudita \u2014 da\u00ed o motivo do ataque \u2014 e Emirados \u00c1rabes Unidos tenta impedir que os Houthis tomem o controle. A guerra acontece desde meados de 2014. No entanto, as autoridades locais n\u00e3o oficializaram a autoria, que tamb\u00e9m n\u00e3o foi reivindicada pelo grupo.<\/p>\n\n\n\n<figure class=\"wp-block-embed is-type-rich is-provider-twitter wp-block-embed-twitter\"><div class=\"wp-block-embed__wrapper\">\n<blockquote class=\"twitter-tweet\" data-width=\"500\" data-dnt=\"true\"><p lang=\"en\" dir=\"ltr\">BREAKING: Houthi missile hits Aramco oil facility in Jeddah, Saudi Arabia <a href=\"https:\/\/t.co\/0TnMQ7s76Q\">pic.twitter.com\/0TnMQ7s76Q<\/a><\/p>&mdash; BNO News (@BNONews) <a href=\"https:\/\/x.com\/BNONews\/status\/1507375092040409091?ref_src=twsrc%5Etfw\">March 25, 2022<\/a><\/blockquote><script async src=\"https:\/\/platform.x.com\/widgets.js\" charset=\"utf-8\"><\/script>\n<\/div><\/figure>\n\n\n\n<p class=\"wp-block-paragraph\">Assim, uma das refinarias da Aramco em Jed\u00e1 teria sido atacada pelos rebeldes, que deixaram um rastro de destrui\u00e7\u00e3o, fogo e fuma\u00e7a no c\u00e9u \u00e1rabe. O primeiro treino livre da F\u00f3rmula 1, no entanto, transcorreu livremente enquanto cidad\u00e3os relatavam o cheiro de fogo e o forte barulho proveniente do impacto \u2014 que aconteceu a aproximadamente 10 km do circuito.<\/p>\n\n\n\n<p class=\"wp-block-paragraph\">Os mais de sete anos de guerra no I\u00eamen transformaram o pa\u00eds no maior centro de crise humanit\u00e1ria do planeta, de acordo com a Organiza\u00e7\u00e3o das Na\u00e7\u00f5es Unidas (ONU). Mais de 20 milh\u00f5es de pessoas s\u00e3o afetadas pelo conflito, que espalha fome, destrui\u00e7\u00e3o e mis\u00e9ria por todo o pa\u00eds. Em \u00e1reas como Taiz e Marib, cinco milh\u00f5es de pessoas n\u00e3o t\u00eam o que comer, quatro milh\u00f5es n\u00e3o possuem mais moradia e mais de dois ter\u00e7os da popula\u00e7\u00e3o necessita de ajuda humanit\u00e1ria apenas para sobreviver.<\/p>\n\n\n\n<figure class=\"wp-block-image size-large\"><img decoding=\"async\" src=\"https:\/\/www.grandepremio.com\/br\/wp-content\/uploads\/2022\/03\/Jeda-1024x748.jpg\" alt=\"\" class=\"wp-image-552454\"\/><figcaption>Destaque de fuma\u00e7a ao fundo enquanto TL1 da F\u00f3rmula 1 acontecia normalmente em Jed\u00e1 (Foto: Reprodu\u00e7\u00e3o\/Twitter)<\/figcaption><\/figure>\n\n\n\n<p class=\"wp-block-paragraph\">Estimativas d\u00e3o conta de que mais de 370 mil pessoas j\u00e1 morreram no conflito, sendo mais de 130 mil por motivos indiretos \u2014 como fome, falta de infraestrutura b\u00e1sica e sistema de sa\u00fade. Entre os mortos, mais de 10 mil seriam crian\u00e7as. Apenas em fevereiro, foram contabilizados mais de 700 ataques a\u00e9reos relacionados ao conflito. As partes negam, mas ambos os lados s\u00e3o acusados de cometerem crimes de guerra.<\/p>\n\n\n\n<p class=\"wp-block-paragraph\">Radares que registram a atividade a\u00e9rea do globo divulgaram que avi\u00f5es comerciais evitam passar pelo territ\u00f3rio \u00e1rabe, temerosos de que possam ser envolvidos no conflito.<\/p>\n\n\n\n<figure class=\"wp-block-embed is-type-rich is-provider-twitter wp-block-embed-twitter\"><div class=\"wp-block-embed__wrapper\">\n<blockquote class=\"twitter-tweet\" data-width=\"500\" data-dnt=\"true\"><p lang=\"es\" dir=\"ltr\">Los vuelos destino Yeda est\u00e1n dando vueltas o desviando su destino. No se quieren acercar a la ciudad. <a href=\"https:\/\/t.co\/cOPZCvNIBv\">pic.twitter.com\/cOPZCvNIBv<\/a><\/p>&mdash; V\u00edctor Abad (@victorabadf1) <a href=\"https:\/\/x.com\/victorabadf1\/status\/1507378091643056132?ref_src=twsrc%5Etfw\">March 25, 2022<\/a><\/blockquote><script async src=\"https:\/\/platform.x.com\/widgets.js\" charset=\"utf-8\"><\/script>\n<\/div><\/figure>\n\n\n\n<p class=\"wp-block-paragraph\">Apesar de ter determinado o cancelamento do GP da R\u00fassia, devido \u00e0 invas\u00e3o do pa\u00eds europeu na Ucr\u00e2nia, a F\u00f3rmula 1 ainda n\u00e3o se pronunciou sobre a guerra no I\u00eamen e o bombardeio na Ar\u00e1bia Saudita \u2014 al\u00e9m, \u00e9 claro, das diversas acusa\u00e7\u00f5es de crimes humanit\u00e1rios no pa\u00eds do Oriente M\u00e9dio \u2014 e at\u00e9 o momento mant\u00e9m as atividades acontecendo normalmente.<\/p>\n\n\n\n<p class=\"wp-block-paragraph\"><strong>\u25b6\ufe0f&nbsp;Inscreva-se nos dois canais do GRANDE PR\u00caMIO no YouTube:&nbsp;<a href=\"https:\/\/www.youtube.com\/channel\/UC9OlHEgxoaY6QY6nWPoiqQg?sub_confirmation=1\" target=\"_blank\" rel=\"noreferrer noopener\">GP<\/a>&nbsp;|&nbsp;<a href=\"https:\/\/www.youtube.com\/channel\/UC9csiS6q_C3C0FYhyr1rnFA?sub_confirmation=1\" target=\"_blank\" rel=\"noreferrer noopener\">GP2<\/a><\/strong><\/p>\n\n\n\n<figure class=\"wp-block-embed is-type-rich is-provider-twitter wp-block-embed-twitter\"><div class=\"wp-block-embed__wrapper\">\n<blockquote class=\"twitter-tweet\" data-width=\"500\" data-dnt=\"true\"><p lang=\"en\" dir=\"ltr\"><a href=\"https:\/\/x.com\/hashtag\/Jeddah?src=hash&amp;ref_src=twsrc%5Etfw\">#Jeddah<\/a>, Saudi Arabia!! Aramco facility has been hit by Houthi Terrorist!!\ud83d\udea8\ud83d\udd25\ud83d\udca5 <a href=\"https:\/\/t.co\/lsx5jKtOHJ\">pic.twitter.com\/lsx5jKtOHJ<\/a><\/p>&mdash; waheed (@Waheed0819) <a href=\"https:\/\/x.com\/Waheed0819\/status\/1507374645246414850?ref_src=twsrc%5Etfw\">March 25, 2022<\/a><\/blockquote><script async src=\"https:\/\/platform.x.com\/widgets.js\" charset=\"utf-8\"><\/script>\n<\/div><\/figure>\n\n\n\n<figure class=\"wp-block-embed is-type-rich is-provider-twitter wp-block-embed-twitter\"><div class=\"wp-block-embed__wrapper\">\n<blockquote class=\"twitter-tweet\" data-width=\"500\" data-dnt=\"true\"><p lang=\"en\" dir=\"ltr\"><a href=\"https:\/\/x.com\/hashtag\/Breaking?src=hash&amp;ref_src=twsrc%5Etfw\">#Breaking<\/a> | A few minutes ago, the Houthis attacked Jeddah and hit Aramco\u2019s petroleum facilities in Jeddah, west Saudi Arabia, a loud explosion was heard and a fire broke out. <a href=\"https:\/\/t.co\/IW0nivmxVt\">pic.twitter.com\/IW0nivmxVt<\/a><\/p>&mdash; Ori Elmakayes &#8211; \u05d0\u05d5\u05e8\u05d9 \u05d0\u05dc\u05de\u05e7\u05d9\u05d9\u05e1 (@OriElmakayes) <a href=\"https:\/\/x.com\/OriElmakayes\/status\/1507369303020118016?ref_src=twsrc%5Etfw\">March 25, 2022<\/a><\/blockquote><script async src=\"https:\/\/platform.x.com\/widgets.js\" charset=\"utf-8\"><\/script>\n<\/div><\/figure>\n","protected":false},"excerpt":{"rendered":"<p>Enquanto pilotos da F\u00f3rmula 1 realizavam primeiro treino live em Jed\u00e1, na Ar\u00e1bia Saudita, refinaria da Aramco explodiu e deixou um rastro de destrui\u00e7\u00e3o no c\u00e9u<\/p>\n","protected":false},"author":0,"featured_media":1000552469,"comment_status":"closed","ping_status":"closed","sticky":false,"template":"","format":"standard","meta":{"42wp_featured_image_caption":"","42wp_featured_image_credits":"","42wp_featured_video":"","42wp_featured_image_hidden":false,"42wp_authors_list":[],"footnotes":""},"categories":[2],"tags":[147,156,1357,24837,26266,24836,28285,31224,26627],"42wp_author":[47142],"class_list":["post-113690","post","type-post","status-publish","format-standard","has-post-thumbnail","hentry","category-f1","tag-f1","tag-f1-2021","tag-f1-2022","tag-formula-1-2","tag-gp-da-arabia-saudita","tag-grande-premio-2","tag-grandepremio","tag-ira","tag-jeda","42wp_author-jp-nascimento"],"_links":{"self":[{"href":"https:\/\/grandepremio.com\/br\/wp-json\/wp\/v2\/posts\/113690","targetHints":{"allow":["GET"]}}],"collection":[{"href":"https:\/\/grandepremio.com\/br\/wp-json\/wp\/v2\/posts"}],"about":[{"href":"https:\/\/grandepremio.com\/br\/wp-json\/wp\/v2\/types\/post"}],"replies":[{"embeddable":true,"href":"https:\/\/grandepremio.com\/br\/wp-json\/wp\/v2\/comments?post=113690"}],"version-history":[{"count":0,"href":"https:\/\/grandepremio.com\/br\/wp-json\/wp\/v2\/posts\/113690\/revisions"}],"wp:featuredmedia":[{"embeddable":true,"href":"https:\/\/grandepremio.com\/br\/wp-json\/wp\/v2\/media\/1000552469"}],"wp:attachment":[{"href":"https:\/\/grandepremio.com\/br\/wp-json\/wp\/v2\/media?parent=113690"}],"wp:term":[{"taxonomy":"category","embeddable":true,"href":"https:\/\/grandepremio.com\/br\/wp-json\/wp\/v2\/categories?post=113690"},{"taxonomy":"post_tag","embeddable":true,"href":"https:\/\/grandepremio.com\/br\/wp-json\/wp\/v2\/tags?post=113690"},{"taxonomy":"42wp_author","embeddable":true,"href":"https:\/\/grandepremio.com\/br\/wp-json\/wp\/v2\/42wp_author?post=113690"}],"curies":[{"name":"wp","href":"https:\/\/api.w.org\/{rel}","templated":true}]}}