{"id":113691,"date":"2022-03-25T12:35:35","date_gmt":"2022-03-25T15:35:35","guid":{"rendered":"https:\/\/grandepremio.com\/br\/noticias\/max-verstappen-acusa-netflix-lando-norris-drive-to-survive\/"},"modified":"2022-03-25T12:41:34","modified_gmt":"2022-03-25T15:41:34","slug":"max-verstappen-acusa-netflix-lando-norris-drive-to-survive","status":"publish","type":"post","link":"https:\/\/grandepremio.com\/br\/f1\/max-verstappen-acusa-netflix-lando-norris-drive-to-survive\/","title":{"rendered":"Verstappen acusa Netflix de fazer Norris &#8220;parecer um babaca&#8221; em &#8216;Drive to Survive&#8217;"},"content":{"rendered":"\n<figure class=\"wp-block-embed is-type-video is-provider-youtube wp-block-embed-youtube wp-embed-aspect-16-9 wp-has-aspect-ratio\"><div class=\"wp-block-embed__wrapper\">\n<iframe loading=\"lazy\" title=\"O QUE SER\u00c1 DA F\u00d3RMULA 1 2022 NA AR\u00c1BIA E DE MARC M\u00c1RQUEZ NA MOTOGP | WGP\" width=\"500\" height=\"281\" src=\"https:\/\/www.youtube.com\/embed\/Bib8fDO8TLg?feature=oembed\" frameborder=\"0\" allow=\"accelerometer; autoplay; clipboard-write; encrypted-media; gyroscope; picture-in-picture; web-share\" referrerpolicy=\"strict-origin-when-cross-origin\" allowfullscreen><\/iframe>\n<\/div><figcaption>O QUE SER\u00c1 DA F\u00d3RMULA 1 2022 NA AR\u00c1BIA E DE MARC M\u00c1RQUEZ NA MOTOGP | WGP<\/figcaption><\/figure>\n\n\n\n<p class=\"wp-block-paragraph\">A quarta temporada da s\u00e9rie \u2018Drive to Survive\u2019 [&#8216;Dirigir para Viver&#8217;, em tradu\u00e7\u00e3o para o portugu\u00eas], da Netflix, continua recebendo avalia\u00e7\u00f5es negativas dos pilotos. Depois de se recusar a participar do conte\u00fado que resumiu a temporada 2021 da F\u00f3rmula 1, Max Verstappen revelou que assistiu alguns epis\u00f3dios e foi incisivo ao disparar diversas avalia\u00e7\u00f5es contr\u00e1rias \u00e0 montagem da produ\u00e7\u00e3o, com destaque pela forma que foi exibida a rela\u00e7\u00e3o entre os pilotos da McLaren: Lando Norris e Daniel Ricciardo.<\/p>\n\n\n\n<p class=\"wp-block-paragraph\">Questionado em entrevista coletiva antes da sess\u00e3o de treinos livres para o GP da Ar\u00e1bia Saudita, o campe\u00e3o mundial da Red Bull n\u00e3o poupou palavras para criticar o roteiro da s\u00e9rie da Netflix, como o uso das suas antigas declara\u00e7\u00f5es na categoria. \u201cVi alguns epis\u00f3dios da \u00faltima [temporada] e fiquei surpreso, de repente me vi falando nele\u201d, come\u00e7ou.<\/p>\n\n\n\n<p class=\"wp-block-paragraph\">\u201cProvavelmente, s\u00e3o coisas de 2018 ou algo que eles pegaram e usaram novamente que eram sobre lutar e o que eu gosto de fazer. Mas isso n\u00e3o \u00e9, obviamente, correto. Eu pude ouvir que minha voz estava um pouco diferente\u201d, acrescentou.<\/p>\n\n\n\n<p class=\"wp-block-paragraph\"><strong>\u25b6\ufe0f Inscreva-se nos dois canais do GRANDE PR\u00caMIO no YouTube:&nbsp;<a href=\"https:\/\/www.youtube.com\/channel\/UC9OlHEgxoaY6QY6nWPoiqQg?sub_confirmation=1\">GP<\/a>&nbsp;|&nbsp;<a href=\"https:\/\/www.youtube.com\/channel\/UC9csiS6q_C3C0FYhyr1rnFA?sub_confirmation=1\">GP2<\/a><\/strong><br><a href=\"https:\/\/www.grandepremio.com\/br\/programacao-tv\/noticias\/corridas-fim-de-semana-tv-streaming-2\/\" target=\"_blank\" rel=\"noreferrer noopener\"><strong>\u25b6\ufe0f As corridas do fim de semana na TV e no streaming: 25 a 27 de mar\u00e7o<\/strong><\/a><\/p>\n\n\n\n<figure class=\"wp-block-image size-large\"><img decoding=\"async\" src=\"https:\/\/www.grandepremio.com\/br\/wp-content\/uploads\/2022\/03\/redbull-maxverstappen-01-1-1024x683.jpg\" alt=\"\" class=\"wp-image-549683\"\/><figcaption>Max Verstappen n\u00e3o poucou cr\u00edticas ao formato da s\u00e9rie Drive to Survive (Foto: Red Bull Content Pool)<\/figcaption><\/figure>\n\n\n\n<p class=\"wp-block-paragraph\">Verstappen tamb\u00e9m observou durante os epis\u00f3dios que os produtores da s\u00e9rie captaram diversas falas quando estava andando pelos bastidores das corridas. \u201cE tamb\u00e9m percebi que muitas vezes eu estava falando algumas coisas e eles estavam por a\u00ed com esse feixe [microfone boom no paddock] e pegaram um monte de coisa\u201d, disse.<\/p>\n\n\n\n<p class=\"wp-block-paragraph\">O holand\u00eas da Red Bull deixou claro que vai ficar mais atento quando estiver pr\u00f3ximo da equipe da Netflix. \u201cEu vou ter que ser um pouco mais cuidadoso com isso tamb\u00e9m\u201d, ponderou.<\/p>\n\n\n\n<p class=\"wp-block-paragraph\">Por\u00e9m, o que mais chamou aten\u00e7\u00e3o de Verstappen foi a montagem do roteiro sobre a rela\u00e7\u00e3o entre Norris e Ricciardo. \u201cO que eu [menos] n\u00e3o gostei, e nem \u00e9 sobre mim, \u00e9 sobre Lando e Daniel, que eu acho que s\u00e3o dois grandes caras&#8221;, disse.<\/p>\n\n\n\n<p class=\"wp-block-paragraph\">Segundo o campe\u00e3o do mundo, o formato da hist\u00f3ria mostrou uma personalidade do ingl\u00eas da McLaren totalmente desconexa da realidade. \u201cFez parecer que Lando era meio babaca, o que ele n\u00e3o \u00e9. Eu conhe\u00e7o Lando e acho que muitas pessoas que o conhecem o veem como um cara de \u00f3timo car\u00e1ter e engra\u00e7ado\u201d.<\/p>\n\n\n\n<p class=\"wp-block-paragraph\">\u201cE, na verdade, quando voc\u00ea olha para esse epis\u00f3dio, voc\u00ea realmente pensa: quem \u00e9 esse cara, o que diabos est\u00e1 acontecendo?\u201d, questionou.<\/p>\n\n\n\n<figure class=\"wp-block-image size-large\"><img decoding=\"async\" src=\"https:\/\/www.grandepremio.com\/br\/wp-content\/uploads\/2022\/03\/Norris-Testes-Bahrein-2-1024x683.jpg\" alt=\"\" class=\"wp-image-548635\"\/><figcaption>Norris ganhou bastante destaque nos epis\u00f3dios da s\u00e9rie (Foto: AFP)<\/figcaption><\/figure>\n\n\n\n<p class=\"wp-block-paragraph\">Verstappen tamb\u00e9m salientou que esse formato atual do Drive to Survive faz os espectadores da s\u00e9rie que n\u00e3o acompanham o dia a dia da F\u00f3rmula 1 formarem uma opini\u00e3o equivocada dos pilotos. \u201cQuando voc\u00ea \u00e9 novo no esporte e nunca viu um carro de corrida ou a F\u00f3rmula 1 em geral, n\u00e3o vai gostar dele. E por que deveria ser assim?\u201d, declarou.<\/p>\n\n\n\n<p class=\"wp-block-paragraph\">\u201cEle \u00e9 um cara legal e as pessoas imediatamente t\u00eam uma imagem errada de uma pessoa. \u00c9 exatamente isso o que eu acho que aconteceu comigo no come\u00e7o\u201d, concluiu.<\/p>\n\n\n\n<p class=\"wp-block-paragraph\">Depois do traum\u00e1tico abandono nas voltas finais do GP do Bahrein, Verstappen volta ao cockpit do RB 18 para a disputa do GP da Ar\u00e1bia Saudita. A segunda prova da temporada 2022 da F1 acontece neste domingo (27), a partir das 14h. O&nbsp;<strong>GRANDE PR\u00caMIO<\/strong>&nbsp;acompanha tudo&nbsp;<strong><a href=\"https:\/\/www.grandepremio.com\/br\/f1\/ao-vivo\"><strong>AO VIVO<\/strong>&nbsp;e<strong>&nbsp;EM&nbsp;<\/strong><\/a><strong><a href=\"https:\/\/www.grandepremio.com\/br\/ao-vivo\/\" target=\"_blank\" rel=\"noreferrer noopener\">TEMPO REAL<\/a><\/strong><\/strong>.<\/p>\n\n\n\n<p class=\"wp-block-paragraph\"><strong>LEIA TAMB\u00c9M<\/strong><br><strong><a href=\"https:\/\/www.grandepremio.com\/br\/f1\/noticias\/f1-aproxima-acordo-receber-gp-las-vegas-2023\/\" target=\"_blank\" rel=\"noreferrer noopener\">+F1 se aproxima de acordo para receber GP de Las Vegas a partir de 2023<\/a><\/strong><br><strong><a href=\"https:\/\/www.grandepremio.com\/br\/f1\/noticias\/sebastian-vettel-segue-fora-covid-19-nico-hulkenberg-corre-aston-martin-arabia\/\" target=\"_blank\" rel=\"noreferrer noopener\">+Vettel segue fora ap\u00f3s Covid-19 e H\u00fclkenberg corre pela Aston Martin na Ar\u00e1bia<\/a><\/strong><\/p>\n\n\n\n<figure class=\"wp-block-embed is-type-video is-provider-youtube wp-block-embed-youtube wp-embed-aspect-16-9 wp-has-aspect-ratio\"><div class=\"wp-block-embed__wrapper\">\n<iframe loading=\"lazy\" title=\"ASTON MARTIN SEGUE CALV\u00c1RIO NA F\u00d3RMULA 1 NO IN\u00cdCIO DE 2022\" width=\"500\" height=\"281\" src=\"https:\/\/www.youtube.com\/embed\/AsJ6qTfHImA?feature=oembed\" frameborder=\"0\" allow=\"accelerometer; autoplay; clipboard-write; encrypted-media; gyroscope; picture-in-picture; web-share\" referrerpolicy=\"strict-origin-when-cross-origin\" allowfullscreen><\/iframe>\n<\/div><figcaption>ASTON MARTIN SEGUE CALV\u00c1RIO NA F\u00d3RMULA 1 NO IN\u00cdCIO DE 2022<\/figcaption><\/figure>\n","protected":false},"excerpt":{"rendered":"<p>Ao assistir alguns epis\u00f3dios do Drive to Survive, Verstappen n\u00e3o poupou avalia\u00e7\u00f5es negativas sobre o formato da produ\u00e7\u00e3o da Netflix<\/p>\n","protected":false},"author":0,"featured_media":1000550441,"comment_status":"closed","ping_status":"closed","sticky":false,"template":"","format":"standard","meta":{"42wp_featured_image_caption":"","42wp_featured_image_credits":"","42wp_featured_video":"","42wp_featured_image_hidden":false,"42wp_authors_list":[],"footnotes":""},"categories":[2],"tags":[24837,26841,28285,547,203,90,204,30400],"42wp_author":[47145],"class_list":["post-113691","post","type-post","status-publish","format-standard","has-post-thumbnail","hentry","category-f1","tag-formula-1-2","tag-formula-1-2022","tag-grandepremio","tag-lando-norris","tag-max-verstappen","tag-mclaren","tag-red-bull","tag-temporada-formula-1-2022","42wp_author-alessandro-pinheiro"],"_links":{"self":[{"href":"https:\/\/grandepremio.com\/br\/wp-json\/wp\/v2\/posts\/113691","targetHints":{"allow":["GET"]}}],"collection":[{"href":"https:\/\/grandepremio.com\/br\/wp-json\/wp\/v2\/posts"}],"about":[{"href":"https:\/\/grandepremio.com\/br\/wp-json\/wp\/v2\/types\/post"}],"replies":[{"embeddable":true,"href":"https:\/\/grandepremio.com\/br\/wp-json\/wp\/v2\/comments?post=113691"}],"version-history":[{"count":0,"href":"https:\/\/grandepremio.com\/br\/wp-json\/wp\/v2\/posts\/113691\/revisions"}],"wp:featuredmedia":[{"embeddable":true,"href":"https:\/\/grandepremio.com\/br\/wp-json\/wp\/v2\/media\/1000550441"}],"wp:attachment":[{"href":"https:\/\/grandepremio.com\/br\/wp-json\/wp\/v2\/media?parent=113691"}],"wp:term":[{"taxonomy":"category","embeddable":true,"href":"https:\/\/grandepremio.com\/br\/wp-json\/wp\/v2\/categories?post=113691"},{"taxonomy":"post_tag","embeddable":true,"href":"https:\/\/grandepremio.com\/br\/wp-json\/wp\/v2\/tags?post=113691"},{"taxonomy":"42wp_author","embeddable":true,"href":"https:\/\/grandepremio.com\/br\/wp-json\/wp\/v2\/42wp_author?post=113691"}],"curies":[{"name":"wp","href":"https:\/\/api.w.org\/{rel}","templated":true}]}}